{"id":472,"date":"2013-02-04T22:52:25","date_gmt":"2013-02-04T21:52:25","guid":{"rendered":"http:\/\/essentia-paris.com\/blog\/?p=472"},"modified":"2026-02-13T16:55:08","modified_gmt":"2026-02-13T15:55:08","slug":"le-designer-hollandais-friso-kramer-a-la-galerie-catherine-houard-a-paris","status":"publish","type":"post","link":"https:\/\/essentia-mobilia.com\/blog\/le-designer-hollandais-friso-kramer-a-la-galerie-catherine-houard-a-paris\/","title":{"rendered":"Le designer hollandais Friso Kramer \u00e0 la galerie Catherine Houard \u00e0 Paris"},"content":{"rendered":"\n<h1 class=\"wp-block-heading\">Le designer hollandais Friso Kramer \u00e0 la galerie Catherine Houard \u00e0 Paris<\/h1>\n\n\n\n<h3 class=\"wp-block-heading\">Friso Kramer et la Revolt Chair<\/h3>\n\n\n\n<p>L&rsquo;exposition \u00ab\u00a0<strong>Friso Kramer REVOLT<\/strong>\u00a0\u00bb se tient jusqu&rsquo;au 2 mars 2013 \u00e0 la &nbsp;galerie&nbsp;<strong>Catherine Houard<\/strong>&nbsp;\u00e0 Paris. Plusieurs pi\u00e8ces de mobilier d&rsquo;apr\u00e8s guerre sont pr\u00e9sent\u00e9es et en particulier l&rsquo;iconique \u00ab\u00a0<strong>Revolt Chair<\/strong>\u00a0\u00bb \u00e9dit\u00e9e d\u00e8s 1953, un des musts de la carri\u00e8re de Friso Kramer.<\/p>\n\n\n\n<figure class=\"wp-block-image\"><img decoding=\"async\" src=\"\/blog\/wp-content\/uploads\/2013\/02\/Friso-Kramer-Revolt-Chair-Galerie-Catherine-Houard-Stedelijk-Museum.jpg\" alt=\"Friso Kramer - Revolt Chair - Galerie Catherine Houard\" class=\"wp-image-1861\" title=\"Friso Kramer - Revolt Chair - Galerie Catherine Houard - Stedelijk Museum\"\/><\/figure>\n\n\n\n<h3 class=\"wp-block-heading\">Les oeuvres de Friso Kramer<\/h3>\n\n\n\n<p>Fils de l&rsquo;architecte Pieter Kramer, le&nbsp;<strong>n\u00e9erlandais Friso Kramer<\/strong>&nbsp;a commenc\u00e9 sa carri\u00e8re comme designer industriel chez le fabricant de&nbsp;meubles en m\u00e9tal&nbsp;De Cirkel. Passionn\u00e9 par le travail sur l&rsquo;acier et influenc\u00e9 par les travaux de&nbsp;<a href=\"\/blog\/des-pieces-de-mobilier-jean-prouve-vendu-aux-encheres\/\">Jean Prouv\u00e9<\/a>, il imagine une&nbsp;chaise \u00e9pur\u00e9e, r\u00e9duite \u00e0 l&rsquo;essentielle&nbsp;et que l&rsquo;on pourrait oublier lorsqu&rsquo;on est assis dessus. Elle rencontre un grand succ\u00e8s au&nbsp;Salon de Milan&nbsp;de 1954.&nbsp;<strong>La chaise Revolt<\/strong>&nbsp;pr\u00e9sente \u00e0 la fois un dossier arrondi et souple et des pieds en m\u00e9tal laqu\u00e9. Elle a \u00e9quip\u00e9 des int\u00e9rieurs priv\u00e9s et des lieux publics. Elle a \u00e9t\u00e9 r\u00e9\u00e9dit\u00e9e en 2012. Le grand ma\u00eetre du design n\u00e9erlandais a \u00e9galement con\u00e7u&nbsp;<strong>d&rsquo;autres meubles design<\/strong>&nbsp;comme des si\u00e8ges pour Wikahn et du mobilier de bureau pour Ahrend\/Oda.<\/p>\n\n\n\n<p><strong>Liens et cr\u00e9dits :<\/strong>&nbsp;Catherine Houard<\/p>\n\n\n\n<p><strong>Vous aimerez peut-\u00eatre aussi :<\/strong>&nbsp;des tables basses en verre et m\u00e9tal&nbsp;r\u00e9alis\u00e9es sur mesure sur Essentia MOBILIA.<\/p>\n","protected":false},"excerpt":{"rendered":"<p>Le designer hollandais Friso Kramer \u00e0 la galerie Catherine Houard \u00e0 Paris Friso Kramer et la Revolt Chair L&rsquo;exposition \u00ab\u00a0Friso Kramer REVOLT\u00a0\u00bb se tient jusqu&rsquo;au 2 mars 2013 \u00e0 la &nbsp;galerie&nbsp;Catherine Houard&nbsp;\u00e0 Paris. Plusieurs pi\u00e8ces de mobilier d&rsquo;apr\u00e8s guerre sont pr\u00e9sent\u00e9es et en particulier l&rsquo;iconique \u00ab\u00a0Revolt Chair\u00a0\u00bb \u00e9dit\u00e9e d\u00e8s 1953, un des musts de la [&hellip;]<\/p>\n","protected":false},"author":1,"featured_media":734,"comment_status":"open","ping_status":"open","sticky":false,"template":"","format":"standard","meta":{"footnotes":""},"categories":[32],"tags":[],"yoast_head":"<!-- This site is optimized with the Yoast SEO plugin v15.0 - https:\/\/yoast.com\/wordpress\/plugins\/seo\/ -->\n<title>Le designer hollandais Friso Kramer \u00e0 la galerie Catherine Houard \u00e0 Paris<\/title>\n<meta name=\"description\" content=\"L&#039;exposition &quot;Friso Kramer REVOLT&quot; pr\u00e9sente plusieurs pi\u00e8ces de mobilier en particulier l&#039;iconique &quot;Revolt Chair&quot;.\" \/>\n<meta name=\"robots\" content=\"index, follow, max-snippet:-1, max-image-preview:large, max-video-preview:-1\" \/>\n<link rel=\"canonical\" href=\"https:\/\/essentia-mobilia.com\/blog\/le-designer-hollandais-friso-kramer-a-la-galerie-catherine-houard-a-paris\/\" \/>\n<meta property=\"og:locale\" content=\"fr_FR\" \/>\n<meta property=\"og:type\" content=\"article\" \/>\n<meta property=\"og:title\" content=\"Le designer hollandais Friso Kramer \u00e0 la galerie Catherine Houard \u00e0 Paris\" \/>\n<meta property=\"og:description\" content=\"L&#039;exposition &quot;Friso Kramer REVOLT&quot; pr\u00e9sente plusieurs pi\u00e8ces de mobilier en particulier l&#039;iconique &quot;Revolt Chair&quot;.\" \/>\n<meta property=\"og:url\" content=\"https:\/\/essentia-mobilia.com\/blog\/le-designer-hollandais-friso-kramer-a-la-galerie-catherine-houard-a-paris\/\" \/>\n<meta property=\"og:site_name\" content=\"Blog d\u00e9coration et design de Essentia MOBILIA\" \/>\n<meta property=\"article:publisher\" content=\"https:\/\/www.facebook.com\/EssentiaMobilia\" \/>\n<meta property=\"article:published_time\" content=\"2013-02-04T21:52:25+00:00\" \/>\n<meta property=\"article:modified_time\" content=\"2026-02-13T15:55:08+00:00\" \/>\n<meta property=\"og:image\" content=\"https:\/\/essentia-mobilia.com\/blog\/wp-content\/uploads\/2013\/02\/12-Friso-Kramer-Revolt-Chair-Galerie-Catherine-Houard-Stedelijk-Museum.jpg\" \/>\n\t<meta property=\"og:image:width\" content=\"596\" \/>\n\t<meta property=\"og:image:height\" content=\"327\" \/>\n<meta name=\"twitter:card\" content=\"summary_large_image\" \/>\n<script type=\"application\/ld+json\" class=\"yoast-schema-graph\">{\"@context\":\"https:\/\/schema.org\",\"@graph\":[{\"@type\":\"Organization\",\"@id\":\"https:\/\/essentia-mobilia.com\/blog\/#organization\",\"name\":\"Essentia MOBILIA\",\"url\":\"https:\/\/essentia-mobilia.com\/blog\/\",\"sameAs\":[\"https:\/\/www.facebook.com\/EssentiaMobilia\",\"https:\/\/www.instagram.com\/essentiamobilia\/\",\"https:\/\/fr.pinterest.com\/essentia_mobilia\/\"],\"logo\":{\"@type\":\"ImageObject\",\"@id\":\"https:\/\/essentia-mobilia.com\/blog\/#logo\",\"inLanguage\":\"fr-FR\",\"url\":\"https:\/\/essentia-mobilia.com\/blog\/wp-content\/uploads\/2023\/12\/cropped-essentia-mobilia-logo.jpg\",\"width\":171,\"height\":73,\"caption\":\"Essentia MOBILIA\"},\"image\":{\"@id\":\"https:\/\/essentia-mobilia.com\/blog\/#logo\"}},{\"@type\":\"WebSite\",\"@id\":\"https:\/\/essentia-mobilia.com\/blog\/#website\",\"url\":\"https:\/\/essentia-mobilia.com\/blog\/\",\"name\":\"Blog d\\u00e9coration et design de Essentia MOBILIA\",\"description\":\"\",\"publisher\":{\"@id\":\"https:\/\/essentia-mobilia.com\/blog\/#organization\"},\"potentialAction\":[{\"@type\":\"SearchAction\",\"target\":\"https:\/\/essentia-mobilia.com\/blog\/?s={search_term_string}\",\"query-input\":\"required name=search_term_string\"}],\"inLanguage\":\"fr-FR\"},{\"@type\":\"ImageObject\",\"@id\":\"https:\/\/essentia-mobilia.com\/blog\/le-designer-hollandais-friso-kramer-a-la-galerie-catherine-houard-a-paris\/#primaryimage\",\"inLanguage\":\"fr-FR\",\"url\":\"https:\/\/essentia-mobilia.com\/blog\/wp-content\/uploads\/2013\/02\/12-Friso-Kramer-Revolt-Chair-Galerie-Catherine-Houard-Stedelijk-Museum.jpg\",\"width\":596,\"height\":327},{\"@type\":\"WebPage\",\"@id\":\"https:\/\/essentia-mobilia.com\/blog\/le-designer-hollandais-friso-kramer-a-la-galerie-catherine-houard-a-paris\/#webpage\",\"url\":\"https:\/\/essentia-mobilia.com\/blog\/le-designer-hollandais-friso-kramer-a-la-galerie-catherine-houard-a-paris\/\",\"name\":\"Le designer hollandais Friso Kramer \\u00e0 la galerie Catherine Houard \\u00e0 Paris\",\"isPartOf\":{\"@id\":\"https:\/\/essentia-mobilia.com\/blog\/#website\"},\"primaryImageOfPage\":{\"@id\":\"https:\/\/essentia-mobilia.com\/blog\/le-designer-hollandais-friso-kramer-a-la-galerie-catherine-houard-a-paris\/#primaryimage\"},\"datePublished\":\"2013-02-04T21:52:25+00:00\",\"dateModified\":\"2026-02-13T15:55:08+00:00\",\"description\":\"L'exposition \\\"Friso Kramer REVOLT\\\" pr\\u00e9sente plusieurs pi\\u00e8ces de mobilier en particulier l'iconique \\\"Revolt Chair\\\".\",\"breadcrumb\":{\"@id\":\"https:\/\/essentia-mobilia.com\/blog\/le-designer-hollandais-friso-kramer-a-la-galerie-catherine-houard-a-paris\/#breadcrumb\"},\"inLanguage\":\"fr-FR\",\"potentialAction\":[{\"@type\":\"ReadAction\",\"target\":[\"https:\/\/essentia-mobilia.com\/blog\/le-designer-hollandais-friso-kramer-a-la-galerie-catherine-houard-a-paris\/\"]}]},{\"@type\":\"BreadcrumbList\",\"@id\":\"https:\/\/essentia-mobilia.com\/blog\/le-designer-hollandais-friso-kramer-a-la-galerie-catherine-houard-a-paris\/#breadcrumb\",\"itemListElement\":[{\"@type\":\"ListItem\",\"position\":1,\"item\":{\"@type\":\"WebPage\",\"@id\":\"https:\/\/essentia-mobilia.com\/blog\/\",\"url\":\"https:\/\/essentia-mobilia.com\/blog\/\",\"name\":\"Accueil\"}},{\"@type\":\"ListItem\",\"position\":2,\"item\":{\"@type\":\"WebPage\",\"@id\":\"https:\/\/essentia-mobilia.com\/blog\/le-designer-hollandais-friso-kramer-a-la-galerie-catherine-houard-a-paris\/\",\"url\":\"https:\/\/essentia-mobilia.com\/blog\/le-designer-hollandais-friso-kramer-a-la-galerie-catherine-houard-a-paris\/\",\"name\":\"Le designer hollandais Friso Kramer \\u00e0 la galerie Catherine Houard \\u00e0 Paris\"}}]},{\"@type\":\"Article\",\"@id\":\"https:\/\/essentia-mobilia.com\/blog\/le-designer-hollandais-friso-kramer-a-la-galerie-catherine-houard-a-paris\/#article\",\"isPartOf\":{\"@id\":\"https:\/\/essentia-mobilia.com\/blog\/le-designer-hollandais-friso-kramer-a-la-galerie-catherine-houard-a-paris\/#webpage\"},\"author\":{\"@id\":\"https:\/\/essentia-mobilia.com\/blog\/#\/schema\/person\/f06deeaf73a4baf06738372a688cf68a\"},\"headline\":\"Le designer hollandais Friso Kramer \\u00e0 la galerie Catherine Houard \\u00e0 Paris\",\"datePublished\":\"2013-02-04T21:52:25+00:00\",\"dateModified\":\"2026-02-13T15:55:08+00:00\",\"mainEntityOfPage\":{\"@id\":\"https:\/\/essentia-mobilia.com\/blog\/le-designer-hollandais-friso-kramer-a-la-galerie-catherine-houard-a-paris\/#webpage\"},\"commentCount\":0,\"publisher\":{\"@id\":\"https:\/\/essentia-mobilia.com\/blog\/#organization\"},\"image\":{\"@id\":\"https:\/\/essentia-mobilia.com\/blog\/le-designer-hollandais-friso-kramer-a-la-galerie-catherine-houard-a-paris\/#primaryimage\"},\"articleSection\":\"Mobilier design\",\"inLanguage\":\"fr-FR\",\"potentialAction\":[{\"@type\":\"CommentAction\",\"name\":\"Comment\",\"target\":[\"https:\/\/essentia-mobilia.com\/blog\/le-designer-hollandais-friso-kramer-a-la-galerie-catherine-houard-a-paris\/#respond\"]}]},{\"@type\":\"Person\",\"@id\":\"https:\/\/essentia-mobilia.com\/blog\/#\/schema\/person\/f06deeaf73a4baf06738372a688cf68a\",\"name\":\"myessentiamobilia\",\"image\":{\"@type\":\"ImageObject\",\"@id\":\"https:\/\/essentia-mobilia.com\/blog\/#personlogo\",\"inLanguage\":\"fr-FR\",\"url\":\"https:\/\/secure.gravatar.com\/avatar\/bec63f027f1251faa237003116590784?s=96&d=mm&r=g\",\"caption\":\"myessentiamobilia\"},\"description\":\"A travers ce blog, je partage mes conseils de design et d\\u00e9coration int\\u00e9rieure.\"}]}<\/script>\n<!-- \/ Yoast SEO plugin. -->","_links":{"self":[{"href":"https:\/\/essentia-mobilia.com\/blog\/wp-json\/wp\/v2\/posts\/472"}],"collection":[{"href":"https:\/\/essentia-mobilia.com\/blog\/wp-json\/wp\/v2\/posts"}],"about":[{"href":"https:\/\/essentia-mobilia.com\/blog\/wp-json\/wp\/v2\/types\/post"}],"author":[{"embeddable":true,"href":"https:\/\/essentia-mobilia.com\/blog\/wp-json\/wp\/v2\/users\/1"}],"replies":[{"embeddable":true,"href":"https:\/\/essentia-mobilia.com\/blog\/wp-json\/wp\/v2\/comments?post=472"}],"version-history":[{"count":7,"href":"https:\/\/essentia-mobilia.com\/blog\/wp-json\/wp\/v2\/posts\/472\/revisions"}],"predecessor-version":[{"id":3491,"href":"https:\/\/essentia-mobilia.com\/blog\/wp-json\/wp\/v2\/posts\/472\/revisions\/3491"}],"wp:featuredmedia":[{"embeddable":true,"href":"https:\/\/essentia-mobilia.com\/blog\/wp-json\/wp\/v2\/media\/734"}],"wp:attachment":[{"href":"https:\/\/essentia-mobilia.com\/blog\/wp-json\/wp\/v2\/media?parent=472"}],"wp:term":[{"taxonomy":"category","embeddable":true,"href":"https:\/\/essentia-mobilia.com\/blog\/wp-json\/wp\/v2\/categories?post=472"},{"taxonomy":"post_tag","embeddable":true,"href":"https:\/\/essentia-mobilia.com\/blog\/wp-json\/wp\/v2\/tags?post=472"}],"curies":[{"name":"wp","href":"https:\/\/api.w.org\/{rel}","templated":true}]}}