{"id":466,"date":"2013-02-25T22:52:22","date_gmt":"2013-02-25T21:52:22","guid":{"rendered":"http:\/\/essentia-paris.com\/blog\/?p=466"},"modified":"2026-02-13T16:52:36","modified_gmt":"2026-02-13T15:52:36","slug":"pad-paris-2013-pavillon-des-arts-et-du-design-a-paris","status":"publish","type":"post","link":"https:\/\/essentia-mobilia.com\/blog\/pad-paris-2013-pavillon-des-arts-et-du-design-a-paris\/","title":{"rendered":"PAD Paris 2013 &#8211; Pavillon des Arts et du Design \u00e0 Paris"},"content":{"rendered":"\n<h1 class=\"wp-block-heading\">PAD Paris 2013 &#8211; Pavillon des Arts et du Design \u00e0 Paris<strong><a href=\"\/blog\/wp-content\/uploads\/2013\/02\/Flylight-Installation-monumentale-du-Studio-Drift-Ralph-Nauta-et-Lonneke-Gordijn-PAD-Paris-2013.jpg\"><\/a><\/strong><\/h1>\n\n\n\n<p><strong>Bonne nouvelle ! \u00a0La 17\u00e8me \u00e9dition du PAD Paris<\/strong>\u00a0(Pavillon des Arts et du Design \u00e0 Paris) est de retour \u00e0 Paris. La manifestation se tient du 27 mars au 1er avril 2013 au jardin des Tuileries, pr\u00e8s du Jeu de Paume. Elle r\u00e9unit \u00e0 la fois les\u00a0<strong>amateurs de design<\/strong>\u00a0et les\u00a0<strong>collectionneurs d&rsquo;art et de design contemporain\u00a0<\/strong>venus du monde entier.\u00a0Elle\u00a0accueille une s\u00e9lection pointue de galeries fran\u00e7aises et internationales\u00a0<strong>sp\u00e9cialis\u00e9es dans les arts d\u00e9coratifs du 20\u00e8me si\u00e8cle\u00a0<\/strong>notamment la\u00a0<a href=\"\/blog\/les-pygmalion-a-la-galerie-gosserez-a-paris\/\">Galerie Gosserez<\/a>, la\u00a0<a href=\"\/blog\/le-mobilier-baroque-de-mattia-bonetti-a-la-galerie-italienne\/\">Galerie Italienne<\/a>, la\u00a0<a href=\"\/blog\/la-creation-de-mobilier-par-oscar-niemeyer\/\">Galerie Downtown<\/a>, la\u00a0<a href=\"\/blog\/des-meubles-dart-qui-sinspirent-de-la-nature-naturoscopie-a-la-galerie-bsl\/\">Galerie BSL<\/a>, S\u00e8vres la Cit\u00e9 de la C\u00e9ramique, Carpenters Workshop Gallery, Diane de Polignac<strong>.<\/strong><\/p>\n\n\n\n<p>Une large place est accord\u00e9e&nbsp;<strong>au mobilier, au design, aux bijoux<\/strong>. Cette ann\u00e9e le PAD Paris fait \u00e9galement un focus sur les&nbsp;<strong>Arts Premiers et Orientaux<\/strong>. A l&rsquo;occasion de cette \u00e9dition, une installation monumentale est r\u00e9alis\u00e9e par le Studio Drift (image ci-dessus).<\/p>\n\n\n\n<p>Le PAD Paris permet d&rsquo;appr\u00e9cier du mobilier design de qualit\u00e9, des pi\u00e8ces iconiques, pr\u00e9sent\u00e9es par des galeries exigeantes.<\/p>\n\n\n\n<figure class=\"wp-block-table\"><table><tbody><tr><td><a href=\"\/blog\/wp-content\/uploads\/2013\/02\/Chaise-de-bureau-de-Hans-Wegner-pour-Johannes-Hansen-Galerie-Modernity-PAD-Paris.jpg\"><\/a>Chaise de bureau de Hans Wegner pour Johannes Hansen &#8211; Galerie Modernity<\/td><\/tr><tr><td><a href=\"\/blog\/wp-content\/uploads\/2013\/02\/Charles-Kalpakian-Cabinet-mural-Cin%C3%A9tisme-I-Galerie-BSL-PAD-Paris.jpg\"><\/a>Charles Kalpakian &#8211; Cabinet mural Cin\u00e9tisme &#8211; Galerie BSL<\/td><\/tr><tr><td><a href=\"\/blog\/wp-content\/uploads\/2013\/02\/Ingo-Maurer-Lampe-Uchiwa-I-Galerie-Downtown-PAD-Paris.jpg\"><\/a>Ingo Maurer &#8211; Lampe Uchiwa I &#8211; Galerie Downtown<\/td><\/tr><tr><td><a href=\"\/blog\/wp-content\/uploads\/2013\/02\/M%C3%A9ridienne-Chahan-Minassian-Chahan-Gallery.jpg\"><\/a>M\u00e9ridienne de Chahan Minassian &#8211; Chahan Gallery<\/td><\/tr><\/tbody><\/table><\/figure>\n\n\n\n<p><strong>Cr\u00e9dits photos et informations :<\/strong> PAD Paris<\/p>\n","protected":false},"excerpt":{"rendered":"<p>PAD Paris 2013 &#8211; Pavillon des Arts et du Design \u00e0 Paris Bonne nouvelle ! \u00a0La 17\u00e8me \u00e9dition du PAD Paris\u00a0(Pavillon des Arts et du Design \u00e0 Paris) est de retour \u00e0 Paris. La manifestation se tient du 27 mars au 1er avril 2013 au jardin des Tuileries, pr\u00e8s du Jeu de Paume. Elle r\u00e9unit [&hellip;]<\/p>\n","protected":false},"author":1,"featured_media":0,"comment_status":"open","ping_status":"open","sticky":false,"template":"","format":"standard","meta":{"footnotes":""},"categories":[32],"tags":[],"yoast_head":"<!-- This site is optimized with the Yoast SEO plugin v15.0 - https:\/\/yoast.com\/wordpress\/plugins\/seo\/ -->\n<title>PAD Paris 2013 - Pavillon des Arts et du Design \u00e0 Paris<\/title>\n<meta name=\"description\" content=\"La 17\u00e8me \u00e9dition du PAD Paris\u00a0r\u00e9unit \u00e0 la fois les\u00a0amateurs de design\u00a0et les\u00a0collectionneurs d&#039;art et de design contemporain.\" \/>\n<meta name=\"robots\" content=\"index, follow, max-snippet:-1, max-image-preview:large, max-video-preview:-1\" \/>\n<link rel=\"canonical\" href=\"https:\/\/essentia-mobilia.com\/blog\/pad-paris-2013-pavillon-des-arts-et-du-design-a-paris\/\" \/>\n<meta property=\"og:locale\" content=\"fr_FR\" \/>\n<meta property=\"og:type\" content=\"article\" \/>\n<meta property=\"og:title\" content=\"PAD Paris 2013 - Pavillon des Arts et du Design \u00e0 Paris\" \/>\n<meta property=\"og:description\" content=\"La 17\u00e8me \u00e9dition du PAD Paris\u00a0r\u00e9unit \u00e0 la fois les\u00a0amateurs de design\u00a0et les\u00a0collectionneurs d&#039;art et de design contemporain.\" \/>\n<meta property=\"og:url\" content=\"https:\/\/essentia-mobilia.com\/blog\/pad-paris-2013-pavillon-des-arts-et-du-design-a-paris\/\" \/>\n<meta property=\"og:site_name\" content=\"Blog d\u00e9coration et design de Essentia MOBILIA\" \/>\n<meta property=\"article:publisher\" content=\"https:\/\/www.facebook.com\/EssentiaMobilia\" \/>\n<meta property=\"article:published_time\" content=\"2013-02-25T21:52:22+00:00\" \/>\n<meta property=\"article:modified_time\" content=\"2026-02-13T15:52:36+00:00\" \/>\n<meta name=\"twitter:card\" content=\"summary_large_image\" \/>\n<script type=\"application\/ld+json\" class=\"yoast-schema-graph\">{\"@context\":\"https:\/\/schema.org\",\"@graph\":[{\"@type\":\"Organization\",\"@id\":\"https:\/\/essentia-mobilia.com\/blog\/#organization\",\"name\":\"Essentia MOBILIA\",\"url\":\"https:\/\/essentia-mobilia.com\/blog\/\",\"sameAs\":[\"https:\/\/www.facebook.com\/EssentiaMobilia\",\"https:\/\/www.instagram.com\/essentiamobilia\/\",\"https:\/\/fr.pinterest.com\/essentia_mobilia\/\"],\"logo\":{\"@type\":\"ImageObject\",\"@id\":\"https:\/\/essentia-mobilia.com\/blog\/#logo\",\"inLanguage\":\"fr-FR\",\"url\":\"https:\/\/essentia-mobilia.com\/blog\/wp-content\/uploads\/2023\/12\/cropped-essentia-mobilia-logo.jpg\",\"width\":171,\"height\":73,\"caption\":\"Essentia MOBILIA\"},\"image\":{\"@id\":\"https:\/\/essentia-mobilia.com\/blog\/#logo\"}},{\"@type\":\"WebSite\",\"@id\":\"https:\/\/essentia-mobilia.com\/blog\/#website\",\"url\":\"https:\/\/essentia-mobilia.com\/blog\/\",\"name\":\"Blog d\\u00e9coration et design de Essentia MOBILIA\",\"description\":\"\",\"publisher\":{\"@id\":\"https:\/\/essentia-mobilia.com\/blog\/#organization\"},\"potentialAction\":[{\"@type\":\"SearchAction\",\"target\":\"https:\/\/essentia-mobilia.com\/blog\/?s={search_term_string}\",\"query-input\":\"required name=search_term_string\"}],\"inLanguage\":\"fr-FR\"},{\"@type\":\"WebPage\",\"@id\":\"https:\/\/essentia-mobilia.com\/blog\/pad-paris-2013-pavillon-des-arts-et-du-design-a-paris\/#webpage\",\"url\":\"https:\/\/essentia-mobilia.com\/blog\/pad-paris-2013-pavillon-des-arts-et-du-design-a-paris\/\",\"name\":\"PAD Paris 2013 - Pavillon des Arts et du Design \\u00e0 Paris\",\"isPartOf\":{\"@id\":\"https:\/\/essentia-mobilia.com\/blog\/#website\"},\"datePublished\":\"2013-02-25T21:52:22+00:00\",\"dateModified\":\"2026-02-13T15:52:36+00:00\",\"description\":\"La 17\\u00e8me \\u00e9dition du PAD Paris\\u00a0r\\u00e9unit \\u00e0 la fois les\\u00a0amateurs de design\\u00a0et les\\u00a0collectionneurs d'art et de design contemporain.\",\"breadcrumb\":{\"@id\":\"https:\/\/essentia-mobilia.com\/blog\/pad-paris-2013-pavillon-des-arts-et-du-design-a-paris\/#breadcrumb\"},\"inLanguage\":\"fr-FR\",\"potentialAction\":[{\"@type\":\"ReadAction\",\"target\":[\"https:\/\/essentia-mobilia.com\/blog\/pad-paris-2013-pavillon-des-arts-et-du-design-a-paris\/\"]}]},{\"@type\":\"BreadcrumbList\",\"@id\":\"https:\/\/essentia-mobilia.com\/blog\/pad-paris-2013-pavillon-des-arts-et-du-design-a-paris\/#breadcrumb\",\"itemListElement\":[{\"@type\":\"ListItem\",\"position\":1,\"item\":{\"@type\":\"WebPage\",\"@id\":\"https:\/\/essentia-mobilia.com\/blog\/\",\"url\":\"https:\/\/essentia-mobilia.com\/blog\/\",\"name\":\"Accueil\"}},{\"@type\":\"ListItem\",\"position\":2,\"item\":{\"@type\":\"WebPage\",\"@id\":\"https:\/\/essentia-mobilia.com\/blog\/pad-paris-2013-pavillon-des-arts-et-du-design-a-paris\/\",\"url\":\"https:\/\/essentia-mobilia.com\/blog\/pad-paris-2013-pavillon-des-arts-et-du-design-a-paris\/\",\"name\":\"PAD Paris 2013 &#8211; Pavillon des Arts et du Design \\u00e0 Paris\"}}]},{\"@type\":\"Article\",\"@id\":\"https:\/\/essentia-mobilia.com\/blog\/pad-paris-2013-pavillon-des-arts-et-du-design-a-paris\/#article\",\"isPartOf\":{\"@id\":\"https:\/\/essentia-mobilia.com\/blog\/pad-paris-2013-pavillon-des-arts-et-du-design-a-paris\/#webpage\"},\"author\":{\"@id\":\"https:\/\/essentia-mobilia.com\/blog\/#\/schema\/person\/f06deeaf73a4baf06738372a688cf68a\"},\"headline\":\"PAD Paris 2013 &#8211; Pavillon des Arts et du Design \\u00e0 Paris\",\"datePublished\":\"2013-02-25T21:52:22+00:00\",\"dateModified\":\"2026-02-13T15:52:36+00:00\",\"mainEntityOfPage\":{\"@id\":\"https:\/\/essentia-mobilia.com\/blog\/pad-paris-2013-pavillon-des-arts-et-du-design-a-paris\/#webpage\"},\"commentCount\":0,\"publisher\":{\"@id\":\"https:\/\/essentia-mobilia.com\/blog\/#organization\"},\"articleSection\":\"Mobilier design\",\"inLanguage\":\"fr-FR\",\"potentialAction\":[{\"@type\":\"CommentAction\",\"name\":\"Comment\",\"target\":[\"https:\/\/essentia-mobilia.com\/blog\/pad-paris-2013-pavillon-des-arts-et-du-design-a-paris\/#respond\"]}]},{\"@type\":\"Person\",\"@id\":\"https:\/\/essentia-mobilia.com\/blog\/#\/schema\/person\/f06deeaf73a4baf06738372a688cf68a\",\"name\":\"myessentiamobilia\",\"image\":{\"@type\":\"ImageObject\",\"@id\":\"https:\/\/essentia-mobilia.com\/blog\/#personlogo\",\"inLanguage\":\"fr-FR\",\"url\":\"https:\/\/secure.gravatar.com\/avatar\/bec63f027f1251faa237003116590784?s=96&d=mm&r=g\",\"caption\":\"myessentiamobilia\"},\"description\":\"A travers ce blog, je partage mes conseils de design et d\\u00e9coration int\\u00e9rieure.\"}]}<\/script>\n<!-- \/ Yoast SEO plugin. -->","_links":{"self":[{"href":"https:\/\/essentia-mobilia.com\/blog\/wp-json\/wp\/v2\/posts\/466"}],"collection":[{"href":"https:\/\/essentia-mobilia.com\/blog\/wp-json\/wp\/v2\/posts"}],"about":[{"href":"https:\/\/essentia-mobilia.com\/blog\/wp-json\/wp\/v2\/types\/post"}],"author":[{"embeddable":true,"href":"https:\/\/essentia-mobilia.com\/blog\/wp-json\/wp\/v2\/users\/1"}],"replies":[{"embeddable":true,"href":"https:\/\/essentia-mobilia.com\/blog\/wp-json\/wp\/v2\/comments?post=466"}],"version-history":[{"count":5,"href":"https:\/\/essentia-mobilia.com\/blog\/wp-json\/wp\/v2\/posts\/466\/revisions"}],"predecessor-version":[{"id":3485,"href":"https:\/\/essentia-mobilia.com\/blog\/wp-json\/wp\/v2\/posts\/466\/revisions\/3485"}],"wp:attachment":[{"href":"https:\/\/essentia-mobilia.com\/blog\/wp-json\/wp\/v2\/media?parent=466"}],"wp:term":[{"taxonomy":"category","embeddable":true,"href":"https:\/\/essentia-mobilia.com\/blog\/wp-json\/wp\/v2\/categories?post=466"},{"taxonomy":"post_tag","embeddable":true,"href":"https:\/\/essentia-mobilia.com\/blog\/wp-json\/wp\/v2\/tags?post=466"}],"curies":[{"name":"wp","href":"https:\/\/api.w.org\/{rel}","templated":true}]}}