{"id":460,"date":"2013-03-30T22:52:19","date_gmt":"2013-03-30T21:52:19","guid":{"rendered":"http:\/\/essentia-paris.com\/blog\/?p=460"},"modified":"2026-02-13T16:50:31","modified_gmt":"2026-02-13T15:50:31","slug":"la-biennale-internationale-du-design-a-st-etienne-ferme-ses-portes-dimanche","status":"publish","type":"post","link":"https:\/\/essentia-mobilia.com\/blog\/la-biennale-internationale-du-design-a-st-etienne-ferme-ses-portes-dimanche\/","title":{"rendered":"La Biennale internationale du Design \u00e0 St Etienne ferme ses portes dimanche !"},"content":{"rendered":"\n<h1 class=\"wp-block-heading\">La Biennale internationale du Design \u00e0 St Etienne ferme ses portes dimanche !<\/h1>\n\n\n\n<p><strong><a href=\"\/blog\/biennale-internationale-du-design-a-st-etienne-14-au-31-mars-2013\/\">La Biennale internationale du Design de St Etienne<\/a><\/strong>\u00a0fermera ses portes le dimanche 31 mars 2013 apr\u00e8s plus de 2 semaines intenses d&rsquo;expositions (50 !), conf\u00e9rences, colloques, parcours dans la ville autour du th\u00e8me \u00ab\u00a0l&#8217;empathie ou l&rsquo;exp\u00e9rience de l&rsquo;autre\u00a0\u00bb. Parmi les expositions :\u00a0<a href=\"\/blog\/cassina-reedite-nuage-de-charlotte-perriand\/\">Charlotte Perriand<\/a>\u00a0et le Japon au Mus\u00e9e d&rsquo;Art Moderne, in the Mood for Ikea sous l&rsquo;impulsion de\u00a0<a href=\"\/blog\/exposition-generation-design-avec-elle-decoration-et-le-via\/\">Elle D\u00e9co<\/a>\u00a0\u00e0 la Cit\u00e9 du Design, \u00ab\u00a0Vous voulez rire\u00a0\u00bb sur la place de l&rsquo;humour dans le Design sur le site Le Corbusier &#8211; Firminy, les \u00e9diteurs st\u00e9phanois au Mus\u00e9e de la Mine.<\/p>\n\n\n\n<p><\/p>\n","protected":false},"excerpt":{"rendered":"<p>La Biennale internationale du Design \u00e0 St Etienne ferme ses portes dimanche ! La Biennale internationale du Design de St Etienne\u00a0fermera ses portes le dimanche 31 mars 2013 apr\u00e8s plus de 2 semaines intenses d&rsquo;expositions (50 !), conf\u00e9rences, colloques, parcours dans la ville autour du th\u00e8me \u00ab\u00a0l&#8217;empathie ou l&rsquo;exp\u00e9rience de l&rsquo;autre\u00a0\u00bb. Parmi les expositions :\u00a0Charlotte [&hellip;]<\/p>\n","protected":false},"author":1,"featured_media":0,"comment_status":"open","ping_status":"open","sticky":false,"template":"","format":"standard","meta":{"footnotes":""},"categories":[32],"tags":[],"yoast_head":"<!-- This site is optimized with the Yoast SEO plugin v15.0 - https:\/\/yoast.com\/wordpress\/plugins\/seo\/ -->\n<title>La Biennale internationale du Design \u00e0 St Etienne ferme ses portes dimanche !<\/title>\n<meta name=\"description\" content=\"Le biennale ferme ses portes apr\u00e8s un programme bien charg\u00e9 : \u00a0Charlotte Perriand, in the Mood for Ikea, &quot;Vous voulez rire&quot;\" \/>\n<meta name=\"robots\" content=\"index, follow, max-snippet:-1, max-image-preview:large, max-video-preview:-1\" \/>\n<link rel=\"canonical\" href=\"https:\/\/essentia-mobilia.com\/blog\/la-biennale-internationale-du-design-a-st-etienne-ferme-ses-portes-dimanche\/\" \/>\n<meta property=\"og:locale\" content=\"fr_FR\" \/>\n<meta property=\"og:type\" content=\"article\" \/>\n<meta property=\"og:title\" content=\"La Biennale internationale du Design \u00e0 St Etienne ferme ses portes dimanche !\" \/>\n<meta property=\"og:description\" content=\"Le biennale ferme ses portes apr\u00e8s un programme bien charg\u00e9 : \u00a0Charlotte Perriand, in the Mood for Ikea, &quot;Vous voulez rire&quot;\" \/>\n<meta property=\"og:url\" content=\"https:\/\/essentia-mobilia.com\/blog\/la-biennale-internationale-du-design-a-st-etienne-ferme-ses-portes-dimanche\/\" \/>\n<meta property=\"og:site_name\" content=\"Blog d\u00e9coration et design de Essentia MOBILIA\" \/>\n<meta property=\"article:publisher\" content=\"https:\/\/www.facebook.com\/EssentiaMobilia\" \/>\n<meta property=\"article:published_time\" content=\"2013-03-30T21:52:19+00:00\" \/>\n<meta property=\"article:modified_time\" content=\"2026-02-13T15:50:31+00:00\" \/>\n<meta name=\"twitter:card\" content=\"summary_large_image\" \/>\n<script type=\"application\/ld+json\" class=\"yoast-schema-graph\">{\"@context\":\"https:\/\/schema.org\",\"@graph\":[{\"@type\":\"Organization\",\"@id\":\"https:\/\/essentia-mobilia.com\/blog\/#organization\",\"name\":\"Essentia MOBILIA\",\"url\":\"https:\/\/essentia-mobilia.com\/blog\/\",\"sameAs\":[\"https:\/\/www.facebook.com\/EssentiaMobilia\",\"https:\/\/www.instagram.com\/essentiamobilia\/\",\"https:\/\/fr.pinterest.com\/essentia_mobilia\/\"],\"logo\":{\"@type\":\"ImageObject\",\"@id\":\"https:\/\/essentia-mobilia.com\/blog\/#logo\",\"inLanguage\":\"fr-FR\",\"url\":\"https:\/\/essentia-mobilia.com\/blog\/wp-content\/uploads\/2023\/12\/cropped-essentia-mobilia-logo.jpg\",\"width\":171,\"height\":73,\"caption\":\"Essentia MOBILIA\"},\"image\":{\"@id\":\"https:\/\/essentia-mobilia.com\/blog\/#logo\"}},{\"@type\":\"WebSite\",\"@id\":\"https:\/\/essentia-mobilia.com\/blog\/#website\",\"url\":\"https:\/\/essentia-mobilia.com\/blog\/\",\"name\":\"Blog d\\u00e9coration et design de Essentia MOBILIA\",\"description\":\"\",\"publisher\":{\"@id\":\"https:\/\/essentia-mobilia.com\/blog\/#organization\"},\"potentialAction\":[{\"@type\":\"SearchAction\",\"target\":\"https:\/\/essentia-mobilia.com\/blog\/?s={search_term_string}\",\"query-input\":\"required name=search_term_string\"}],\"inLanguage\":\"fr-FR\"},{\"@type\":\"WebPage\",\"@id\":\"https:\/\/essentia-mobilia.com\/blog\/la-biennale-internationale-du-design-a-st-etienne-ferme-ses-portes-dimanche\/#webpage\",\"url\":\"https:\/\/essentia-mobilia.com\/blog\/la-biennale-internationale-du-design-a-st-etienne-ferme-ses-portes-dimanche\/\",\"name\":\"La Biennale internationale du Design \\u00e0 St Etienne ferme ses portes dimanche !\",\"isPartOf\":{\"@id\":\"https:\/\/essentia-mobilia.com\/blog\/#website\"},\"datePublished\":\"2013-03-30T21:52:19+00:00\",\"dateModified\":\"2026-02-13T15:50:31+00:00\",\"description\":\"Le biennale ferme ses portes apr\\u00e8s un programme bien charg\\u00e9 : \\u00a0Charlotte Perriand, in the Mood for Ikea, \\\"Vous voulez rire\\\"\",\"breadcrumb\":{\"@id\":\"https:\/\/essentia-mobilia.com\/blog\/la-biennale-internationale-du-design-a-st-etienne-ferme-ses-portes-dimanche\/#breadcrumb\"},\"inLanguage\":\"fr-FR\",\"potentialAction\":[{\"@type\":\"ReadAction\",\"target\":[\"https:\/\/essentia-mobilia.com\/blog\/la-biennale-internationale-du-design-a-st-etienne-ferme-ses-portes-dimanche\/\"]}]},{\"@type\":\"BreadcrumbList\",\"@id\":\"https:\/\/essentia-mobilia.com\/blog\/la-biennale-internationale-du-design-a-st-etienne-ferme-ses-portes-dimanche\/#breadcrumb\",\"itemListElement\":[{\"@type\":\"ListItem\",\"position\":1,\"item\":{\"@type\":\"WebPage\",\"@id\":\"https:\/\/essentia-mobilia.com\/blog\/\",\"url\":\"https:\/\/essentia-mobilia.com\/blog\/\",\"name\":\"Accueil\"}},{\"@type\":\"ListItem\",\"position\":2,\"item\":{\"@type\":\"WebPage\",\"@id\":\"https:\/\/essentia-mobilia.com\/blog\/la-biennale-internationale-du-design-a-st-etienne-ferme-ses-portes-dimanche\/\",\"url\":\"https:\/\/essentia-mobilia.com\/blog\/la-biennale-internationale-du-design-a-st-etienne-ferme-ses-portes-dimanche\/\",\"name\":\"La Biennale internationale du Design \\u00e0 St Etienne ferme ses portes dimanche !\"}}]},{\"@type\":\"Article\",\"@id\":\"https:\/\/essentia-mobilia.com\/blog\/la-biennale-internationale-du-design-a-st-etienne-ferme-ses-portes-dimanche\/#article\",\"isPartOf\":{\"@id\":\"https:\/\/essentia-mobilia.com\/blog\/la-biennale-internationale-du-design-a-st-etienne-ferme-ses-portes-dimanche\/#webpage\"},\"author\":{\"@id\":\"https:\/\/essentia-mobilia.com\/blog\/#\/schema\/person\/f06deeaf73a4baf06738372a688cf68a\"},\"headline\":\"La Biennale internationale du Design \\u00e0 St Etienne ferme ses portes dimanche !\",\"datePublished\":\"2013-03-30T21:52:19+00:00\",\"dateModified\":\"2026-02-13T15:50:31+00:00\",\"mainEntityOfPage\":{\"@id\":\"https:\/\/essentia-mobilia.com\/blog\/la-biennale-internationale-du-design-a-st-etienne-ferme-ses-portes-dimanche\/#webpage\"},\"commentCount\":0,\"publisher\":{\"@id\":\"https:\/\/essentia-mobilia.com\/blog\/#organization\"},\"articleSection\":\"Mobilier design\",\"inLanguage\":\"fr-FR\",\"potentialAction\":[{\"@type\":\"CommentAction\",\"name\":\"Comment\",\"target\":[\"https:\/\/essentia-mobilia.com\/blog\/la-biennale-internationale-du-design-a-st-etienne-ferme-ses-portes-dimanche\/#respond\"]}]},{\"@type\":\"Person\",\"@id\":\"https:\/\/essentia-mobilia.com\/blog\/#\/schema\/person\/f06deeaf73a4baf06738372a688cf68a\",\"name\":\"myessentiamobilia\",\"image\":{\"@type\":\"ImageObject\",\"@id\":\"https:\/\/essentia-mobilia.com\/blog\/#personlogo\",\"inLanguage\":\"fr-FR\",\"url\":\"https:\/\/secure.gravatar.com\/avatar\/bec63f027f1251faa237003116590784?s=96&d=mm&r=g\",\"caption\":\"myessentiamobilia\"},\"description\":\"A travers ce blog, je partage mes conseils de design et d\\u00e9coration int\\u00e9rieure.\"}]}<\/script>\n<!-- \/ Yoast SEO plugin. -->","_links":{"self":[{"href":"https:\/\/essentia-mobilia.com\/blog\/wp-json\/wp\/v2\/posts\/460"}],"collection":[{"href":"https:\/\/essentia-mobilia.com\/blog\/wp-json\/wp\/v2\/posts"}],"about":[{"href":"https:\/\/essentia-mobilia.com\/blog\/wp-json\/wp\/v2\/types\/post"}],"author":[{"embeddable":true,"href":"https:\/\/essentia-mobilia.com\/blog\/wp-json\/wp\/v2\/users\/1"}],"replies":[{"embeddable":true,"href":"https:\/\/essentia-mobilia.com\/blog\/wp-json\/wp\/v2\/comments?post=460"}],"version-history":[{"count":2,"href":"https:\/\/essentia-mobilia.com\/blog\/wp-json\/wp\/v2\/posts\/460\/revisions"}],"predecessor-version":[{"id":3479,"href":"https:\/\/essentia-mobilia.com\/blog\/wp-json\/wp\/v2\/posts\/460\/revisions\/3479"}],"wp:attachment":[{"href":"https:\/\/essentia-mobilia.com\/blog\/wp-json\/wp\/v2\/media?parent=460"}],"wp:term":[{"taxonomy":"category","embeddable":true,"href":"https:\/\/essentia-mobilia.com\/blog\/wp-json\/wp\/v2\/categories?post=460"},{"taxonomy":"post_tag","embeddable":true,"href":"https:\/\/essentia-mobilia.com\/blog\/wp-json\/wp\/v2\/tags?post=460"}],"curies":[{"name":"wp","href":"https:\/\/api.w.org\/{rel}","templated":true}]}}