{"id":455,"date":"2013-09-09T22:52:16","date_gmt":"2013-09-09T20:52:16","guid":{"rendered":"http:\/\/essentia-paris.com\/blog\/?p=455"},"modified":"2026-02-13T16:49:08","modified_gmt":"2026-02-13T15:49:08","slug":"revelations-coup-de-projecteurs-sur-les-metiers-dart","status":"publish","type":"post","link":"https:\/\/essentia-mobilia.com\/blog\/revelations-coup-de-projecteurs-sur-les-metiers-dart\/","title":{"rendered":"R\u00e9v\u00e9lations : coup de projecteurs sur les M\u00e9tiers d&rsquo;Art"},"content":{"rendered":"\n<h1 class=\"wp-block-heading\">R\u00e9v\u00e9lations : coup de projecteurs sur les M\u00e9tiers d&rsquo;Art<\/h1>\n\n\n<div class=\"wp-block-image\">\n<figure class=\"alignleft\"><a href=\"\/blog\/wp-content\/uploads\/2013\/09\/Salon-R%C3%A9v%C3%A9lations-Grand-Palais-Paris-11-au-15-septembre-2013.jpg\"><img decoding=\"async\" src=\"\/blog\/wp-content\/uploads\/2013\/09\/Salon-R%C3%A9v%C3%A9lations-Grand-Palais-Paris-11-au-15-septembre-2013.jpg\" alt=\"Salon R\u00e9v\u00e9lations - Grand Palais Paris - 11 au 15 septembre 2013\" class=\"wp-image-2101\" title=\"Salon R\u00e9v\u00e9lations - Grand Palais Paris - 11 au 15 septembre 2013\"\/><\/a><\/figure><\/div>\n\n\n<p><strong>Du 11 au 15 septembre 2013<\/strong>, les Ateliers d&rsquo;Art de France, sous la pr\u00e9sidence de Serge Nicole, organisent dans le cadre prestigieux du&nbsp;<strong>Grand Palais de Paris<\/strong>&nbsp;le Salon&nbsp;<strong>R\u00e9v\u00e9lations<\/strong>&nbsp;: premi\u00e8re et seule&nbsp;<strong>biennale d\u00e9di\u00e9e \u00e0 la cr\u00e9ation contemporaine<\/strong>, ce salon rassemble \u00e0 la fois des cr\u00e9ateurs et les institutionnels du secteur. La sc\u00e9nographie est orchestr\u00e9e&nbsp;<strong>par le designer&nbsp;<a href=\"\/blog\/louvre-a-lens-le-designer-adrien-gardere-a-lhonneur\/\">Adrien Gard\u00e8re<\/a><\/strong>&nbsp;(Mus\u00e9e des Arts D\u00e9coratifs, Manufacture de S\u00e8vres, Cit\u00e9 de l&rsquo;Architecture et du Patrimoine, Mus\u00e9e de Louvre-Lens). Le designer a en particulier imagin\u00e9 un Banquet Royal o\u00f9 107 oeuvres d&rsquo;artistes plasticiens et de designers sont dispos\u00e9es avec pour point commun le souci du traitement des mat\u00e9riaux. Invit\u00e9e d&rsquo;honneur, la Norv\u00e8ge pr\u00e9sentera des artistes norv\u00e9giens et leurs cr\u00e9ations.<\/p>\n\n\n\n<p>A l&rsquo;occasion du salon,\u00a0<strong>Fort Royal qui regroupe les meilleurs artisans d&rsquo;art a propos\u00e9 au designer Jean-Marc Gady<\/strong>\u00a0de cr\u00e9er plusieurs pi\u00e8ces et mobilier d&rsquo;art mettant en oeuvre les savoir faire des m\u00e9tiers d&rsquo;art.<\/p>\n\n\n\n<figure class=\"wp-block-image\"><a href=\"\/blog\/wp-content\/uploads\/2013\/09\/Banc-Venice-Cr%C3%A9ation-de-Jean-Marc-GADY-R%C3%A9alisation-de-Craman-Lagarde-pour-Fort-Royal.jpg\"><img decoding=\"async\" src=\"\/blog\/wp-content\/uploads\/2013\/09\/Banc-Venice-Cr%C3%A9ation-de-Jean-Marc-GADY-R%C3%A9alisation-de-Craman-Lagarde-pour-Fort-Royal.jpg\" alt=\"Banc Venice - Cr\u00e9ation de Jean-Marc GADY, R\u00e9alisation de Craman-Lagarde, pour Fort Royal \u00a9 Fort Royal - Marqueterie bois exotiques - Inspiration Planche de surf Longboard\" class=\"wp-image-2098\" title=\"Banc Venice - Cr\u00e9ation de Jean-Marc GADY, R\u00e9alisation de Craman-Lagarde, pour Fort Royal \u00a9 Fort Royal - Marqueterie bois exotiques - Inspiration Planche de surf Longboard\"\/><\/a><\/figure>\n\n\n\n<p><em>Banc Venice &#8211;&nbsp;<a href=\"\/blog\/quand-un-ebeniste-dart-et-un-designer-se-rencontrent\/\">Cr\u00e9ation de Jean-Marc GADY, R\u00e9alisation de Craman-Lagarde<\/a>, pour Fort Royal \u00a9 Fort Royal &#8211; Marqueterie bois exotiques &#8211; Inspiration Planche de surf Longboard.<\/em><\/p>\n\n\n\n<p><strong>Le Mobilier national pr\u00e9sente \u00e0 l&rsquo;occasion du Salon le &nbsp;bureau en fibres de carbone de Christian Ghion<\/strong>, r\u00e9alis\u00e9 par l&rsquo;Atelier de Recherche et de Cr\u00e9ation ainsi que 4 fauteuils r\u00e9alis\u00e9e en 2013.<\/p>\n\n\n\n<figure class=\"wp-block-image\"><a href=\"\/blog\/wp-content\/uploads\/2013\/09\/Bureau-Fibres-de-Carbone-de-Christian-Ghion-Organique-.jpg\"><img decoding=\"async\" src=\"\/blog\/wp-content\/uploads\/2013\/09\/Bureau-Fibres-de-Carbone-de-Christian-Ghion-Organique-.jpg\" alt=\"Bureau Fibres de Carbone de Christian Ghion - Organique - 2010 et fauteuils, 2013, cr\u00e9ation de l\u2019Atelier de Recherche et de Cr\u00e9ation - \u00a9Mobilier national - Isabelle Bideau\" class=\"wp-image-2099\" title=\"Bureau Fibres de Carbone de Christian Ghion - Organique\"\/><\/a><\/figure>\n\n\n\n<p><em>Bureau Fibres de Carbone de Christian Ghion, 2010 et fauteuils, 2013, cr\u00e9ation de l\u2019Atelier de Recherche et de Cr\u00e9ation &#8211; \u00a9Mobilier national &#8211; Isabelle Bideau<\/em><\/p>\n\n\n\n<p>Les 300 exposants ont tous \u00e9t\u00e9 s\u00e9lectionn\u00e9s par un Comit\u00e9 d&rsquo;Orientation Artistique exigeant pour leur savoir faire exceptionnels : artisans d&rsquo;art, manufactures d&rsquo;art. Ce Comit\u00e9 \u00e9tait notamment compos\u00e9 de repr\u00e9sentants de&nbsp;<a href=\"\/blog\/lecole-boulle-fetee-a-paris\/\">l&rsquo;Ecole Boulle<\/a>, de la Cit\u00e9 de la C\u00e9ramique, des Grands Ateliers de France, du Magazine AD, de la Fondation&nbsp;<a href=\"https:\/\/essentia-mobilia.com\/blog\/decouverte-de-latelier-petit-h-dhermes-a-pantin\/\">entreprise Herm\u00e8s<\/a>, du&nbsp;<a href=\"https:\/\/essentia-mobilia.com\/blog\/retrospective-jean-paul-goude-au-musee-des-arts-decoratifs\/\">mus\u00e9e des Arts d\u00e9coratifs<\/a>.<\/p>\n\n\n\n<p><strong>Parmi les exposants vous pourrez d\u00e9couvrir&nbsp;Erwan Boulloud, designer, sculpteur.&nbsp;<\/strong>Dipl\u00f4m\u00e9 de l&rsquo;Ecole Boulle en 1995, il cr\u00e9\u00e9 des pi\u00e8ces de mobilier en m\u00e9tal, bois, b\u00e9ton ou verre avec des finitions brutes, br\u00fbl\u00e9es ou polies. Table uniques selon un savoir faire exceptionnel.&nbsp;<\/p>\n\n\n\n<figure class=\"wp-block-image\"><a href=\"\/blog\/wp-content\/uploads\/2013\/09\/Erwan-Boulloud-Designer-sculpteur-Table-Salon-R%C3%A9v%C3%A9lations-Grand-Palais.jpg\"><img decoding=\"async\" src=\"\/blog\/wp-content\/uploads\/2013\/09\/Erwan-Boulloud-Designer-sculpteur-Table-Salon-R%C3%A9v%C3%A9lations-Grand-Palais.jpg\" alt=\"Erwan Boulloud - Designer sculpteur - Table - Salon R\u00e9v\u00e9lations Grand Palais\" class=\"wp-image-2100\" title=\"Erwan Boulloud - Designer sculpteur - Table - Salon R\u00e9v\u00e9lations Grand Palais\"\/><\/a><\/figure>\n\n\n\n<p><strong>Avis aux amateurs d&rsquo;artisanat d&rsquo;art, aux collectionneurs et au grand public!<\/strong><\/p>\n","protected":false},"excerpt":{"rendered":"<p>R\u00e9v\u00e9lations : coup de projecteurs sur les M\u00e9tiers d&rsquo;Art Du 11 au 15 septembre 2013, les Ateliers d&rsquo;Art de France, sous la pr\u00e9sidence de Serge Nicole, organisent dans le cadre prestigieux du&nbsp;Grand Palais de Paris&nbsp;le Salon&nbsp;R\u00e9v\u00e9lations&nbsp;: premi\u00e8re et seule&nbsp;biennale d\u00e9di\u00e9e \u00e0 la cr\u00e9ation contemporaine, ce salon rassemble \u00e0 la fois des cr\u00e9ateurs et les institutionnels [&hellip;]<\/p>\n","protected":false},"author":1,"featured_media":722,"comment_status":"open","ping_status":"open","sticky":false,"template":"","format":"standard","meta":{"footnotes":""},"categories":[32],"tags":[],"yoast_head":"<!-- This site is optimized with the Yoast SEO plugin v15.0 - https:\/\/yoast.com\/wordpress\/plugins\/seo\/ -->\n<title>R\u00e9v\u00e9lations : coup de projecteurs sur les M\u00e9tiers d&#039;Art<\/title>\n<meta name=\"description\" content=\"Le Salon\u00a0R\u00e9v\u00e9lations\u00a0est la seule\u00a0biennale d\u00e9di\u00e9e \u00e0 la cr\u00e9ation contemporaine. Il rassemble \u00e0 la fois des cr\u00e9ateurs et des institutionnels.\" \/>\n<meta name=\"robots\" content=\"index, follow, max-snippet:-1, max-image-preview:large, max-video-preview:-1\" \/>\n<link rel=\"canonical\" href=\"https:\/\/essentia-mobilia.com\/blog\/revelations-coup-de-projecteurs-sur-les-metiers-dart\/\" \/>\n<meta property=\"og:locale\" content=\"fr_FR\" \/>\n<meta property=\"og:type\" content=\"article\" \/>\n<meta property=\"og:title\" content=\"R\u00e9v\u00e9lations : coup de projecteurs sur les M\u00e9tiers d&#039;Art\" \/>\n<meta property=\"og:description\" content=\"Le Salon\u00a0R\u00e9v\u00e9lations\u00a0est la seule\u00a0biennale d\u00e9di\u00e9e \u00e0 la cr\u00e9ation contemporaine. Il rassemble \u00e0 la fois des cr\u00e9ateurs et des institutionnels.\" \/>\n<meta property=\"og:url\" content=\"https:\/\/essentia-mobilia.com\/blog\/revelations-coup-de-projecteurs-sur-les-metiers-dart\/\" \/>\n<meta property=\"og:site_name\" content=\"Blog d\u00e9coration et design de Essentia MOBILIA\" \/>\n<meta property=\"article:publisher\" content=\"https:\/\/www.facebook.com\/EssentiaMobilia\" \/>\n<meta property=\"article:published_time\" content=\"2013-09-09T20:52:16+00:00\" \/>\n<meta property=\"article:modified_time\" content=\"2026-02-13T15:49:08+00:00\" \/>\n<meta property=\"og:image\" content=\"https:\/\/essentia-mobilia.com\/blog\/wp-content\/uploads\/2013\/10\/02-Banc-Venice-Creation-de-Jean-Marc-GADY-Realisation-de-Craman-Lagarde-pour-Fort-Royal.jpg\" \/>\n\t<meta property=\"og:image:width\" content=\"568\" \/>\n\t<meta property=\"og:image:height\" content=\"335\" \/>\n<meta name=\"twitter:card\" content=\"summary_large_image\" \/>\n<script type=\"application\/ld+json\" class=\"yoast-schema-graph\">{\"@context\":\"https:\/\/schema.org\",\"@graph\":[{\"@type\":\"Organization\",\"@id\":\"https:\/\/essentia-mobilia.com\/blog\/#organization\",\"name\":\"Essentia MOBILIA\",\"url\":\"https:\/\/essentia-mobilia.com\/blog\/\",\"sameAs\":[\"https:\/\/www.facebook.com\/EssentiaMobilia\",\"https:\/\/www.instagram.com\/essentiamobilia\/\",\"https:\/\/fr.pinterest.com\/essentia_mobilia\/\"],\"logo\":{\"@type\":\"ImageObject\",\"@id\":\"https:\/\/essentia-mobilia.com\/blog\/#logo\",\"inLanguage\":\"fr-FR\",\"url\":\"https:\/\/essentia-mobilia.com\/blog\/wp-content\/uploads\/2023\/12\/cropped-essentia-mobilia-logo.jpg\",\"width\":171,\"height\":73,\"caption\":\"Essentia MOBILIA\"},\"image\":{\"@id\":\"https:\/\/essentia-mobilia.com\/blog\/#logo\"}},{\"@type\":\"WebSite\",\"@id\":\"https:\/\/essentia-mobilia.com\/blog\/#website\",\"url\":\"https:\/\/essentia-mobilia.com\/blog\/\",\"name\":\"Blog d\\u00e9coration et design de Essentia MOBILIA\",\"description\":\"\",\"publisher\":{\"@id\":\"https:\/\/essentia-mobilia.com\/blog\/#organization\"},\"potentialAction\":[{\"@type\":\"SearchAction\",\"target\":\"https:\/\/essentia-mobilia.com\/blog\/?s={search_term_string}\",\"query-input\":\"required name=search_term_string\"}],\"inLanguage\":\"fr-FR\"},{\"@type\":\"ImageObject\",\"@id\":\"https:\/\/essentia-mobilia.com\/blog\/revelations-coup-de-projecteurs-sur-les-metiers-dart\/#primaryimage\",\"inLanguage\":\"fr-FR\",\"url\":\"https:\/\/essentia-mobilia.com\/blog\/wp-content\/uploads\/2013\/10\/02-Banc-Venice-Creation-de-Jean-Marc-GADY-Realisation-de-Craman-Lagarde-pour-Fort-Royal.jpg\",\"width\":568,\"height\":335},{\"@type\":\"WebPage\",\"@id\":\"https:\/\/essentia-mobilia.com\/blog\/revelations-coup-de-projecteurs-sur-les-metiers-dart\/#webpage\",\"url\":\"https:\/\/essentia-mobilia.com\/blog\/revelations-coup-de-projecteurs-sur-les-metiers-dart\/\",\"name\":\"R\\u00e9v\\u00e9lations : coup de projecteurs sur les M\\u00e9tiers d'Art\",\"isPartOf\":{\"@id\":\"https:\/\/essentia-mobilia.com\/blog\/#website\"},\"primaryImageOfPage\":{\"@id\":\"https:\/\/essentia-mobilia.com\/blog\/revelations-coup-de-projecteurs-sur-les-metiers-dart\/#primaryimage\"},\"datePublished\":\"2013-09-09T20:52:16+00:00\",\"dateModified\":\"2026-02-13T15:49:08+00:00\",\"description\":\"Le Salon\\u00a0R\\u00e9v\\u00e9lations\\u00a0est la seule\\u00a0biennale d\\u00e9di\\u00e9e \\u00e0 la cr\\u00e9ation contemporaine. Il rassemble \\u00e0 la fois des cr\\u00e9ateurs et des institutionnels.\",\"breadcrumb\":{\"@id\":\"https:\/\/essentia-mobilia.com\/blog\/revelations-coup-de-projecteurs-sur-les-metiers-dart\/#breadcrumb\"},\"inLanguage\":\"fr-FR\",\"potentialAction\":[{\"@type\":\"ReadAction\",\"target\":[\"https:\/\/essentia-mobilia.com\/blog\/revelations-coup-de-projecteurs-sur-les-metiers-dart\/\"]}]},{\"@type\":\"BreadcrumbList\",\"@id\":\"https:\/\/essentia-mobilia.com\/blog\/revelations-coup-de-projecteurs-sur-les-metiers-dart\/#breadcrumb\",\"itemListElement\":[{\"@type\":\"ListItem\",\"position\":1,\"item\":{\"@type\":\"WebPage\",\"@id\":\"https:\/\/essentia-mobilia.com\/blog\/\",\"url\":\"https:\/\/essentia-mobilia.com\/blog\/\",\"name\":\"Accueil\"}},{\"@type\":\"ListItem\",\"position\":2,\"item\":{\"@type\":\"WebPage\",\"@id\":\"https:\/\/essentia-mobilia.com\/blog\/revelations-coup-de-projecteurs-sur-les-metiers-dart\/\",\"url\":\"https:\/\/essentia-mobilia.com\/blog\/revelations-coup-de-projecteurs-sur-les-metiers-dart\/\",\"name\":\"R\\u00e9v\\u00e9lations : coup de projecteurs sur les M\\u00e9tiers d&rsquo;Art\"}}]},{\"@type\":\"Article\",\"@id\":\"https:\/\/essentia-mobilia.com\/blog\/revelations-coup-de-projecteurs-sur-les-metiers-dart\/#article\",\"isPartOf\":{\"@id\":\"https:\/\/essentia-mobilia.com\/blog\/revelations-coup-de-projecteurs-sur-les-metiers-dart\/#webpage\"},\"author\":{\"@id\":\"https:\/\/essentia-mobilia.com\/blog\/#\/schema\/person\/f06deeaf73a4baf06738372a688cf68a\"},\"headline\":\"R\\u00e9v\\u00e9lations : coup de projecteurs sur les M\\u00e9tiers d&rsquo;Art\",\"datePublished\":\"2013-09-09T20:52:16+00:00\",\"dateModified\":\"2026-02-13T15:49:08+00:00\",\"mainEntityOfPage\":{\"@id\":\"https:\/\/essentia-mobilia.com\/blog\/revelations-coup-de-projecteurs-sur-les-metiers-dart\/#webpage\"},\"commentCount\":0,\"publisher\":{\"@id\":\"https:\/\/essentia-mobilia.com\/blog\/#organization\"},\"image\":{\"@id\":\"https:\/\/essentia-mobilia.com\/blog\/revelations-coup-de-projecteurs-sur-les-metiers-dart\/#primaryimage\"},\"articleSection\":\"Mobilier design\",\"inLanguage\":\"fr-FR\",\"potentialAction\":[{\"@type\":\"CommentAction\",\"name\":\"Comment\",\"target\":[\"https:\/\/essentia-mobilia.com\/blog\/revelations-coup-de-projecteurs-sur-les-metiers-dart\/#respond\"]}]},{\"@type\":\"Person\",\"@id\":\"https:\/\/essentia-mobilia.com\/blog\/#\/schema\/person\/f06deeaf73a4baf06738372a688cf68a\",\"name\":\"myessentiamobilia\",\"image\":{\"@type\":\"ImageObject\",\"@id\":\"https:\/\/essentia-mobilia.com\/blog\/#personlogo\",\"inLanguage\":\"fr-FR\",\"url\":\"https:\/\/secure.gravatar.com\/avatar\/bec63f027f1251faa237003116590784?s=96&d=mm&r=g\",\"caption\":\"myessentiamobilia\"},\"description\":\"A travers ce blog, je partage mes conseils de design et d\\u00e9coration int\\u00e9rieure.\"}]}<\/script>\n<!-- \/ Yoast SEO plugin. -->","_links":{"self":[{"href":"https:\/\/essentia-mobilia.com\/blog\/wp-json\/wp\/v2\/posts\/455"}],"collection":[{"href":"https:\/\/essentia-mobilia.com\/blog\/wp-json\/wp\/v2\/posts"}],"about":[{"href":"https:\/\/essentia-mobilia.com\/blog\/wp-json\/wp\/v2\/types\/post"}],"author":[{"embeddable":true,"href":"https:\/\/essentia-mobilia.com\/blog\/wp-json\/wp\/v2\/users\/1"}],"replies":[{"embeddable":true,"href":"https:\/\/essentia-mobilia.com\/blog\/wp-json\/wp\/v2\/comments?post=455"}],"version-history":[{"count":8,"href":"https:\/\/essentia-mobilia.com\/blog\/wp-json\/wp\/v2\/posts\/455\/revisions"}],"predecessor-version":[{"id":3475,"href":"https:\/\/essentia-mobilia.com\/blog\/wp-json\/wp\/v2\/posts\/455\/revisions\/3475"}],"wp:featuredmedia":[{"embeddable":true,"href":"https:\/\/essentia-mobilia.com\/blog\/wp-json\/wp\/v2\/media\/722"}],"wp:attachment":[{"href":"https:\/\/essentia-mobilia.com\/blog\/wp-json\/wp\/v2\/media?parent=455"}],"wp:term":[{"taxonomy":"category","embeddable":true,"href":"https:\/\/essentia-mobilia.com\/blog\/wp-json\/wp\/v2\/categories?post=455"},{"taxonomy":"post_tag","embeddable":true,"href":"https:\/\/essentia-mobilia.com\/blog\/wp-json\/wp\/v2\/tags?post=455"}],"curies":[{"name":"wp","href":"https:\/\/api.w.org\/{rel}","templated":true}]}}