{"id":454,"date":"2013-10-02T22:52:15","date_gmt":"2013-10-02T20:52:15","guid":{"rendered":"http:\/\/essentia-paris.com\/blog\/?p=454"},"modified":"2026-02-13T16:48:49","modified_gmt":"2026-02-13T15:48:49","slug":"save-the-date-salon-international-du-patrimoine-culturel-a-paris","status":"publish","type":"post","link":"https:\/\/essentia-mobilia.com\/blog\/save-the-date-salon-international-du-patrimoine-culturel-a-paris\/","title":{"rendered":"Save the date : Salon International du Patrimoine Culturel \u00e0 Paris"},"content":{"rendered":"\n<h1 class=\"wp-block-heading\">Save the date : Salon International du Patrimoine Culturel \u00e0 Paris<\/h1>\n\n\n<div class=\"wp-block-image\">\n<figure class=\"alignleft\"><a href=\"\/blog\/wp-content\/uploads\/2013\/10\/Salon-International-du-Patrimoine-Culturel-2013-AAF.jpg\"><img decoding=\"async\" src=\"\/blog\/wp-content\/uploads\/2013\/10\/Salon-International-du-Patrimoine-Culturel-2013-AAF.jpg\" alt=\"Salon International du Patrimoine Culturel 2013 - AAF\" class=\"wp-image-2113\" title=\"Salon International du Patrimoine Culturel 2013 - AAF\"\/><\/a><\/figure><\/div>\n\n\n<p><\/p>\n\n\n\n<p><\/p>\n\n\n\n<p>Le&nbsp;<strong>Salon International du Patrimoine Culturel<\/strong>&nbsp;se tiendra au Carroussel du Louvre \u00e0 Paris&nbsp;<strong>du 7 au 10 novembre 2013<\/strong>. A d\u00e9couvrir : plus de 320 exposants fran\u00e7ais et internationaux parmi lesquels des&nbsp;<strong>artisans d&rsquo;art, des restaurateurs, des \u00e9diteurs, des \u00e9b\u00e9nistes d&rsquo;art<\/strong>&#8230; Le th\u00e8me de cette ann\u00e9e : \u00ab\u00a0Patrimoines et territoires\u00a0\u00bb : comment valoriser les territoires gr\u00e2ce au patrimoine.<\/p>\n\n\n\n<p>Parmi les\u00a0<strong>artisans du meuble<\/strong>, vous pourrez d\u00e9couvrir : Atelier Helbecque (\u00e9b\u00e9niste d&rsquo;art sp\u00e9cialis\u00e9 dans la restauration de meubles de style et la cr\u00e9ation de meubles contemporains), Atelier Jean-Yves le Bot (conservation et restauration de mobilier en bois de placage), Ateliers des Fr\u00e8res Allot (\u00e9b\u00e9nisterie d&rsquo;art), Eb\u00e9nisterie Pierre Joussot et Fils (fabrication de meubles de style et de meubles de designers).<\/p>\n\n\n\n<p><\/p>\n\n\n\n<p><\/p>\n\n\n\n<p><\/p>\n","protected":false},"excerpt":{"rendered":"<p>Save the date : Salon International du Patrimoine Culturel \u00e0 Paris Le&nbsp;Salon International du Patrimoine Culturel&nbsp;se tiendra au Carroussel du Louvre \u00e0 Paris&nbsp;du 7 au 10 novembre 2013. A d\u00e9couvrir : plus de 320 exposants fran\u00e7ais et internationaux parmi lesquels des&nbsp;artisans d&rsquo;art, des restaurateurs, des \u00e9diteurs, des \u00e9b\u00e9nistes d&rsquo;art&#8230; Le th\u00e8me de cette ann\u00e9e : [&hellip;]<\/p>\n","protected":false},"author":1,"featured_media":721,"comment_status":"open","ping_status":"open","sticky":false,"template":"","format":"standard","meta":{"footnotes":""},"categories":[32],"tags":[],"yoast_head":"<!-- This site is optimized with the Yoast SEO plugin v15.0 - https:\/\/yoast.com\/wordpress\/plugins\/seo\/ -->\n<title>Save the date : Salon International du Patrimoine Culturel \u00e0 Paris<\/title>\n<meta name=\"description\" content=\"Le\u00a0Salon International du Patrimoine Culturel\u00a0accueille plus de 320 exposants fran\u00e7ais et internationaux : artisans d&#039;art, restaurateurs...\" \/>\n<meta name=\"robots\" content=\"index, follow, max-snippet:-1, max-image-preview:large, max-video-preview:-1\" \/>\n<link rel=\"canonical\" href=\"https:\/\/essentia-mobilia.com\/blog\/save-the-date-salon-international-du-patrimoine-culturel-a-paris\/\" \/>\n<meta property=\"og:locale\" content=\"fr_FR\" \/>\n<meta property=\"og:type\" content=\"article\" \/>\n<meta property=\"og:title\" content=\"Save the date : Salon International du Patrimoine Culturel \u00e0 Paris\" \/>\n<meta property=\"og:description\" content=\"Le\u00a0Salon International du Patrimoine Culturel\u00a0accueille plus de 320 exposants fran\u00e7ais et internationaux : artisans d&#039;art, restaurateurs...\" \/>\n<meta property=\"og:url\" content=\"https:\/\/essentia-mobilia.com\/blog\/save-the-date-salon-international-du-patrimoine-culturel-a-paris\/\" \/>\n<meta property=\"og:site_name\" content=\"Blog d\u00e9coration et design de Essentia MOBILIA\" \/>\n<meta property=\"article:publisher\" content=\"https:\/\/www.facebook.com\/EssentiaMobilia\" \/>\n<meta property=\"article:published_time\" content=\"2013-10-02T20:52:15+00:00\" \/>\n<meta property=\"article:modified_time\" content=\"2026-02-13T15:48:49+00:00\" \/>\n<meta property=\"og:image\" content=\"https:\/\/essentia-mobilia.com\/blog\/wp-content\/uploads\/2013\/10\/01-Salon-International-du-Patrimoine-Culturel-2013-AAF.jpg\" \/>\n\t<meta property=\"og:image:width\" content=\"595\" \/>\n\t<meta property=\"og:image:height\" content=\"841\" \/>\n<meta name=\"twitter:card\" content=\"summary_large_image\" \/>\n<script type=\"application\/ld+json\" class=\"yoast-schema-graph\">{\"@context\":\"https:\/\/schema.org\",\"@graph\":[{\"@type\":\"Organization\",\"@id\":\"https:\/\/essentia-mobilia.com\/blog\/#organization\",\"name\":\"Essentia MOBILIA\",\"url\":\"https:\/\/essentia-mobilia.com\/blog\/\",\"sameAs\":[\"https:\/\/www.facebook.com\/EssentiaMobilia\",\"https:\/\/www.instagram.com\/essentiamobilia\/\",\"https:\/\/fr.pinterest.com\/essentia_mobilia\/\"],\"logo\":{\"@type\":\"ImageObject\",\"@id\":\"https:\/\/essentia-mobilia.com\/blog\/#logo\",\"inLanguage\":\"fr-FR\",\"url\":\"https:\/\/essentia-mobilia.com\/blog\/wp-content\/uploads\/2023\/12\/cropped-essentia-mobilia-logo.jpg\",\"width\":171,\"height\":73,\"caption\":\"Essentia MOBILIA\"},\"image\":{\"@id\":\"https:\/\/essentia-mobilia.com\/blog\/#logo\"}},{\"@type\":\"WebSite\",\"@id\":\"https:\/\/essentia-mobilia.com\/blog\/#website\",\"url\":\"https:\/\/essentia-mobilia.com\/blog\/\",\"name\":\"Blog d\\u00e9coration et design de Essentia MOBILIA\",\"description\":\"\",\"publisher\":{\"@id\":\"https:\/\/essentia-mobilia.com\/blog\/#organization\"},\"potentialAction\":[{\"@type\":\"SearchAction\",\"target\":\"https:\/\/essentia-mobilia.com\/blog\/?s={search_term_string}\",\"query-input\":\"required name=search_term_string\"}],\"inLanguage\":\"fr-FR\"},{\"@type\":\"ImageObject\",\"@id\":\"https:\/\/essentia-mobilia.com\/blog\/save-the-date-salon-international-du-patrimoine-culturel-a-paris\/#primaryimage\",\"inLanguage\":\"fr-FR\",\"url\":\"https:\/\/essentia-mobilia.com\/blog\/wp-content\/uploads\/2013\/10\/01-Salon-International-du-Patrimoine-Culturel-2013-AAF.jpg\",\"width\":595,\"height\":841},{\"@type\":\"WebPage\",\"@id\":\"https:\/\/essentia-mobilia.com\/blog\/save-the-date-salon-international-du-patrimoine-culturel-a-paris\/#webpage\",\"url\":\"https:\/\/essentia-mobilia.com\/blog\/save-the-date-salon-international-du-patrimoine-culturel-a-paris\/\",\"name\":\"Save the date : Salon International du Patrimoine Culturel \\u00e0 Paris\",\"isPartOf\":{\"@id\":\"https:\/\/essentia-mobilia.com\/blog\/#website\"},\"primaryImageOfPage\":{\"@id\":\"https:\/\/essentia-mobilia.com\/blog\/save-the-date-salon-international-du-patrimoine-culturel-a-paris\/#primaryimage\"},\"datePublished\":\"2013-10-02T20:52:15+00:00\",\"dateModified\":\"2026-02-13T15:48:49+00:00\",\"description\":\"Le\\u00a0Salon International du Patrimoine Culturel\\u00a0accueille plus de 320 exposants fran\\u00e7ais et internationaux : artisans d'art, restaurateurs...\",\"breadcrumb\":{\"@id\":\"https:\/\/essentia-mobilia.com\/blog\/save-the-date-salon-international-du-patrimoine-culturel-a-paris\/#breadcrumb\"},\"inLanguage\":\"fr-FR\",\"potentialAction\":[{\"@type\":\"ReadAction\",\"target\":[\"https:\/\/essentia-mobilia.com\/blog\/save-the-date-salon-international-du-patrimoine-culturel-a-paris\/\"]}]},{\"@type\":\"BreadcrumbList\",\"@id\":\"https:\/\/essentia-mobilia.com\/blog\/save-the-date-salon-international-du-patrimoine-culturel-a-paris\/#breadcrumb\",\"itemListElement\":[{\"@type\":\"ListItem\",\"position\":1,\"item\":{\"@type\":\"WebPage\",\"@id\":\"https:\/\/essentia-mobilia.com\/blog\/\",\"url\":\"https:\/\/essentia-mobilia.com\/blog\/\",\"name\":\"Accueil\"}},{\"@type\":\"ListItem\",\"position\":2,\"item\":{\"@type\":\"WebPage\",\"@id\":\"https:\/\/essentia-mobilia.com\/blog\/save-the-date-salon-international-du-patrimoine-culturel-a-paris\/\",\"url\":\"https:\/\/essentia-mobilia.com\/blog\/save-the-date-salon-international-du-patrimoine-culturel-a-paris\/\",\"name\":\"Save the date : Salon International du Patrimoine Culturel \\u00e0 Paris\"}}]},{\"@type\":\"Article\",\"@id\":\"https:\/\/essentia-mobilia.com\/blog\/save-the-date-salon-international-du-patrimoine-culturel-a-paris\/#article\",\"isPartOf\":{\"@id\":\"https:\/\/essentia-mobilia.com\/blog\/save-the-date-salon-international-du-patrimoine-culturel-a-paris\/#webpage\"},\"author\":{\"@id\":\"https:\/\/essentia-mobilia.com\/blog\/#\/schema\/person\/f06deeaf73a4baf06738372a688cf68a\"},\"headline\":\"Save the date : Salon International du Patrimoine Culturel \\u00e0 Paris\",\"datePublished\":\"2013-10-02T20:52:15+00:00\",\"dateModified\":\"2026-02-13T15:48:49+00:00\",\"mainEntityOfPage\":{\"@id\":\"https:\/\/essentia-mobilia.com\/blog\/save-the-date-salon-international-du-patrimoine-culturel-a-paris\/#webpage\"},\"commentCount\":0,\"publisher\":{\"@id\":\"https:\/\/essentia-mobilia.com\/blog\/#organization\"},\"image\":{\"@id\":\"https:\/\/essentia-mobilia.com\/blog\/save-the-date-salon-international-du-patrimoine-culturel-a-paris\/#primaryimage\"},\"articleSection\":\"Mobilier design\",\"inLanguage\":\"fr-FR\",\"potentialAction\":[{\"@type\":\"CommentAction\",\"name\":\"Comment\",\"target\":[\"https:\/\/essentia-mobilia.com\/blog\/save-the-date-salon-international-du-patrimoine-culturel-a-paris\/#respond\"]}]},{\"@type\":\"Person\",\"@id\":\"https:\/\/essentia-mobilia.com\/blog\/#\/schema\/person\/f06deeaf73a4baf06738372a688cf68a\",\"name\":\"myessentiamobilia\",\"image\":{\"@type\":\"ImageObject\",\"@id\":\"https:\/\/essentia-mobilia.com\/blog\/#personlogo\",\"inLanguage\":\"fr-FR\",\"url\":\"https:\/\/secure.gravatar.com\/avatar\/bec63f027f1251faa237003116590784?s=96&d=mm&r=g\",\"caption\":\"myessentiamobilia\"},\"description\":\"A travers ce blog, je partage mes conseils de design et d\\u00e9coration int\\u00e9rieure.\"}]}<\/script>\n<!-- \/ Yoast SEO plugin. -->","_links":{"self":[{"href":"https:\/\/essentia-mobilia.com\/blog\/wp-json\/wp\/v2\/posts\/454"}],"collection":[{"href":"https:\/\/essentia-mobilia.com\/blog\/wp-json\/wp\/v2\/posts"}],"about":[{"href":"https:\/\/essentia-mobilia.com\/blog\/wp-json\/wp\/v2\/types\/post"}],"author":[{"embeddable":true,"href":"https:\/\/essentia-mobilia.com\/blog\/wp-json\/wp\/v2\/users\/1"}],"replies":[{"embeddable":true,"href":"https:\/\/essentia-mobilia.com\/blog\/wp-json\/wp\/v2\/comments?post=454"}],"version-history":[{"count":4,"href":"https:\/\/essentia-mobilia.com\/blog\/wp-json\/wp\/v2\/posts\/454\/revisions"}],"predecessor-version":[{"id":3474,"href":"https:\/\/essentia-mobilia.com\/blog\/wp-json\/wp\/v2\/posts\/454\/revisions\/3474"}],"wp:featuredmedia":[{"embeddable":true,"href":"https:\/\/essentia-mobilia.com\/blog\/wp-json\/wp\/v2\/media\/721"}],"wp:attachment":[{"href":"https:\/\/essentia-mobilia.com\/blog\/wp-json\/wp\/v2\/media?parent=454"}],"wp:term":[{"taxonomy":"category","embeddable":true,"href":"https:\/\/essentia-mobilia.com\/blog\/wp-json\/wp\/v2\/categories?post=454"},{"taxonomy":"post_tag","embeddable":true,"href":"https:\/\/essentia-mobilia.com\/blog\/wp-json\/wp\/v2\/tags?post=454"}],"curies":[{"name":"wp","href":"https:\/\/api.w.org\/{rel}","templated":true}]}}