{"id":429,"date":"2012-11-28T22:39:15","date_gmt":"2012-11-28T21:39:15","guid":{"rendered":"http:\/\/essentia-paris.com\/blog\/?p=429"},"modified":"2026-02-13T20:36:13","modified_gmt":"2026-02-13T19:36:13","slug":"les-metiers-dart-de-la-creation-et-du-luxe-bientot-au-grand-palais","status":"publish","type":"post","link":"https:\/\/essentia-mobilia.com\/blog\/les-metiers-dart-de-la-creation-et-du-luxe-bientot-au-grand-palais\/","title":{"rendered":"Les m\u00e9tiers d&rsquo;art de la cr\u00e9ation et du luxe bient\u00f4t au Grand Palais"},"content":{"rendered":"\n<h1 class=\"wp-block-heading\">Les m\u00e9tiers d&rsquo;art de la cr\u00e9ation et du luxe bient\u00f4t au Grand Palais<\/h1>\n\n\n<div class=\"wp-block-image\">\n<figure class=\"alignleft\"><a href=\"\/blog\/wp-content\/uploads\/2012\/11\/biennale-Grand-Palais.jpg\"><img decoding=\"async\" src=\"\/blog\/wp-content\/uploads\/2012\/11\/biennale-Grand-Palais.jpg\" alt=\"biennale - Grand Palais\" class=\"wp-image-1408\" title=\"biennale - Grand Palais\"\/><\/a><\/figure><\/div>\n\n\n<p><strong>Les Ateliers d&rsquo;Art de France<\/strong>, copropri\u00e9taires avec le groupe Reed du Salon professionnel Maison et Objet et propri\u00e9taires du Salon international du Patrimoine culturel au Carrousel du Louvre&nbsp;<strong>souhaitent lancer en 2013 une grande manifestation au Grand Palais autour de l&rsquo;artisanat d&rsquo;art<\/strong>&nbsp;: \u00ab\u00a0R\u00e9v\u00e9lations Paris XXI\u00e8me si\u00e8cle\u00a0\u00bb. Cette&nbsp;<strong>Biennale des M\u00e9tiers d&rsquo;Art, de la cr\u00e9ation et du luxe<\/strong>&nbsp;se tiendra en alternance avec la prestigieuse Biennale des Antiquaires. Le Pr\u00e9sident des Ateliers d&rsquo;Art de France Serge Nicole d\u00e9clare :&nbsp;<em>\u00ab R\u00e9v\u00e9lations valorisera l&rsquo;artisanat au service de la cr\u00e9ation et du luxe. Il accueillera des galeries d&rsquo;art sp\u00e9cialis\u00e9es dans ces savoir-faire, des artisans travaillant pour des maisons comme Chanel, Herm\u00e8s, ou pour de grands d\u00e9corateurs \u00bb.&nbsp;\u00ab\u00a0<strong>si le 100&nbsp;% fran\u00e7ais existe, c&rsquo;est bien dans les m\u00e9tiers d&rsquo;art&nbsp;!<\/strong>&nbsp;\u00ab\u00a0.&nbsp;<\/em>Seront pr\u00e9sents : des ateliers d&rsquo;art, des maisons du luxe, des galeries, des artisans d&rsquo;art, des galeries, des institutions.<\/p>\n\n\n\n<p>Les m\u00e9tiers d&rsquo;art repr\u00e9sentent&nbsp;<strong>55 000 emplois soit 35 000 ateliers \u00e0 travers 217 m\u00e9tiers.<\/strong>&nbsp;Objectif affich\u00e9 par Serge Nicole :&nbsp;<strong>\u00ab\u00a0faire exister ces m\u00e9tiers comme un secteur \u00e9conomique propre\u00a0\u00bb. On ne peut qu&rsquo;applaudir !<\/strong><\/p>\n","protected":false},"excerpt":{"rendered":"<p>Les m\u00e9tiers d&rsquo;art de la cr\u00e9ation et du luxe bient\u00f4t au Grand Palais Les Ateliers d&rsquo;Art de France, copropri\u00e9taires avec le groupe Reed du Salon professionnel Maison et Objet et propri\u00e9taires du Salon international du Patrimoine culturel au Carrousel du Louvre&nbsp;souhaitent lancer en 2013 une grande manifestation au Grand Palais autour de l&rsquo;artisanat d&rsquo;art&nbsp;: \u00ab\u00a0R\u00e9v\u00e9lations [&hellip;]<\/p>\n","protected":false},"author":1,"featured_media":753,"comment_status":"open","ping_status":"open","sticky":false,"template":"","format":"standard","meta":{"footnotes":""},"categories":[32],"tags":[],"yoast_head":"<!-- This site is optimized with the Yoast SEO plugin v15.0 - https:\/\/yoast.com\/wordpress\/plugins\/seo\/ -->\n<title>Les m\u00e9tiers d&#039;art de la cr\u00e9ation et du luxe bient\u00f4t au Grand Palais<\/title>\n<meta name=\"description\" content=\"Les Ateliers d&#039;Art de France souhaitent lancer en 2013 une grande manifestation au Grand Palais autour de l&#039;artisanat d&#039;art\u00a0: &quot;R\u00e9v\u00e9lations Paris XXI\u00e8me si\u00e8cle&quot;.\" \/>\n<meta name=\"robots\" content=\"index, follow, max-snippet:-1, max-image-preview:large, max-video-preview:-1\" \/>\n<link rel=\"canonical\" href=\"https:\/\/essentia-mobilia.com\/blog\/les-metiers-dart-de-la-creation-et-du-luxe-bientot-au-grand-palais\/\" \/>\n<meta property=\"og:locale\" content=\"fr_FR\" \/>\n<meta property=\"og:type\" content=\"article\" \/>\n<meta property=\"og:title\" content=\"Les m\u00e9tiers d&#039;art de la cr\u00e9ation et du luxe bient\u00f4t au Grand Palais\" \/>\n<meta property=\"og:description\" content=\"Les Ateliers d&#039;Art de France souhaitent lancer en 2013 une grande manifestation au Grand Palais autour de l&#039;artisanat d&#039;art\u00a0: &quot;R\u00e9v\u00e9lations Paris XXI\u00e8me si\u00e8cle&quot;.\" \/>\n<meta property=\"og:url\" content=\"https:\/\/essentia-mobilia.com\/blog\/les-metiers-dart-de-la-creation-et-du-luxe-bientot-au-grand-palais\/\" \/>\n<meta property=\"og:site_name\" content=\"Blog d\u00e9coration et design de Essentia MOBILIA\" \/>\n<meta property=\"article:publisher\" content=\"https:\/\/www.facebook.com\/EssentiaMobilia\" \/>\n<meta property=\"article:published_time\" content=\"2012-11-28T21:39:15+00:00\" \/>\n<meta property=\"article:modified_time\" content=\"2026-02-13T19:36:13+00:00\" \/>\n<meta property=\"og:image\" content=\"https:\/\/essentia-mobilia.com\/blog\/wp-content\/uploads\/2013\/02\/31-biennale-Grand-Palais.jpg\" \/>\n\t<meta property=\"og:image:width\" content=\"360\" \/>\n\t<meta property=\"og:image:height\" content=\"549\" \/>\n<meta name=\"twitter:card\" content=\"summary_large_image\" \/>\n<script type=\"application\/ld+json\" class=\"yoast-schema-graph\">{\"@context\":\"https:\/\/schema.org\",\"@graph\":[{\"@type\":\"Organization\",\"@id\":\"https:\/\/essentia-mobilia.com\/blog\/#organization\",\"name\":\"Essentia MOBILIA\",\"url\":\"https:\/\/essentia-mobilia.com\/blog\/\",\"sameAs\":[\"https:\/\/www.facebook.com\/EssentiaMobilia\",\"https:\/\/www.instagram.com\/essentiamobilia\/\",\"https:\/\/fr.pinterest.com\/essentia_mobilia\/\"],\"logo\":{\"@type\":\"ImageObject\",\"@id\":\"https:\/\/essentia-mobilia.com\/blog\/#logo\",\"inLanguage\":\"fr-FR\",\"url\":\"https:\/\/essentia-mobilia.com\/blog\/wp-content\/uploads\/2023\/12\/cropped-essentia-mobilia-logo.jpg\",\"width\":171,\"height\":73,\"caption\":\"Essentia MOBILIA\"},\"image\":{\"@id\":\"https:\/\/essentia-mobilia.com\/blog\/#logo\"}},{\"@type\":\"WebSite\",\"@id\":\"https:\/\/essentia-mobilia.com\/blog\/#website\",\"url\":\"https:\/\/essentia-mobilia.com\/blog\/\",\"name\":\"Blog d\\u00e9coration et design de Essentia MOBILIA\",\"description\":\"\",\"publisher\":{\"@id\":\"https:\/\/essentia-mobilia.com\/blog\/#organization\"},\"potentialAction\":[{\"@type\":\"SearchAction\",\"target\":\"https:\/\/essentia-mobilia.com\/blog\/?s={search_term_string}\",\"query-input\":\"required name=search_term_string\"}],\"inLanguage\":\"fr-FR\"},{\"@type\":\"ImageObject\",\"@id\":\"https:\/\/essentia-mobilia.com\/blog\/les-metiers-dart-de-la-creation-et-du-luxe-bientot-au-grand-palais\/#primaryimage\",\"inLanguage\":\"fr-FR\",\"url\":\"https:\/\/essentia-mobilia.com\/blog\/wp-content\/uploads\/2013\/02\/31-biennale-Grand-Palais.jpg\",\"width\":360,\"height\":549},{\"@type\":\"WebPage\",\"@id\":\"https:\/\/essentia-mobilia.com\/blog\/les-metiers-dart-de-la-creation-et-du-luxe-bientot-au-grand-palais\/#webpage\",\"url\":\"https:\/\/essentia-mobilia.com\/blog\/les-metiers-dart-de-la-creation-et-du-luxe-bientot-au-grand-palais\/\",\"name\":\"Les m\\u00e9tiers d'art de la cr\\u00e9ation et du luxe bient\\u00f4t au Grand Palais\",\"isPartOf\":{\"@id\":\"https:\/\/essentia-mobilia.com\/blog\/#website\"},\"primaryImageOfPage\":{\"@id\":\"https:\/\/essentia-mobilia.com\/blog\/les-metiers-dart-de-la-creation-et-du-luxe-bientot-au-grand-palais\/#primaryimage\"},\"datePublished\":\"2012-11-28T21:39:15+00:00\",\"dateModified\":\"2026-02-13T19:36:13+00:00\",\"description\":\"Les Ateliers d'Art de France souhaitent lancer en 2013 une grande manifestation au Grand Palais autour de l'artisanat d'art\\u00a0: \\\"R\\u00e9v\\u00e9lations Paris XXI\\u00e8me si\\u00e8cle\\\".\",\"breadcrumb\":{\"@id\":\"https:\/\/essentia-mobilia.com\/blog\/les-metiers-dart-de-la-creation-et-du-luxe-bientot-au-grand-palais\/#breadcrumb\"},\"inLanguage\":\"fr-FR\",\"potentialAction\":[{\"@type\":\"ReadAction\",\"target\":[\"https:\/\/essentia-mobilia.com\/blog\/les-metiers-dart-de-la-creation-et-du-luxe-bientot-au-grand-palais\/\"]}]},{\"@type\":\"BreadcrumbList\",\"@id\":\"https:\/\/essentia-mobilia.com\/blog\/les-metiers-dart-de-la-creation-et-du-luxe-bientot-au-grand-palais\/#breadcrumb\",\"itemListElement\":[{\"@type\":\"ListItem\",\"position\":1,\"item\":{\"@type\":\"WebPage\",\"@id\":\"https:\/\/essentia-mobilia.com\/blog\/\",\"url\":\"https:\/\/essentia-mobilia.com\/blog\/\",\"name\":\"Accueil\"}},{\"@type\":\"ListItem\",\"position\":2,\"item\":{\"@type\":\"WebPage\",\"@id\":\"https:\/\/essentia-mobilia.com\/blog\/les-metiers-dart-de-la-creation-et-du-luxe-bientot-au-grand-palais\/\",\"url\":\"https:\/\/essentia-mobilia.com\/blog\/les-metiers-dart-de-la-creation-et-du-luxe-bientot-au-grand-palais\/\",\"name\":\"Les m\\u00e9tiers d&rsquo;art de la cr\\u00e9ation et du luxe bient\\u00f4t au Grand Palais\"}}]},{\"@type\":\"Article\",\"@id\":\"https:\/\/essentia-mobilia.com\/blog\/les-metiers-dart-de-la-creation-et-du-luxe-bientot-au-grand-palais\/#article\",\"isPartOf\":{\"@id\":\"https:\/\/essentia-mobilia.com\/blog\/les-metiers-dart-de-la-creation-et-du-luxe-bientot-au-grand-palais\/#webpage\"},\"author\":{\"@id\":\"https:\/\/essentia-mobilia.com\/blog\/#\/schema\/person\/f06deeaf73a4baf06738372a688cf68a\"},\"headline\":\"Les m\\u00e9tiers d&rsquo;art de la cr\\u00e9ation et du luxe bient\\u00f4t au Grand Palais\",\"datePublished\":\"2012-11-28T21:39:15+00:00\",\"dateModified\":\"2026-02-13T19:36:13+00:00\",\"mainEntityOfPage\":{\"@id\":\"https:\/\/essentia-mobilia.com\/blog\/les-metiers-dart-de-la-creation-et-du-luxe-bientot-au-grand-palais\/#webpage\"},\"commentCount\":0,\"publisher\":{\"@id\":\"https:\/\/essentia-mobilia.com\/blog\/#organization\"},\"image\":{\"@id\":\"https:\/\/essentia-mobilia.com\/blog\/les-metiers-dart-de-la-creation-et-du-luxe-bientot-au-grand-palais\/#primaryimage\"},\"articleSection\":\"Mobilier design\",\"inLanguage\":\"fr-FR\",\"potentialAction\":[{\"@type\":\"CommentAction\",\"name\":\"Comment\",\"target\":[\"https:\/\/essentia-mobilia.com\/blog\/les-metiers-dart-de-la-creation-et-du-luxe-bientot-au-grand-palais\/#respond\"]}]},{\"@type\":\"Person\",\"@id\":\"https:\/\/essentia-mobilia.com\/blog\/#\/schema\/person\/f06deeaf73a4baf06738372a688cf68a\",\"name\":\"myessentiamobilia\",\"image\":{\"@type\":\"ImageObject\",\"@id\":\"https:\/\/essentia-mobilia.com\/blog\/#personlogo\",\"inLanguage\":\"fr-FR\",\"url\":\"https:\/\/secure.gravatar.com\/avatar\/bec63f027f1251faa237003116590784?s=96&d=mm&r=g\",\"caption\":\"myessentiamobilia\"},\"description\":\"A travers ce blog, je partage mes conseils de design et d\\u00e9coration int\\u00e9rieure.\"}]}<\/script>\n<!-- \/ Yoast SEO plugin. -->","_links":{"self":[{"href":"https:\/\/essentia-mobilia.com\/blog\/wp-json\/wp\/v2\/posts\/429"}],"collection":[{"href":"https:\/\/essentia-mobilia.com\/blog\/wp-json\/wp\/v2\/posts"}],"about":[{"href":"https:\/\/essentia-mobilia.com\/blog\/wp-json\/wp\/v2\/types\/post"}],"author":[{"embeddable":true,"href":"https:\/\/essentia-mobilia.com\/blog\/wp-json\/wp\/v2\/users\/1"}],"replies":[{"embeddable":true,"href":"https:\/\/essentia-mobilia.com\/blog\/wp-json\/wp\/v2\/comments?post=429"}],"version-history":[{"count":2,"href":"https:\/\/essentia-mobilia.com\/blog\/wp-json\/wp\/v2\/posts\/429\/revisions"}],"predecessor-version":[{"id":3514,"href":"https:\/\/essentia-mobilia.com\/blog\/wp-json\/wp\/v2\/posts\/429\/revisions\/3514"}],"wp:featuredmedia":[{"embeddable":true,"href":"https:\/\/essentia-mobilia.com\/blog\/wp-json\/wp\/v2\/media\/753"}],"wp:attachment":[{"href":"https:\/\/essentia-mobilia.com\/blog\/wp-json\/wp\/v2\/media?parent=429"}],"wp:term":[{"taxonomy":"category","embeddable":true,"href":"https:\/\/essentia-mobilia.com\/blog\/wp-json\/wp\/v2\/categories?post=429"},{"taxonomy":"post_tag","embeddable":true,"href":"https:\/\/essentia-mobilia.com\/blog\/wp-json\/wp\/v2\/tags?post=429"}],"curies":[{"name":"wp","href":"https:\/\/api.w.org\/{rel}","templated":true}]}}