{"id":428,"date":"2012-11-30T22:39:15","date_gmt":"2012-11-30T21:39:15","guid":{"rendered":"http:\/\/essentia-paris.com\/blog\/?p=428"},"modified":"2026-02-13T20:35:49","modified_gmt":"2026-02-13T19:35:49","slug":"lhotel-o-signe-par-le-designer-ora-ito","status":"publish","type":"post","link":"https:\/\/essentia-mobilia.com\/blog\/lhotel-o-signe-par-le-designer-ora-ito\/","title":{"rendered":"L&rsquo;Hotel O sign\u00e9 par le designer Ora-\u00cfto"},"content":{"rendered":"\n<h1 class=\"wp-block-heading\">L&rsquo;Hotel O sign\u00e9 par le designer Ora-\u00cfto<\/h1>\n\n\n\n<h3 class=\"wp-block-heading\">Design produit et design de mobilier de Ora-\u00cfto<\/h3>\n\n\n\n<p><strong>Le designer Ora-\u00cfto a men\u00e9 de nombreux projets de design produit et de design de mobilier : biblioth\u00e8que Ecco en mat\u00e9riaux recycl\u00e9s \u00e9dit\u00e9e par Steiner, fauteuil Eva en polyur\u00e9thane et acier \u00e9dit\u00e9 par Zanotta, gu\u00e9ridon et table en m\u00e9tal et verre argent\u00e9 \u00e9dit\u00e9s par Christofle&#8230;<\/strong><\/p>\n\n\n\n<h3 class=\"wp-block-heading\">Un h\u00f4tel design aux lignes futuristes par Ora-\u00cfto<\/h3>\n\n\n\n<p>Ora-\u00cfto a con\u00e7u cette ann\u00e9e&nbsp;<strong>son premier h\u00f4tel aux lignes futuristes et raffin\u00e9es<\/strong>,&nbsp;<strong>l&rsquo;Hotel O<\/strong>, situ\u00e9 dans le 1er arrondissement de Paris : un bar, une salle de petit d\u00e9jeuner et 29 chambres au design \u00e9pur\u00e9, avec pour chacune une couleur sp\u00e9cifique : violet profond, rose fuchsia, des lits styles capsule, des nuances de lumi\u00e8re subtiles, une salle de bain s\u00e9par\u00e9e de la chambre par un simple verre.<\/p>\n\n\n\n<p>Extraits d&rsquo;images depuis Google Images.&nbsp;<strong>L&rsquo;ambiance cocooning et futuriste<\/strong>&nbsp;se transmet naturellement.<\/p>\n\n\n\n<figure class=\"wp-block-image\"><a href=\"\/blog\/wp-content\/uploads\/2012\/11\/hotel-o-ora-ito-mosa%C3%AFque.jpg\"><img decoding=\"async\" src=\"\/blog\/wp-content\/uploads\/2012\/11\/hotel-o-ora-ito-mosa%C3%AFque.jpg\" alt=\"hotel o - ora ito - mosa\u00efque\" class=\"wp-image-1398\" title=\"hotel o - ora ito - mosa\u00efque\"\/><\/a><\/figure>\n","protected":false},"excerpt":{"rendered":"<p>L&rsquo;Hotel O sign\u00e9 par le designer Ora-\u00cfto Design produit et design de mobilier de Ora-\u00cfto Le designer Ora-\u00cfto a men\u00e9 de nombreux projets de design produit et de design de mobilier : biblioth\u00e8que Ecco en mat\u00e9riaux recycl\u00e9s \u00e9dit\u00e9e par Steiner, fauteuil Eva en polyur\u00e9thane et acier \u00e9dit\u00e9 par Zanotta, gu\u00e9ridon et table en m\u00e9tal et [&hellip;]<\/p>\n","protected":false},"author":1,"featured_media":751,"comment_status":"open","ping_status":"open","sticky":false,"template":"","format":"standard","meta":{"footnotes":""},"categories":[32],"tags":[],"yoast_head":"<!-- This site is optimized with the Yoast SEO plugin v15.0 - https:\/\/yoast.com\/wordpress\/plugins\/seo\/ -->\n<title>L&#039;Hotel O sign\u00e9 par le designer Ora-\u00cfto<\/title>\n<meta name=\"description\" content=\"Ora-\u00cfto a con\u00e7u cette ann\u00e9e\u00a0son premier h\u00f4tel aux lignes futuristes et raffin\u00e9es,\u00a0l&#039;Hotel O, situ\u00e9 dans le 1er arrondissement de Paris : un bar, une salle de petit d\u00e9jeuner et 29 chambres au design \u00e9pur\u00e9.\" \/>\n<meta name=\"robots\" content=\"index, follow, max-snippet:-1, max-image-preview:large, max-video-preview:-1\" \/>\n<link rel=\"canonical\" href=\"https:\/\/essentia-mobilia.com\/blog\/lhotel-o-signe-par-le-designer-ora-ito\/\" \/>\n<meta property=\"og:locale\" content=\"fr_FR\" \/>\n<meta property=\"og:type\" content=\"article\" \/>\n<meta property=\"og:title\" content=\"L&#039;Hotel O sign\u00e9 par le designer Ora-\u00cfto\" \/>\n<meta property=\"og:description\" content=\"Ora-\u00cfto a con\u00e7u cette ann\u00e9e\u00a0son premier h\u00f4tel aux lignes futuristes et raffin\u00e9es,\u00a0l&#039;Hotel O, situ\u00e9 dans le 1er arrondissement de Paris : un bar, une salle de petit d\u00e9jeuner et 29 chambres au design \u00e9pur\u00e9.\" \/>\n<meta property=\"og:url\" content=\"https:\/\/essentia-mobilia.com\/blog\/lhotel-o-signe-par-le-designer-ora-ito\/\" \/>\n<meta property=\"og:site_name\" content=\"Blog d\u00e9coration et design de Essentia MOBILIA\" \/>\n<meta property=\"article:publisher\" content=\"https:\/\/www.facebook.com\/EssentiaMobilia\" \/>\n<meta property=\"article:published_time\" content=\"2012-11-30T21:39:15+00:00\" \/>\n<meta property=\"article:modified_time\" content=\"2026-02-13T19:35:49+00:00\" \/>\n<meta property=\"og:image\" content=\"https:\/\/essentia-mobilia.com\/blog\/wp-content\/uploads\/2013\/02\/29-hotel-o-ora-ito-mosaique.jpg\" \/>\n\t<meta property=\"og:image:width\" content=\"1866\" \/>\n\t<meta property=\"og:image:height\" content=\"604\" \/>\n<meta name=\"twitter:card\" content=\"summary_large_image\" \/>\n<script type=\"application\/ld+json\" class=\"yoast-schema-graph\">{\"@context\":\"https:\/\/schema.org\",\"@graph\":[{\"@type\":\"Organization\",\"@id\":\"https:\/\/essentia-mobilia.com\/blog\/#organization\",\"name\":\"Essentia MOBILIA\",\"url\":\"https:\/\/essentia-mobilia.com\/blog\/\",\"sameAs\":[\"https:\/\/www.facebook.com\/EssentiaMobilia\",\"https:\/\/www.instagram.com\/essentiamobilia\/\",\"https:\/\/fr.pinterest.com\/essentia_mobilia\/\"],\"logo\":{\"@type\":\"ImageObject\",\"@id\":\"https:\/\/essentia-mobilia.com\/blog\/#logo\",\"inLanguage\":\"fr-FR\",\"url\":\"https:\/\/essentia-mobilia.com\/blog\/wp-content\/uploads\/2023\/12\/cropped-essentia-mobilia-logo.jpg\",\"width\":171,\"height\":73,\"caption\":\"Essentia MOBILIA\"},\"image\":{\"@id\":\"https:\/\/essentia-mobilia.com\/blog\/#logo\"}},{\"@type\":\"WebSite\",\"@id\":\"https:\/\/essentia-mobilia.com\/blog\/#website\",\"url\":\"https:\/\/essentia-mobilia.com\/blog\/\",\"name\":\"Blog d\\u00e9coration et design de Essentia MOBILIA\",\"description\":\"\",\"publisher\":{\"@id\":\"https:\/\/essentia-mobilia.com\/blog\/#organization\"},\"potentialAction\":[{\"@type\":\"SearchAction\",\"target\":\"https:\/\/essentia-mobilia.com\/blog\/?s={search_term_string}\",\"query-input\":\"required name=search_term_string\"}],\"inLanguage\":\"fr-FR\"},{\"@type\":\"ImageObject\",\"@id\":\"https:\/\/essentia-mobilia.com\/blog\/lhotel-o-signe-par-le-designer-ora-ito\/#primaryimage\",\"inLanguage\":\"fr-FR\",\"url\":\"https:\/\/essentia-mobilia.com\/blog\/wp-content\/uploads\/2013\/02\/29-hotel-o-ora-ito-mosaique.jpg\",\"width\":1866,\"height\":604},{\"@type\":\"WebPage\",\"@id\":\"https:\/\/essentia-mobilia.com\/blog\/lhotel-o-signe-par-le-designer-ora-ito\/#webpage\",\"url\":\"https:\/\/essentia-mobilia.com\/blog\/lhotel-o-signe-par-le-designer-ora-ito\/\",\"name\":\"L'Hotel O sign\\u00e9 par le designer Ora-\\u00cfto\",\"isPartOf\":{\"@id\":\"https:\/\/essentia-mobilia.com\/blog\/#website\"},\"primaryImageOfPage\":{\"@id\":\"https:\/\/essentia-mobilia.com\/blog\/lhotel-o-signe-par-le-designer-ora-ito\/#primaryimage\"},\"datePublished\":\"2012-11-30T21:39:15+00:00\",\"dateModified\":\"2026-02-13T19:35:49+00:00\",\"description\":\"Ora-\\u00cfto a con\\u00e7u cette ann\\u00e9e\\u00a0son premier h\\u00f4tel aux lignes futuristes et raffin\\u00e9es,\\u00a0l'Hotel O, situ\\u00e9 dans le 1er arrondissement de Paris : un bar, une salle de petit d\\u00e9jeuner et 29 chambres au design \\u00e9pur\\u00e9.\",\"breadcrumb\":{\"@id\":\"https:\/\/essentia-mobilia.com\/blog\/lhotel-o-signe-par-le-designer-ora-ito\/#breadcrumb\"},\"inLanguage\":\"fr-FR\",\"potentialAction\":[{\"@type\":\"ReadAction\",\"target\":[\"https:\/\/essentia-mobilia.com\/blog\/lhotel-o-signe-par-le-designer-ora-ito\/\"]}]},{\"@type\":\"BreadcrumbList\",\"@id\":\"https:\/\/essentia-mobilia.com\/blog\/lhotel-o-signe-par-le-designer-ora-ito\/#breadcrumb\",\"itemListElement\":[{\"@type\":\"ListItem\",\"position\":1,\"item\":{\"@type\":\"WebPage\",\"@id\":\"https:\/\/essentia-mobilia.com\/blog\/\",\"url\":\"https:\/\/essentia-mobilia.com\/blog\/\",\"name\":\"Accueil\"}},{\"@type\":\"ListItem\",\"position\":2,\"item\":{\"@type\":\"WebPage\",\"@id\":\"https:\/\/essentia-mobilia.com\/blog\/lhotel-o-signe-par-le-designer-ora-ito\/\",\"url\":\"https:\/\/essentia-mobilia.com\/blog\/lhotel-o-signe-par-le-designer-ora-ito\/\",\"name\":\"L&rsquo;Hotel O sign\\u00e9 par le designer Ora-\\u00cfto\"}}]},{\"@type\":\"Article\",\"@id\":\"https:\/\/essentia-mobilia.com\/blog\/lhotel-o-signe-par-le-designer-ora-ito\/#article\",\"isPartOf\":{\"@id\":\"https:\/\/essentia-mobilia.com\/blog\/lhotel-o-signe-par-le-designer-ora-ito\/#webpage\"},\"author\":{\"@id\":\"https:\/\/essentia-mobilia.com\/blog\/#\/schema\/person\/f06deeaf73a4baf06738372a688cf68a\"},\"headline\":\"L&rsquo;Hotel O sign\\u00e9 par le designer Ora-\\u00cfto\",\"datePublished\":\"2012-11-30T21:39:15+00:00\",\"dateModified\":\"2026-02-13T19:35:49+00:00\",\"mainEntityOfPage\":{\"@id\":\"https:\/\/essentia-mobilia.com\/blog\/lhotel-o-signe-par-le-designer-ora-ito\/#webpage\"},\"commentCount\":0,\"publisher\":{\"@id\":\"https:\/\/essentia-mobilia.com\/blog\/#organization\"},\"image\":{\"@id\":\"https:\/\/essentia-mobilia.com\/blog\/lhotel-o-signe-par-le-designer-ora-ito\/#primaryimage\"},\"articleSection\":\"Mobilier design\",\"inLanguage\":\"fr-FR\",\"potentialAction\":[{\"@type\":\"CommentAction\",\"name\":\"Comment\",\"target\":[\"https:\/\/essentia-mobilia.com\/blog\/lhotel-o-signe-par-le-designer-ora-ito\/#respond\"]}]},{\"@type\":\"Person\",\"@id\":\"https:\/\/essentia-mobilia.com\/blog\/#\/schema\/person\/f06deeaf73a4baf06738372a688cf68a\",\"name\":\"myessentiamobilia\",\"image\":{\"@type\":\"ImageObject\",\"@id\":\"https:\/\/essentia-mobilia.com\/blog\/#personlogo\",\"inLanguage\":\"fr-FR\",\"url\":\"https:\/\/secure.gravatar.com\/avatar\/bec63f027f1251faa237003116590784?s=96&d=mm&r=g\",\"caption\":\"myessentiamobilia\"},\"description\":\"A travers ce blog, je partage mes conseils de design et d\\u00e9coration int\\u00e9rieure.\"}]}<\/script>\n<!-- \/ Yoast SEO plugin. -->","_links":{"self":[{"href":"https:\/\/essentia-mobilia.com\/blog\/wp-json\/wp\/v2\/posts\/428"}],"collection":[{"href":"https:\/\/essentia-mobilia.com\/blog\/wp-json\/wp\/v2\/posts"}],"about":[{"href":"https:\/\/essentia-mobilia.com\/blog\/wp-json\/wp\/v2\/types\/post"}],"author":[{"embeddable":true,"href":"https:\/\/essentia-mobilia.com\/blog\/wp-json\/wp\/v2\/users\/1"}],"replies":[{"embeddable":true,"href":"https:\/\/essentia-mobilia.com\/blog\/wp-json\/wp\/v2\/comments?post=428"}],"version-history":[{"count":2,"href":"https:\/\/essentia-mobilia.com\/blog\/wp-json\/wp\/v2\/posts\/428\/revisions"}],"predecessor-version":[{"id":3512,"href":"https:\/\/essentia-mobilia.com\/blog\/wp-json\/wp\/v2\/posts\/428\/revisions\/3512"}],"wp:featuredmedia":[{"embeddable":true,"href":"https:\/\/essentia-mobilia.com\/blog\/wp-json\/wp\/v2\/media\/751"}],"wp:attachment":[{"href":"https:\/\/essentia-mobilia.com\/blog\/wp-json\/wp\/v2\/media?parent=428"}],"wp:term":[{"taxonomy":"category","embeddable":true,"href":"https:\/\/essentia-mobilia.com\/blog\/wp-json\/wp\/v2\/categories?post=428"},{"taxonomy":"post_tag","embeddable":true,"href":"https:\/\/essentia-mobilia.com\/blog\/wp-json\/wp\/v2\/tags?post=428"}],"curies":[{"name":"wp","href":"https:\/\/api.w.org\/{rel}","templated":true}]}}