{"id":424,"date":"2012-12-07T22:39:13","date_gmt":"2012-12-07T21:39:13","guid":{"rendered":"http:\/\/essentia-paris.com\/blog\/?p=424"},"modified":"2026-02-13T20:35:10","modified_gmt":"2026-02-13T19:35:10","slug":"le-mobilier-design-dans-american-psycho-de-mary-harron","status":"publish","type":"post","link":"https:\/\/essentia-mobilia.com\/blog\/le-mobilier-design-dans-american-psycho-de-mary-harron\/","title":{"rendered":"Le mobilier Design dans \u00ab\u00a0American Psycho\u00a0\u00bb de Mary Harron"},"content":{"rendered":"\n<h1 class=\"wp-block-heading\">Le mobilier Design dans \u00ab\u00a0American Psycho\u00a0\u00bb de Mary Harron<\/h1>\n\n\n\n<h3 class=\"wp-block-heading\">Mobilier design dans le film American Psycho<\/h3>\n\n\n\n<p>Le film am\u00e9ricain&nbsp;<strong>American Psycho<\/strong>&nbsp;a \u00e9t\u00e9 r\u00e9alis\u00e9 en 2000 par&nbsp;<strong>Mary Harron<\/strong>&nbsp;d&rsquo;apr\u00e8s le roman du m\u00eame nom de&nbsp;<strong>Brett Easton Ellis<\/strong>&nbsp;\u00e9crit en 1991. Le personnage central est un golden boy de Wall Street, riche et psychopathe. Il vit dans un luxueux appartement meubl\u00e9 (notre image) avec des&nbsp;<strong>pi\u00e8ces de design majeures<\/strong>. Saurez-vous les reconna\u00eetre dans ce living room design et \u00e9pur\u00e9 ?<\/p>\n\n\n\n<figure class=\"wp-block-image\"><a href=\"\/blog\/wp-content\/uploads\/2012\/12\/American-psycho-Mary-Harron-Hill-House-chair-barcelona-chair-Alana-coffee-table-.jpg\"><img decoding=\"async\" src=\"\/blog\/wp-content\/uploads\/2012\/12\/American-psycho-Mary-Harron-Hill-House-chair-barcelona-chair-Alana-coffee-table-.jpg\" alt=\"American psycho-Mary Harron-Hill House chair-barcelona chair-Alana coffee table\" class=\"wp-image-1647\" title=\"American psycho-Mary Harron-Hill House chair-barcelona chair-Alana coffee table\"\/><\/a><\/figure>\n\n\n\n<h3 class=\"wp-block-heading\">La chaise Hill House du designer anglais Charles Rennie Mackintosh<\/h3>\n\n\n\n<p>A gauche, la chaise&nbsp;<strong>Hill House<\/strong>&nbsp;cr\u00e9\u00e9e en 1902 par l&rsquo;architecte et designer anglais&nbsp;<strong><a href=\"\/blog\/un-shooting-de-meubles-par-karl-lagarfeld\/\">Charles Rennie Mackintosh<\/a><\/strong>&nbsp;pour la Hill House (Helensburgh). Elle pr\u00e9sente un haut dossier (forme de barreaux puis carr\u00e9s) et est con\u00e7ue comme un objet de d\u00e9coration.&nbsp;Elle est \u00e9dit\u00e9e par&nbsp;<strong><a href=\"\/blog\/cassina-reedite-nuage-de-charlotte-perriand\/\">Cassina<\/a><\/strong>. Mat\u00e9riaux : fr\u00eane teint\u00e9 noir, confection tissus sur assise rembourr\u00e9e.<\/p>\n\n\n\n<h3 class=\"wp-block-heading\">Deux chaise Barcelona de Ludwig Mies van der Rohe<\/h3>\n\n\n\n<p>Au fond : deux chaises&nbsp;<strong>Barcelona<\/strong>&nbsp;de l&rsquo;architecte allemand&nbsp;<strong>Ludwig Mies van der Rohe<\/strong>cr\u00e9\u00e9es en 1929 pour l&rsquo;exposition universelle de Barcelone. Elles sont \u00e9dit\u00e9es par l&rsquo;entreprise&nbsp;am\u00e9ricaine&nbsp;<strong><a href=\"\/blog\/retrospective-du-designer-marcel-breuer-par-le-vitra-design-museum\/\">Knoll<\/a><\/strong>. Les deux appuis pieds sont pr\u00e9sents mais&#8230; de l&rsquo;autre c\u00f4t\u00e9 de la table ! Mat\u00e9riaux : cuir moletonn\u00e9 \u00e0 rayures cousu \u00e0 la main, acier inoxydable.<\/p>\n\n\n\n<h3 class=\"wp-block-heading\">Table basse Alana de Paolo Piva<\/h3>\n\n\n\n<p>A droite la table basse&nbsp;<strong>Alana<\/strong>&nbsp;du designer italien&nbsp;<strong>Paolo Piva<\/strong>&nbsp;pour l&rsquo;\u00e9diteur&nbsp;<strong>B&amp;B Italia<\/strong>. Mat\u00e9riaux : structure en m\u00e9tal laqu\u00e9, plateau en verre.<\/p>\n\n\n\n<figure class=\"wp-block-image\"><a href=\"\/blog\/wp-content\/uploads\/2012\/12\/american-psycho-brno-flat-chair-ludwig-van-der-rohe.png\"><img decoding=\"async\" src=\"\/blog\/wp-content\/uploads\/2012\/12\/american-psycho-brno-flat-chair-ludwig-van-der-rohe.png\" alt=\"american-psycho-brno flat chair-ludwig van der rohe\" class=\"wp-image-1663\" title=\"american-psycho-brno flat chair-ludwig van der rohe\"\/><\/a><\/figure>\n\n\n\n<h3 class=\"wp-block-heading\">Chaises Brno de Ludwig van der Rohe<\/h3>\n\n\n\n<p>Les si\u00e8ges de standing pour visiteurs dans le bureau du golden boy sont des&nbsp;<strong>chaises Brno<\/strong> imagin\u00e9es par le designer&nbsp;<strong>Ludwig van der Rohe<\/strong>&nbsp;en 1930. Mat\u00e9riaux : structure en acier inox, confection polyur\u00e9thane et cuir.<\/p>\n\n\n\n<p>D&rsquo;autres pi\u00e8ces de design restent \u00e0 d\u00e9couvrir dans le film..<\/p>\n\n\n\n<p><strong>Vous serez peut \u00eatre aussi int\u00e9ress\u00e9 par ces articles :<\/strong><br><a href=\"https:\/\/essentia-mobilia.com\/blog\/reconnaitre-les-tables-basses-de-designers-dans-les-films-celebres\/\">Reconna\u00eetre les tables basses de designers dans les films c\u00e9l\u00e8bres<\/a><br><a href=\"https:\/\/essentia-mobilia.com\/blog\/le-mobilier-design-dans-2001-lodyssee-de-lespace-de-stanley-kubrick\/\">Le mobilier Design dans \u00ab\u00a02001 l&rsquo;Odyss\u00e9e de l&rsquo;Espace\u00a0\u00bb de Stanley Kubrick<\/a><br><\/p>\n","protected":false},"excerpt":{"rendered":"<p>Le mobilier Design dans \u00ab\u00a0American Psycho\u00a0\u00bb de Mary Harron Mobilier design dans le film American Psycho Le film am\u00e9ricain&nbsp;American Psycho&nbsp;a \u00e9t\u00e9 r\u00e9alis\u00e9 en 2000 par&nbsp;Mary Harron&nbsp;d&rsquo;apr\u00e8s le roman du m\u00eame nom de&nbsp;Brett Easton Ellis&nbsp;\u00e9crit en 1991. Le personnage central est un golden boy de Wall Street, riche et psychopathe. Il vit dans un luxueux appartement [&hellip;]<\/p>\n","protected":false},"author":1,"featured_media":749,"comment_status":"open","ping_status":"open","sticky":false,"template":"","format":"standard","meta":{"footnotes":""},"categories":[32],"tags":[],"yoast_head":"<!-- This site is optimized with the Yoast SEO plugin v15.0 - https:\/\/yoast.com\/wordpress\/plugins\/seo\/ -->\n<title>Le mobilier Design dans &quot;American Psycho&quot; de Mary Harron<\/title>\n<meta name=\"description\" content=\"Le film am\u00e9ricain\u00a0American Psycho\u00a0a \u00e9t\u00e9 r\u00e9alis\u00e9 en 2000 par\u00a0Mary Harron. Le personnage central vit dans un luxueux appartement meubl\u00e9 avec des\u00a0pi\u00e8ces de design majeures. Saurez-vous les reconna\u00eetre ?\" \/>\n<meta name=\"robots\" content=\"index, follow, max-snippet:-1, max-image-preview:large, max-video-preview:-1\" \/>\n<link rel=\"canonical\" href=\"https:\/\/essentia-mobilia.com\/blog\/le-mobilier-design-dans-american-psycho-de-mary-harron\/\" \/>\n<meta property=\"og:locale\" content=\"fr_FR\" \/>\n<meta property=\"og:type\" content=\"article\" \/>\n<meta property=\"og:title\" content=\"Le mobilier Design dans &quot;American Psycho&quot; de Mary Harron\" \/>\n<meta property=\"og:description\" content=\"Le film am\u00e9ricain\u00a0American Psycho\u00a0a \u00e9t\u00e9 r\u00e9alis\u00e9 en 2000 par\u00a0Mary Harron. Le personnage central vit dans un luxueux appartement meubl\u00e9 avec des\u00a0pi\u00e8ces de design majeures. Saurez-vous les reconna\u00eetre ?\" \/>\n<meta property=\"og:url\" content=\"https:\/\/essentia-mobilia.com\/blog\/le-mobilier-design-dans-american-psycho-de-mary-harron\/\" \/>\n<meta property=\"og:site_name\" content=\"Blog d\u00e9coration et design de Essentia MOBILIA\" \/>\n<meta property=\"article:publisher\" content=\"https:\/\/www.facebook.com\/EssentiaMobilia\" \/>\n<meta property=\"article:published_time\" content=\"2012-12-07T21:39:13+00:00\" \/>\n<meta property=\"article:modified_time\" content=\"2026-02-13T19:35:10+00:00\" \/>\n<meta property=\"og:image\" content=\"https:\/\/essentia-mobilia.com\/blog\/wp-content\/uploads\/2013\/02\/27-american-psycho-brno-flat-chair-ludwig-van-der-rohe.png\" \/>\n\t<meta property=\"og:image:width\" content=\"1920\" \/>\n\t<meta property=\"og:image:height\" content=\"1080\" \/>\n<meta name=\"twitter:card\" content=\"summary_large_image\" \/>\n<script type=\"application\/ld+json\" class=\"yoast-schema-graph\">{\"@context\":\"https:\/\/schema.org\",\"@graph\":[{\"@type\":\"Organization\",\"@id\":\"https:\/\/essentia-mobilia.com\/blog\/#organization\",\"name\":\"Essentia MOBILIA\",\"url\":\"https:\/\/essentia-mobilia.com\/blog\/\",\"sameAs\":[\"https:\/\/www.facebook.com\/EssentiaMobilia\",\"https:\/\/www.instagram.com\/essentiamobilia\/\",\"https:\/\/fr.pinterest.com\/essentia_mobilia\/\"],\"logo\":{\"@type\":\"ImageObject\",\"@id\":\"https:\/\/essentia-mobilia.com\/blog\/#logo\",\"inLanguage\":\"fr-FR\",\"url\":\"https:\/\/essentia-mobilia.com\/blog\/wp-content\/uploads\/2023\/12\/cropped-essentia-mobilia-logo.jpg\",\"width\":171,\"height\":73,\"caption\":\"Essentia MOBILIA\"},\"image\":{\"@id\":\"https:\/\/essentia-mobilia.com\/blog\/#logo\"}},{\"@type\":\"WebSite\",\"@id\":\"https:\/\/essentia-mobilia.com\/blog\/#website\",\"url\":\"https:\/\/essentia-mobilia.com\/blog\/\",\"name\":\"Blog d\\u00e9coration et design de Essentia MOBILIA\",\"description\":\"\",\"publisher\":{\"@id\":\"https:\/\/essentia-mobilia.com\/blog\/#organization\"},\"potentialAction\":[{\"@type\":\"SearchAction\",\"target\":\"https:\/\/essentia-mobilia.com\/blog\/?s={search_term_string}\",\"query-input\":\"required name=search_term_string\"}],\"inLanguage\":\"fr-FR\"},{\"@type\":\"ImageObject\",\"@id\":\"https:\/\/essentia-mobilia.com\/blog\/le-mobilier-design-dans-american-psycho-de-mary-harron\/#primaryimage\",\"inLanguage\":\"fr-FR\",\"url\":\"https:\/\/essentia-mobilia.com\/blog\/wp-content\/uploads\/2013\/02\/27-american-psycho-brno-flat-chair-ludwig-van-der-rohe.png\",\"width\":1920,\"height\":1080},{\"@type\":\"WebPage\",\"@id\":\"https:\/\/essentia-mobilia.com\/blog\/le-mobilier-design-dans-american-psycho-de-mary-harron\/#webpage\",\"url\":\"https:\/\/essentia-mobilia.com\/blog\/le-mobilier-design-dans-american-psycho-de-mary-harron\/\",\"name\":\"Le mobilier Design dans \\\"American Psycho\\\" de Mary Harron\",\"isPartOf\":{\"@id\":\"https:\/\/essentia-mobilia.com\/blog\/#website\"},\"primaryImageOfPage\":{\"@id\":\"https:\/\/essentia-mobilia.com\/blog\/le-mobilier-design-dans-american-psycho-de-mary-harron\/#primaryimage\"},\"datePublished\":\"2012-12-07T21:39:13+00:00\",\"dateModified\":\"2026-02-13T19:35:10+00:00\",\"description\":\"Le film am\\u00e9ricain\\u00a0American Psycho\\u00a0a \\u00e9t\\u00e9 r\\u00e9alis\\u00e9 en 2000 par\\u00a0Mary Harron. Le personnage central vit dans un luxueux appartement meubl\\u00e9 avec des\\u00a0pi\\u00e8ces de design majeures. Saurez-vous les reconna\\u00eetre ?\",\"breadcrumb\":{\"@id\":\"https:\/\/essentia-mobilia.com\/blog\/le-mobilier-design-dans-american-psycho-de-mary-harron\/#breadcrumb\"},\"inLanguage\":\"fr-FR\",\"potentialAction\":[{\"@type\":\"ReadAction\",\"target\":[\"https:\/\/essentia-mobilia.com\/blog\/le-mobilier-design-dans-american-psycho-de-mary-harron\/\"]}]},{\"@type\":\"BreadcrumbList\",\"@id\":\"https:\/\/essentia-mobilia.com\/blog\/le-mobilier-design-dans-american-psycho-de-mary-harron\/#breadcrumb\",\"itemListElement\":[{\"@type\":\"ListItem\",\"position\":1,\"item\":{\"@type\":\"WebPage\",\"@id\":\"https:\/\/essentia-mobilia.com\/blog\/\",\"url\":\"https:\/\/essentia-mobilia.com\/blog\/\",\"name\":\"Accueil\"}},{\"@type\":\"ListItem\",\"position\":2,\"item\":{\"@type\":\"WebPage\",\"@id\":\"https:\/\/essentia-mobilia.com\/blog\/le-mobilier-design-dans-american-psycho-de-mary-harron\/\",\"url\":\"https:\/\/essentia-mobilia.com\/blog\/le-mobilier-design-dans-american-psycho-de-mary-harron\/\",\"name\":\"Le mobilier Design dans \\u00ab\\u00a0American Psycho\\u00a0\\u00bb de Mary Harron\"}}]},{\"@type\":\"Article\",\"@id\":\"https:\/\/essentia-mobilia.com\/blog\/le-mobilier-design-dans-american-psycho-de-mary-harron\/#article\",\"isPartOf\":{\"@id\":\"https:\/\/essentia-mobilia.com\/blog\/le-mobilier-design-dans-american-psycho-de-mary-harron\/#webpage\"},\"author\":{\"@id\":\"https:\/\/essentia-mobilia.com\/blog\/#\/schema\/person\/f06deeaf73a4baf06738372a688cf68a\"},\"headline\":\"Le mobilier Design dans \\u00ab\\u00a0American Psycho\\u00a0\\u00bb de Mary Harron\",\"datePublished\":\"2012-12-07T21:39:13+00:00\",\"dateModified\":\"2026-02-13T19:35:10+00:00\",\"mainEntityOfPage\":{\"@id\":\"https:\/\/essentia-mobilia.com\/blog\/le-mobilier-design-dans-american-psycho-de-mary-harron\/#webpage\"},\"commentCount\":0,\"publisher\":{\"@id\":\"https:\/\/essentia-mobilia.com\/blog\/#organization\"},\"image\":{\"@id\":\"https:\/\/essentia-mobilia.com\/blog\/le-mobilier-design-dans-american-psycho-de-mary-harron\/#primaryimage\"},\"articleSection\":\"Mobilier design\",\"inLanguage\":\"fr-FR\",\"potentialAction\":[{\"@type\":\"CommentAction\",\"name\":\"Comment\",\"target\":[\"https:\/\/essentia-mobilia.com\/blog\/le-mobilier-design-dans-american-psycho-de-mary-harron\/#respond\"]}]},{\"@type\":\"Person\",\"@id\":\"https:\/\/essentia-mobilia.com\/blog\/#\/schema\/person\/f06deeaf73a4baf06738372a688cf68a\",\"name\":\"myessentiamobilia\",\"image\":{\"@type\":\"ImageObject\",\"@id\":\"https:\/\/essentia-mobilia.com\/blog\/#personlogo\",\"inLanguage\":\"fr-FR\",\"url\":\"https:\/\/secure.gravatar.com\/avatar\/bec63f027f1251faa237003116590784?s=96&d=mm&r=g\",\"caption\":\"myessentiamobilia\"},\"description\":\"A travers ce blog, je partage mes conseils de design et d\\u00e9coration int\\u00e9rieure.\"}]}<\/script>\n<!-- \/ Yoast SEO plugin. -->","_links":{"self":[{"href":"https:\/\/essentia-mobilia.com\/blog\/wp-json\/wp\/v2\/posts\/424"}],"collection":[{"href":"https:\/\/essentia-mobilia.com\/blog\/wp-json\/wp\/v2\/posts"}],"about":[{"href":"https:\/\/essentia-mobilia.com\/blog\/wp-json\/wp\/v2\/types\/post"}],"author":[{"embeddable":true,"href":"https:\/\/essentia-mobilia.com\/blog\/wp-json\/wp\/v2\/users\/1"}],"replies":[{"embeddable":true,"href":"https:\/\/essentia-mobilia.com\/blog\/wp-json\/wp\/v2\/comments?post=424"}],"version-history":[{"count":5,"href":"https:\/\/essentia-mobilia.com\/blog\/wp-json\/wp\/v2\/posts\/424\/revisions"}],"predecessor-version":[{"id":3508,"href":"https:\/\/essentia-mobilia.com\/blog\/wp-json\/wp\/v2\/posts\/424\/revisions\/3508"}],"wp:featuredmedia":[{"embeddable":true,"href":"https:\/\/essentia-mobilia.com\/blog\/wp-json\/wp\/v2\/media\/749"}],"wp:attachment":[{"href":"https:\/\/essentia-mobilia.com\/blog\/wp-json\/wp\/v2\/media?parent=424"}],"wp:term":[{"taxonomy":"category","embeddable":true,"href":"https:\/\/essentia-mobilia.com\/blog\/wp-json\/wp\/v2\/categories?post=424"},{"taxonomy":"post_tag","embeddable":true,"href":"https:\/\/essentia-mobilia.com\/blog\/wp-json\/wp\/v2\/tags?post=424"}],"curies":[{"name":"wp","href":"https:\/\/api.w.org\/{rel}","templated":true}]}}