{"id":421,"date":"2012-12-14T22:39:12","date_gmt":"2012-12-14T21:39:12","guid":{"rendered":"http:\/\/essentia-paris.com\/blog\/?p=421"},"modified":"2026-02-13T20:34:38","modified_gmt":"2026-02-13T19:34:38","slug":"louvre-a-lens-le-designer-adrien-gardere-a-lhonneur","status":"publish","type":"post","link":"https:\/\/essentia-mobilia.com\/blog\/louvre-a-lens-le-designer-adrien-gardere-a-lhonneur\/","title":{"rendered":"Louvre \u00e0 Lens : le designer Adrien Gard\u00e8re \u00e0 l&rsquo;honneur"},"content":{"rendered":"\n<h1 class=\"wp-block-heading\">Louvre \u00e0 Lens : le designer Adrien Gard\u00e8re \u00e0 l&rsquo;honneur<\/h1>\n\n\n\n<h3 class=\"wp-block-heading\">Adrien Gard\u00e8re am\u00e9nage l&rsquo;antenne du Mus\u00e9e du Louvre \u00e0 Lens<\/h3>\n\n\n\n<p>On ne finit pas d&rsquo;en parler !&nbsp;<strong>Le Mus\u00e9e du Louvre a inaugur\u00e9 le 4 d\u00e9cembre dernier une antenne \u00e0 Lens<\/strong>&nbsp;dans le Pas de Calais, \u00e0 l&#8217;emplacement d&rsquo;anciennes mines. Ce nouveau mus\u00e9e symbolise la reconversion du bassin minier du Nord Pas de Calais. Et&nbsp;<strong>c&rsquo;est le designer Adrien Gard\u00e8re<\/strong>&nbsp;qui a con\u00e7u les am\u00e9nagements int\u00e9rieurs du mus\u00e9e : vitrines, fen\u00eatres, socles&#8230; Rien n&rsquo;a \u00e9t\u00e9 laiss\u00e9 au hasard.<\/p>\n\n\n\n<figure class=\"wp-block-image\"><img decoding=\"async\" src=\"\/blog\/wp-content\/uploads\/2012\/12\/Lens_-_Photographie_de_la_Galerie_du_Temps_du_Louvre-Lens_Credits-Jannick-J%C3%A9r%C3%A9my.jpg\" alt=\"Photographie_de_la_Galerie_du_Temps_du_Louvre-Lens - Credits Jannick J\u00e9r\u00e9my\" class=\"wp-image-1698\" title=\"Photographie_de_la_Galerie_du_Temps_du_Louvre-Lens - Credits Jannick J\u00e9r\u00e9my\"\/><\/figure>\n\n\n\n<h3 class=\"wp-block-heading\">Adrien Gard\u00e8re : designer de mobilier et architecte d&rsquo;int\u00e9rieur<\/h3>\n\n\n\n<p>Adrien Gard\u00e8re a de nombreuses r\u00e9alisations \u00e0 son actif. C\u00f4t\u00e9 mus\u00e9e : la&nbsp;<strong>refonte du mus\u00e9e d&rsquo;art islamique du Caire<\/strong>. C\u00f4t\u00e9 design objet : la conception de pi\u00e8ces de mobilier telles que la&nbsp;<strong>Table Pot pour Made in Design<\/strong>, les&nbsp;<strong>lampes Melampo Tavolo<\/strong>pour Artemide.<\/p>\n\n\n\n<figure class=\"wp-block-image\"><a href=\"\/blog\/wp-content\/uploads\/2012\/12\/table-pot-Adrien-Gard%C3%A8re-Design-de-mobilier.jpg\"><img decoding=\"async\" src=\"\/blog\/wp-content\/uploads\/2012\/12\/table-pot-Adrien-Gard%C3%A8re-Design-de-mobilier.jpg\" alt=\"table pot - Adrien Gard\u00e8re - Design de mobilier\" class=\"wp-image-1699\" title=\"table pot - Adrien Gard\u00e8re - Design de mobilier\"\/><\/a><\/figure>\n","protected":false},"excerpt":{"rendered":"<p>Louvre \u00e0 Lens : le designer Adrien Gard\u00e8re \u00e0 l&rsquo;honneur Adrien Gard\u00e8re am\u00e9nage l&rsquo;antenne du Mus\u00e9e du Louvre \u00e0 Lens On ne finit pas d&rsquo;en parler !&nbsp;Le Mus\u00e9e du Louvre a inaugur\u00e9 le 4 d\u00e9cembre dernier une antenne \u00e0 Lens&nbsp;dans le Pas de Calais, \u00e0 l&#8217;emplacement d&rsquo;anciennes mines. Ce nouveau mus\u00e9e symbolise la reconversion du [&hellip;]<\/p>\n","protected":false},"author":1,"featured_media":747,"comment_status":"open","ping_status":"open","sticky":false,"template":"","format":"standard","meta":{"footnotes":""},"categories":[32],"tags":[],"yoast_head":"<!-- This site is optimized with the Yoast SEO plugin v15.0 - https:\/\/yoast.com\/wordpress\/plugins\/seo\/ -->\n<title>Louvre \u00e0 Lens : le designer Adrien Gard\u00e8re \u00e0 l&#039;honneur<\/title>\n<meta name=\"description\" content=\"Le Mus\u00e9e du Louvre a inaugur\u00e9 le 4 d\u00e9cembre dernier une antenne \u00e0 Lens\u00a0dans le Pas de Calais, \u00e0 l&#039;emplacement d&#039;anciennes mines.\" \/>\n<meta name=\"robots\" content=\"index, follow, max-snippet:-1, max-image-preview:large, max-video-preview:-1\" \/>\n<link rel=\"canonical\" href=\"https:\/\/essentia-mobilia.com\/blog\/louvre-a-lens-le-designer-adrien-gardere-a-lhonneur\/\" \/>\n<meta property=\"og:locale\" content=\"fr_FR\" \/>\n<meta property=\"og:type\" content=\"article\" \/>\n<meta property=\"og:title\" content=\"Louvre \u00e0 Lens : le designer Adrien Gard\u00e8re \u00e0 l&#039;honneur\" \/>\n<meta property=\"og:description\" content=\"Le Mus\u00e9e du Louvre a inaugur\u00e9 le 4 d\u00e9cembre dernier une antenne \u00e0 Lens\u00a0dans le Pas de Calais, \u00e0 l&#039;emplacement d&#039;anciennes mines.\" \/>\n<meta property=\"og:url\" content=\"https:\/\/essentia-mobilia.com\/blog\/louvre-a-lens-le-designer-adrien-gardere-a-lhonneur\/\" \/>\n<meta property=\"og:site_name\" content=\"Blog d\u00e9coration et design de Essentia MOBILIA\" \/>\n<meta property=\"article:publisher\" content=\"https:\/\/www.facebook.com\/EssentiaMobilia\" \/>\n<meta property=\"article:published_time\" content=\"2012-12-14T21:39:12+00:00\" \/>\n<meta property=\"article:modified_time\" content=\"2026-02-13T19:34:38+00:00\" \/>\n<meta property=\"og:image\" content=\"https:\/\/essentia-mobilia.com\/blog\/wp-content\/uploads\/2013\/02\/25-table-pot-Adrien-Gardere-Design-de-mobilier.jpg\" \/>\n\t<meta property=\"og:image:width\" content=\"406\" \/>\n\t<meta property=\"og:image:height\" content=\"268\" \/>\n<meta name=\"twitter:card\" content=\"summary_large_image\" \/>\n<script type=\"application\/ld+json\" class=\"yoast-schema-graph\">{\"@context\":\"https:\/\/schema.org\",\"@graph\":[{\"@type\":\"Organization\",\"@id\":\"https:\/\/essentia-mobilia.com\/blog\/#organization\",\"name\":\"Essentia MOBILIA\",\"url\":\"https:\/\/essentia-mobilia.com\/blog\/\",\"sameAs\":[\"https:\/\/www.facebook.com\/EssentiaMobilia\",\"https:\/\/www.instagram.com\/essentiamobilia\/\",\"https:\/\/fr.pinterest.com\/essentia_mobilia\/\"],\"logo\":{\"@type\":\"ImageObject\",\"@id\":\"https:\/\/essentia-mobilia.com\/blog\/#logo\",\"inLanguage\":\"fr-FR\",\"url\":\"https:\/\/essentia-mobilia.com\/blog\/wp-content\/uploads\/2023\/12\/cropped-essentia-mobilia-logo.jpg\",\"width\":171,\"height\":73,\"caption\":\"Essentia MOBILIA\"},\"image\":{\"@id\":\"https:\/\/essentia-mobilia.com\/blog\/#logo\"}},{\"@type\":\"WebSite\",\"@id\":\"https:\/\/essentia-mobilia.com\/blog\/#website\",\"url\":\"https:\/\/essentia-mobilia.com\/blog\/\",\"name\":\"Blog d\\u00e9coration et design de Essentia MOBILIA\",\"description\":\"\",\"publisher\":{\"@id\":\"https:\/\/essentia-mobilia.com\/blog\/#organization\"},\"potentialAction\":[{\"@type\":\"SearchAction\",\"target\":\"https:\/\/essentia-mobilia.com\/blog\/?s={search_term_string}\",\"query-input\":\"required name=search_term_string\"}],\"inLanguage\":\"fr-FR\"},{\"@type\":\"ImageObject\",\"@id\":\"https:\/\/essentia-mobilia.com\/blog\/louvre-a-lens-le-designer-adrien-gardere-a-lhonneur\/#primaryimage\",\"inLanguage\":\"fr-FR\",\"url\":\"https:\/\/essentia-mobilia.com\/blog\/wp-content\/uploads\/2013\/02\/25-table-pot-Adrien-Gardere-Design-de-mobilier.jpg\",\"width\":406,\"height\":268},{\"@type\":\"WebPage\",\"@id\":\"https:\/\/essentia-mobilia.com\/blog\/louvre-a-lens-le-designer-adrien-gardere-a-lhonneur\/#webpage\",\"url\":\"https:\/\/essentia-mobilia.com\/blog\/louvre-a-lens-le-designer-adrien-gardere-a-lhonneur\/\",\"name\":\"Louvre \\u00e0 Lens : le designer Adrien Gard\\u00e8re \\u00e0 l'honneur\",\"isPartOf\":{\"@id\":\"https:\/\/essentia-mobilia.com\/blog\/#website\"},\"primaryImageOfPage\":{\"@id\":\"https:\/\/essentia-mobilia.com\/blog\/louvre-a-lens-le-designer-adrien-gardere-a-lhonneur\/#primaryimage\"},\"datePublished\":\"2012-12-14T21:39:12+00:00\",\"dateModified\":\"2026-02-13T19:34:38+00:00\",\"description\":\"Le Mus\\u00e9e du Louvre a inaugur\\u00e9 le 4 d\\u00e9cembre dernier une antenne \\u00e0 Lens\\u00a0dans le Pas de Calais, \\u00e0 l'emplacement d'anciennes mines.\",\"breadcrumb\":{\"@id\":\"https:\/\/essentia-mobilia.com\/blog\/louvre-a-lens-le-designer-adrien-gardere-a-lhonneur\/#breadcrumb\"},\"inLanguage\":\"fr-FR\",\"potentialAction\":[{\"@type\":\"ReadAction\",\"target\":[\"https:\/\/essentia-mobilia.com\/blog\/louvre-a-lens-le-designer-adrien-gardere-a-lhonneur\/\"]}]},{\"@type\":\"BreadcrumbList\",\"@id\":\"https:\/\/essentia-mobilia.com\/blog\/louvre-a-lens-le-designer-adrien-gardere-a-lhonneur\/#breadcrumb\",\"itemListElement\":[{\"@type\":\"ListItem\",\"position\":1,\"item\":{\"@type\":\"WebPage\",\"@id\":\"https:\/\/essentia-mobilia.com\/blog\/\",\"url\":\"https:\/\/essentia-mobilia.com\/blog\/\",\"name\":\"Accueil\"}},{\"@type\":\"ListItem\",\"position\":2,\"item\":{\"@type\":\"WebPage\",\"@id\":\"https:\/\/essentia-mobilia.com\/blog\/louvre-a-lens-le-designer-adrien-gardere-a-lhonneur\/\",\"url\":\"https:\/\/essentia-mobilia.com\/blog\/louvre-a-lens-le-designer-adrien-gardere-a-lhonneur\/\",\"name\":\"Louvre \\u00e0 Lens : le designer Adrien Gard\\u00e8re \\u00e0 l&rsquo;honneur\"}}]},{\"@type\":\"Article\",\"@id\":\"https:\/\/essentia-mobilia.com\/blog\/louvre-a-lens-le-designer-adrien-gardere-a-lhonneur\/#article\",\"isPartOf\":{\"@id\":\"https:\/\/essentia-mobilia.com\/blog\/louvre-a-lens-le-designer-adrien-gardere-a-lhonneur\/#webpage\"},\"author\":{\"@id\":\"https:\/\/essentia-mobilia.com\/blog\/#\/schema\/person\/f06deeaf73a4baf06738372a688cf68a\"},\"headline\":\"Louvre \\u00e0 Lens : le designer Adrien Gard\\u00e8re \\u00e0 l&rsquo;honneur\",\"datePublished\":\"2012-12-14T21:39:12+00:00\",\"dateModified\":\"2026-02-13T19:34:38+00:00\",\"mainEntityOfPage\":{\"@id\":\"https:\/\/essentia-mobilia.com\/blog\/louvre-a-lens-le-designer-adrien-gardere-a-lhonneur\/#webpage\"},\"commentCount\":0,\"publisher\":{\"@id\":\"https:\/\/essentia-mobilia.com\/blog\/#organization\"},\"image\":{\"@id\":\"https:\/\/essentia-mobilia.com\/blog\/louvre-a-lens-le-designer-adrien-gardere-a-lhonneur\/#primaryimage\"},\"articleSection\":\"Mobilier design\",\"inLanguage\":\"fr-FR\",\"potentialAction\":[{\"@type\":\"CommentAction\",\"name\":\"Comment\",\"target\":[\"https:\/\/essentia-mobilia.com\/blog\/louvre-a-lens-le-designer-adrien-gardere-a-lhonneur\/#respond\"]}]},{\"@type\":\"Person\",\"@id\":\"https:\/\/essentia-mobilia.com\/blog\/#\/schema\/person\/f06deeaf73a4baf06738372a688cf68a\",\"name\":\"myessentiamobilia\",\"image\":{\"@type\":\"ImageObject\",\"@id\":\"https:\/\/essentia-mobilia.com\/blog\/#personlogo\",\"inLanguage\":\"fr-FR\",\"url\":\"https:\/\/secure.gravatar.com\/avatar\/bec63f027f1251faa237003116590784?s=96&d=mm&r=g\",\"caption\":\"myessentiamobilia\"},\"description\":\"A travers ce blog, je partage mes conseils de design et d\\u00e9coration int\\u00e9rieure.\"}]}<\/script>\n<!-- \/ Yoast SEO plugin. -->","_links":{"self":[{"href":"https:\/\/essentia-mobilia.com\/blog\/wp-json\/wp\/v2\/posts\/421"}],"collection":[{"href":"https:\/\/essentia-mobilia.com\/blog\/wp-json\/wp\/v2\/posts"}],"about":[{"href":"https:\/\/essentia-mobilia.com\/blog\/wp-json\/wp\/v2\/types\/post"}],"author":[{"embeddable":true,"href":"https:\/\/essentia-mobilia.com\/blog\/wp-json\/wp\/v2\/users\/1"}],"replies":[{"embeddable":true,"href":"https:\/\/essentia-mobilia.com\/blog\/wp-json\/wp\/v2\/comments?post=421"}],"version-history":[{"count":2,"href":"https:\/\/essentia-mobilia.com\/blog\/wp-json\/wp\/v2\/posts\/421\/revisions"}],"predecessor-version":[{"id":3506,"href":"https:\/\/essentia-mobilia.com\/blog\/wp-json\/wp\/v2\/posts\/421\/revisions\/3506"}],"wp:featuredmedia":[{"embeddable":true,"href":"https:\/\/essentia-mobilia.com\/blog\/wp-json\/wp\/v2\/media\/747"}],"wp:attachment":[{"href":"https:\/\/essentia-mobilia.com\/blog\/wp-json\/wp\/v2\/media?parent=421"}],"wp:term":[{"taxonomy":"category","embeddable":true,"href":"https:\/\/essentia-mobilia.com\/blog\/wp-json\/wp\/v2\/categories?post=421"},{"taxonomy":"post_tag","embeddable":true,"href":"https:\/\/essentia-mobilia.com\/blog\/wp-json\/wp\/v2\/tags?post=421"}],"curies":[{"name":"wp","href":"https:\/\/api.w.org\/{rel}","templated":true}]}}