{"id":420,"date":"2012-12-17T22:39:11","date_gmt":"2012-12-17T21:39:11","guid":{"rendered":"http:\/\/essentia-paris.com\/blog\/?p=420"},"modified":"2026-02-13T20:34:19","modified_gmt":"2026-02-13T19:34:19","slug":"le-mobilier-baroque-de-mattia-bonetti-a-la-galerie-italienne","status":"publish","type":"post","link":"https:\/\/essentia-mobilia.com\/blog\/le-mobilier-baroque-de-mattia-bonetti-a-la-galerie-italienne\/","title":{"rendered":"Le mobilier baroque de Mattia Bonetti \u00e0 la Galerie italienne"},"content":{"rendered":"\n<h1 class=\"wp-block-heading\">Le mobilier baroque de Mattia Bonetti \u00e0 la Galerie italienne<\/h1>\n\n\n\n<h3 class=\"wp-block-heading\">Mattia Bonetti : mobilier au design baroque et exub\u00e9rant<\/h3>\n\n\n\n<p><strong>La galerie italienne \u00e0 Paris expose 15 pi\u00e8ces d&rsquo;exception<\/strong>, limit\u00e9es chacune \u00e0 8 exemplaires, du designer suisse-italien&nbsp;<strong>Mattia Bonetti<\/strong>&nbsp;\u00e0 l&rsquo;occasion d&rsquo;une exposition du 23 novembre au 23 d\u00e9cembre 2012. Le designer qui a collabor\u00e9 pr\u00e9c\u00e9demment avec&nbsp;<strong>Elizabeth Garouste<\/strong>&nbsp;&nbsp;d\u00e9veloppe un style exub\u00e9rant et baroque.&nbsp;<\/p>\n\n\n\n<h3 class=\"wp-block-heading\">Mattia Bonetti : mobilier qui associe mat\u00e9riaux naturels et artificiels, denses et l\u00e9gers, sombres et translucides<\/h3>\n\n\n\n<p>Il associe dans cette exposition des mat\u00e9riaux vari\u00e9s qu&rsquo;ils soient&nbsp;<strong>naturels ou artificiels<\/strong>, qu&rsquo;ils soient&nbsp;<strong>anciens ou r\u00e9cents<\/strong>, qu&rsquo;ils soient travaill\u00e9s&nbsp;<strong>artisanalement ou artificiellement<\/strong>&nbsp;: <a href=\"https:\/\/essentia-mobilia.com\/26-etageres-en-plexiglas-sur-mesure\">association improbable du m\u00e9tal et de l&rsquo;acrylique<\/a>, de l&rsquo;acrylique et du bois, du bois et du velours.&nbsp;<strong>Il joue sur les contrastes<\/strong>&nbsp;(dense VS l\u00e9ger, sombre VS translucide) et sur la&nbsp;<strong>sensation de d\u00e9s\u00e9quilibre<\/strong>. On aime le c\u00f4t\u00e9 transgression des codes qui permet des vraies nouveaut\u00e9s.<br><strong>Cr\u00e9dits<\/strong>&nbsp;: galerie italienne<\/p>\n\n\n\n<figure class=\"wp-block-image\"><a href=\"\/blog\/wp-content\/uploads\/2012\/12\/mattia-bonetti-librairie-balance-galerie-italienne-exposition-2012.jpg\"><img decoding=\"async\" src=\"\/blog\/wp-content\/uploads\/2012\/12\/mattia-bonetti-librairie-balance-galerie-italienne-exposition-2012.jpg\" alt=\"mattia bonetti - librairie balance - galerie italienne - exposition 2012\" class=\"wp-image-1708\" title=\"mattia bonetti - librairie balance - galerie italienne - exposition 2012\"\/><\/a><\/figure>\n\n\n\n<p><strong>Librairie Balance, 2010<\/strong><\/p>\n\n\n\n<figure class=\"wp-block-image\"><a href=\"\/blog\/wp-content\/uploads\/2012\/12\/mattia-bonetti-table-drops-bois-acrylique-galerie-italienne-exposition-2012.jpg\"><img decoding=\"async\" src=\"\/blog\/wp-content\/uploads\/2012\/12\/mattia-bonetti-table-drops-bois-acrylique-galerie-italienne-exposition-2012.jpg\" alt=\"mattia bonetti - table drops - bois acrylique - galerie italienne - exposition 2012\" class=\"wp-image-1709\" title=\"mattia bonetti - table drops - bois acrylique - galerie italienne - exposition 2012\"\/><\/a><\/figure>\n\n\n\n<p><strong>Table drops &#8211; 2007 &#8211; R\u00e9sine acrylique transparente et bois de&nbsp;ch\u00e2taignier<\/strong><\/p>\n\n\n\n<p>Pour en d\u00e9couvrir davantage sur les cr\u00e9ations du designer, une vid\u00e9o r\u00e9alis\u00e9e pour l&rsquo;exposition de Mattia Bonetti \u00e0 la Cardi Black Box Gallery (Milan). &nbsp;Enjoy !<\/p>\n","protected":false},"excerpt":{"rendered":"<p>Le mobilier baroque de Mattia Bonetti \u00e0 la Galerie italienne Mattia Bonetti : mobilier au design baroque et exub\u00e9rant La galerie italienne \u00e0 Paris expose 15 pi\u00e8ces d&rsquo;exception, limit\u00e9es chacune \u00e0 8 exemplaires, du designer suisse-italien&nbsp;Mattia Bonetti&nbsp;\u00e0 l&rsquo;occasion d&rsquo;une exposition du 23 novembre au 23 d\u00e9cembre 2012. Le designer qui a collabor\u00e9 pr\u00e9c\u00e9demment avec&nbsp;Elizabeth Garouste&nbsp;&nbsp;d\u00e9veloppe [&hellip;]<\/p>\n","protected":false},"author":1,"featured_media":746,"comment_status":"open","ping_status":"open","sticky":false,"template":"","format":"standard","meta":{"footnotes":""},"categories":[32],"tags":[],"yoast_head":"<!-- This site is optimized with the Yoast SEO plugin v15.0 - https:\/\/yoast.com\/wordpress\/plugins\/seo\/ -->\n<title>Le mobilier baroque de Mattia Bonetti \u00e0 la Galerie italienne<\/title>\n<meta name=\"description\" content=\"La galerie italienne \u00e0 Paris expose 15 pi\u00e8ces d&#039;exception du designer Mattia Bonetti\u00a0\u00e0 l&#039;occasion d&#039;une exposition\" \/>\n<meta name=\"robots\" content=\"index, follow, max-snippet:-1, max-image-preview:large, max-video-preview:-1\" \/>\n<link rel=\"canonical\" href=\"https:\/\/essentia-mobilia.com\/blog\/le-mobilier-baroque-de-mattia-bonetti-a-la-galerie-italienne\/\" \/>\n<meta property=\"og:locale\" content=\"fr_FR\" \/>\n<meta property=\"og:type\" content=\"article\" \/>\n<meta property=\"og:title\" content=\"Le mobilier baroque de Mattia Bonetti \u00e0 la Galerie italienne\" \/>\n<meta property=\"og:description\" content=\"La galerie italienne \u00e0 Paris expose 15 pi\u00e8ces d&#039;exception du designer Mattia Bonetti\u00a0\u00e0 l&#039;occasion d&#039;une exposition\" \/>\n<meta property=\"og:url\" content=\"https:\/\/essentia-mobilia.com\/blog\/le-mobilier-baroque-de-mattia-bonetti-a-la-galerie-italienne\/\" \/>\n<meta property=\"og:site_name\" content=\"Blog d\u00e9coration et design de Essentia MOBILIA\" \/>\n<meta property=\"article:publisher\" content=\"https:\/\/www.facebook.com\/EssentiaMobilia\" \/>\n<meta property=\"article:published_time\" content=\"2012-12-17T21:39:11+00:00\" \/>\n<meta property=\"article:modified_time\" content=\"2026-02-13T19:34:19+00:00\" \/>\n<meta property=\"og:image\" content=\"https:\/\/essentia-mobilia.com\/blog\/wp-content\/uploads\/2013\/02\/24-mattia-bonetti-table-drops-bois-acrylique-galerie-italienne-exposition-2012.jpg\" \/>\n\t<meta property=\"og:image:width\" content=\"831\" \/>\n\t<meta property=\"og:image:height\" content=\"565\" \/>\n<meta name=\"twitter:card\" content=\"summary_large_image\" \/>\n<script type=\"application\/ld+json\" class=\"yoast-schema-graph\">{\"@context\":\"https:\/\/schema.org\",\"@graph\":[{\"@type\":\"Organization\",\"@id\":\"https:\/\/essentia-mobilia.com\/blog\/#organization\",\"name\":\"Essentia MOBILIA\",\"url\":\"https:\/\/essentia-mobilia.com\/blog\/\",\"sameAs\":[\"https:\/\/www.facebook.com\/EssentiaMobilia\",\"https:\/\/www.instagram.com\/essentiamobilia\/\",\"https:\/\/fr.pinterest.com\/essentia_mobilia\/\"],\"logo\":{\"@type\":\"ImageObject\",\"@id\":\"https:\/\/essentia-mobilia.com\/blog\/#logo\",\"inLanguage\":\"fr-FR\",\"url\":\"https:\/\/essentia-mobilia.com\/blog\/wp-content\/uploads\/2023\/12\/cropped-essentia-mobilia-logo.jpg\",\"width\":171,\"height\":73,\"caption\":\"Essentia MOBILIA\"},\"image\":{\"@id\":\"https:\/\/essentia-mobilia.com\/blog\/#logo\"}},{\"@type\":\"WebSite\",\"@id\":\"https:\/\/essentia-mobilia.com\/blog\/#website\",\"url\":\"https:\/\/essentia-mobilia.com\/blog\/\",\"name\":\"Blog d\\u00e9coration et design de Essentia MOBILIA\",\"description\":\"\",\"publisher\":{\"@id\":\"https:\/\/essentia-mobilia.com\/blog\/#organization\"},\"potentialAction\":[{\"@type\":\"SearchAction\",\"target\":\"https:\/\/essentia-mobilia.com\/blog\/?s={search_term_string}\",\"query-input\":\"required name=search_term_string\"}],\"inLanguage\":\"fr-FR\"},{\"@type\":\"ImageObject\",\"@id\":\"https:\/\/essentia-mobilia.com\/blog\/le-mobilier-baroque-de-mattia-bonetti-a-la-galerie-italienne\/#primaryimage\",\"inLanguage\":\"fr-FR\",\"url\":\"https:\/\/essentia-mobilia.com\/blog\/wp-content\/uploads\/2013\/02\/24-mattia-bonetti-table-drops-bois-acrylique-galerie-italienne-exposition-2012.jpg\",\"width\":831,\"height\":565},{\"@type\":\"WebPage\",\"@id\":\"https:\/\/essentia-mobilia.com\/blog\/le-mobilier-baroque-de-mattia-bonetti-a-la-galerie-italienne\/#webpage\",\"url\":\"https:\/\/essentia-mobilia.com\/blog\/le-mobilier-baroque-de-mattia-bonetti-a-la-galerie-italienne\/\",\"name\":\"Le mobilier baroque de Mattia Bonetti \\u00e0 la Galerie italienne\",\"isPartOf\":{\"@id\":\"https:\/\/essentia-mobilia.com\/blog\/#website\"},\"primaryImageOfPage\":{\"@id\":\"https:\/\/essentia-mobilia.com\/blog\/le-mobilier-baroque-de-mattia-bonetti-a-la-galerie-italienne\/#primaryimage\"},\"datePublished\":\"2012-12-17T21:39:11+00:00\",\"dateModified\":\"2026-02-13T19:34:19+00:00\",\"description\":\"La galerie italienne \\u00e0 Paris expose 15 pi\\u00e8ces d'exception du designer Mattia Bonetti\\u00a0\\u00e0 l'occasion d'une exposition\",\"breadcrumb\":{\"@id\":\"https:\/\/essentia-mobilia.com\/blog\/le-mobilier-baroque-de-mattia-bonetti-a-la-galerie-italienne\/#breadcrumb\"},\"inLanguage\":\"fr-FR\",\"potentialAction\":[{\"@type\":\"ReadAction\",\"target\":[\"https:\/\/essentia-mobilia.com\/blog\/le-mobilier-baroque-de-mattia-bonetti-a-la-galerie-italienne\/\"]}]},{\"@type\":\"BreadcrumbList\",\"@id\":\"https:\/\/essentia-mobilia.com\/blog\/le-mobilier-baroque-de-mattia-bonetti-a-la-galerie-italienne\/#breadcrumb\",\"itemListElement\":[{\"@type\":\"ListItem\",\"position\":1,\"item\":{\"@type\":\"WebPage\",\"@id\":\"https:\/\/essentia-mobilia.com\/blog\/\",\"url\":\"https:\/\/essentia-mobilia.com\/blog\/\",\"name\":\"Accueil\"}},{\"@type\":\"ListItem\",\"position\":2,\"item\":{\"@type\":\"WebPage\",\"@id\":\"https:\/\/essentia-mobilia.com\/blog\/le-mobilier-baroque-de-mattia-bonetti-a-la-galerie-italienne\/\",\"url\":\"https:\/\/essentia-mobilia.com\/blog\/le-mobilier-baroque-de-mattia-bonetti-a-la-galerie-italienne\/\",\"name\":\"Le mobilier baroque de Mattia Bonetti \\u00e0 la Galerie italienne\"}}]},{\"@type\":\"Article\",\"@id\":\"https:\/\/essentia-mobilia.com\/blog\/le-mobilier-baroque-de-mattia-bonetti-a-la-galerie-italienne\/#article\",\"isPartOf\":{\"@id\":\"https:\/\/essentia-mobilia.com\/blog\/le-mobilier-baroque-de-mattia-bonetti-a-la-galerie-italienne\/#webpage\"},\"author\":{\"@id\":\"https:\/\/essentia-mobilia.com\/blog\/#\/schema\/person\/f06deeaf73a4baf06738372a688cf68a\"},\"headline\":\"Le mobilier baroque de Mattia Bonetti \\u00e0 la Galerie italienne\",\"datePublished\":\"2012-12-17T21:39:11+00:00\",\"dateModified\":\"2026-02-13T19:34:19+00:00\",\"mainEntityOfPage\":{\"@id\":\"https:\/\/essentia-mobilia.com\/blog\/le-mobilier-baroque-de-mattia-bonetti-a-la-galerie-italienne\/#webpage\"},\"commentCount\":0,\"publisher\":{\"@id\":\"https:\/\/essentia-mobilia.com\/blog\/#organization\"},\"image\":{\"@id\":\"https:\/\/essentia-mobilia.com\/blog\/le-mobilier-baroque-de-mattia-bonetti-a-la-galerie-italienne\/#primaryimage\"},\"articleSection\":\"Mobilier design\",\"inLanguage\":\"fr-FR\",\"potentialAction\":[{\"@type\":\"CommentAction\",\"name\":\"Comment\",\"target\":[\"https:\/\/essentia-mobilia.com\/blog\/le-mobilier-baroque-de-mattia-bonetti-a-la-galerie-italienne\/#respond\"]}]},{\"@type\":\"Person\",\"@id\":\"https:\/\/essentia-mobilia.com\/blog\/#\/schema\/person\/f06deeaf73a4baf06738372a688cf68a\",\"name\":\"myessentiamobilia\",\"image\":{\"@type\":\"ImageObject\",\"@id\":\"https:\/\/essentia-mobilia.com\/blog\/#personlogo\",\"inLanguage\":\"fr-FR\",\"url\":\"https:\/\/secure.gravatar.com\/avatar\/bec63f027f1251faa237003116590784?s=96&d=mm&r=g\",\"caption\":\"myessentiamobilia\"},\"description\":\"A travers ce blog, je partage mes conseils de design et d\\u00e9coration int\\u00e9rieure.\"}]}<\/script>\n<!-- \/ Yoast SEO plugin. -->","_links":{"self":[{"href":"https:\/\/essentia-mobilia.com\/blog\/wp-json\/wp\/v2\/posts\/420"}],"collection":[{"href":"https:\/\/essentia-mobilia.com\/blog\/wp-json\/wp\/v2\/posts"}],"about":[{"href":"https:\/\/essentia-mobilia.com\/blog\/wp-json\/wp\/v2\/types\/post"}],"author":[{"embeddable":true,"href":"https:\/\/essentia-mobilia.com\/blog\/wp-json\/wp\/v2\/users\/1"}],"replies":[{"embeddable":true,"href":"https:\/\/essentia-mobilia.com\/blog\/wp-json\/wp\/v2\/comments?post=420"}],"version-history":[{"count":6,"href":"https:\/\/essentia-mobilia.com\/blog\/wp-json\/wp\/v2\/posts\/420\/revisions"}],"predecessor-version":[{"id":3505,"href":"https:\/\/essentia-mobilia.com\/blog\/wp-json\/wp\/v2\/posts\/420\/revisions\/3505"}],"wp:featuredmedia":[{"embeddable":true,"href":"https:\/\/essentia-mobilia.com\/blog\/wp-json\/wp\/v2\/media\/746"}],"wp:attachment":[{"href":"https:\/\/essentia-mobilia.com\/blog\/wp-json\/wp\/v2\/media?parent=420"}],"wp:term":[{"taxonomy":"category","embeddable":true,"href":"https:\/\/essentia-mobilia.com\/blog\/wp-json\/wp\/v2\/categories?post=420"},{"taxonomy":"post_tag","embeddable":true,"href":"https:\/\/essentia-mobilia.com\/blog\/wp-json\/wp\/v2\/tags?post=420"}],"curies":[{"name":"wp","href":"https:\/\/api.w.org\/{rel}","templated":true}]}}