{"id":418,"date":"2012-12-21T22:39:11","date_gmt":"2012-12-21T21:39:11","guid":{"rendered":"http:\/\/essentia-paris.com\/blog\/?p=418"},"modified":"2026-02-13T20:33:50","modified_gmt":"2026-02-13T19:33:50","slug":"un-shooting-de-meubles-par-karl-lagarfeld","status":"publish","type":"post","link":"https:\/\/essentia-mobilia.com\/blog\/un-shooting-de-meubles-par-karl-lagarfeld\/","title":{"rendered":"Un shooting de meubles par&#8230; Karl Lagarfeld"},"content":{"rendered":"\n<h1 class=\"wp-block-heading\">Un shooting de meubles par&#8230; Karl Lagarfeld<\/h1>\n\n\n\n<h3 class=\"wp-block-heading\">Shooting de meubles iconiques<\/h3>\n\n\n\n<p>Pour photographier une s\u00e9lection de ses plus c\u00e9l\u00e8bres meubles sign\u00e9s&nbsp;<strong><a href=\"\/blog\/retour-sur-la-mythique-lampe-gras\/\">Le Corbusier<\/a>,&nbsp;<a href=\"\/blog\/cassina-reedite-nuage-de-charlotte-perriand\/\">Charlotte Perriand<\/a>,&nbsp;<a href=\"https:\/\/essentia-mobilia.com\/blog\/le-mobilier-design-dans-american-psycho-de-mary-harron\/\">Charles Rennie Mackintosch<\/a><\/strong>&#8230;<strong>&nbsp;<a href=\"\/blog\/cassina-reedite-nuage-de-charlotte-perriand\/\">Cassina<\/a><\/strong>&nbsp;s&rsquo;est offert une stature . C&rsquo;est donc&nbsp;<strong>Karl Lagarfeld<\/strong>, lui-m\u00eame amateur de design, qui va r\u00e9aliser le shooting de ces&nbsp;<strong>meubles sign\u00e9s<\/strong>. Exposition des visuels pr\u00e9vue dans le showroom parisien du 236 boulevard St Germain \u00e0 Paris, du 31 janvier au 10 mars 2013.<\/p>\n\n\n\n<figure class=\"wp-block-image\"><a href=\"\/blog\/wp-content\/uploads\/2012\/12\/karl-lagarfeld-cassina-photos-de-meubles-design.jpg\"><img decoding=\"async\" src=\"\/blog\/wp-content\/uploads\/2012\/12\/karl-lagarfeld-cassina-photos-de-meubles-design.jpg\" alt=\"karl lagarfeld - cassina - photos de meubles design\" class=\"wp-image-1731\" title=\"karl lagarfeld - cassina - photos de meubles design\"\/><\/a><\/figure>\n\n\n\n<p>Cr\u00e9dits : Olivier Saillant<\/p>\n\n\n\n<p>Vous aimerez peut-\u00eatre aussi les&nbsp;<a href=\"\/\" rel=\"nofollow\">meubles innovants Essentia MOBILIA<\/a>.<\/p>\n","protected":false},"excerpt":{"rendered":"<p>Un shooting de meubles par&#8230; Karl Lagarfeld Shooting de meubles iconiques Pour photographier une s\u00e9lection de ses plus c\u00e9l\u00e8bres meubles sign\u00e9s&nbsp;Le Corbusier,&nbsp;Charlotte Perriand,&nbsp;Charles Rennie Mackintosch&#8230;&nbsp;Cassina&nbsp;s&rsquo;est offert une stature . C&rsquo;est donc&nbsp;Karl Lagarfeld, lui-m\u00eame amateur de design, qui va r\u00e9aliser le shooting de ces&nbsp;meubles sign\u00e9s. Exposition des visuels pr\u00e9vue dans le showroom parisien du 236 boulevard [&hellip;]<\/p>\n","protected":false},"author":1,"featured_media":744,"comment_status":"open","ping_status":"open","sticky":false,"template":"","format":"standard","meta":{"footnotes":""},"categories":[32],"tags":[],"yoast_head":"<!-- This site is optimized with the Yoast SEO plugin v15.0 - https:\/\/yoast.com\/wordpress\/plugins\/seo\/ -->\n<title>Un shooting de meubles par... Karl Lagarfeld<\/title>\n<meta name=\"description\" content=\"Pour photographier une s\u00e9lection de ses c\u00e9l\u00e8bres meubles sign\u00e9s\u00a0Le Corbusier,\u00a0Perriand,\u00a0Mackintosch...\u00a0Cassina\u00a0s&#039;est offert Karl Lagarfeld\" \/>\n<meta name=\"robots\" content=\"index, follow, max-snippet:-1, max-image-preview:large, max-video-preview:-1\" \/>\n<link rel=\"canonical\" href=\"https:\/\/essentia-mobilia.com\/blog\/un-shooting-de-meubles-par-karl-lagarfeld\/\" \/>\n<meta property=\"og:locale\" content=\"fr_FR\" \/>\n<meta property=\"og:type\" content=\"article\" \/>\n<meta property=\"og:title\" content=\"Un shooting de meubles par... Karl Lagarfeld\" \/>\n<meta property=\"og:description\" content=\"Pour photographier une s\u00e9lection de ses c\u00e9l\u00e8bres meubles sign\u00e9s\u00a0Le Corbusier,\u00a0Perriand,\u00a0Mackintosch...\u00a0Cassina\u00a0s&#039;est offert Karl Lagarfeld\" \/>\n<meta property=\"og:url\" content=\"https:\/\/essentia-mobilia.com\/blog\/un-shooting-de-meubles-par-karl-lagarfeld\/\" \/>\n<meta property=\"og:site_name\" content=\"Blog d\u00e9coration et design de Essentia MOBILIA\" \/>\n<meta property=\"article:publisher\" content=\"https:\/\/www.facebook.com\/EssentiaMobilia\" \/>\n<meta property=\"article:published_time\" content=\"2012-12-21T21:39:11+00:00\" \/>\n<meta property=\"article:modified_time\" content=\"2026-02-13T19:33:50+00:00\" \/>\n<meta property=\"og:image\" content=\"https:\/\/essentia-mobilia.com\/blog\/wp-content\/uploads\/2013\/02\/22-karl-lagarfeld-cassina-photos-de-meubles-design.jpg\" \/>\n\t<meta property=\"og:image:width\" content=\"336\" \/>\n\t<meta property=\"og:image:height\" content=\"244\" \/>\n<meta name=\"twitter:card\" content=\"summary_large_image\" \/>\n<script type=\"application\/ld+json\" class=\"yoast-schema-graph\">{\"@context\":\"https:\/\/schema.org\",\"@graph\":[{\"@type\":\"Organization\",\"@id\":\"https:\/\/essentia-mobilia.com\/blog\/#organization\",\"name\":\"Essentia MOBILIA\",\"url\":\"https:\/\/essentia-mobilia.com\/blog\/\",\"sameAs\":[\"https:\/\/www.facebook.com\/EssentiaMobilia\",\"https:\/\/www.instagram.com\/essentiamobilia\/\",\"https:\/\/fr.pinterest.com\/essentia_mobilia\/\"],\"logo\":{\"@type\":\"ImageObject\",\"@id\":\"https:\/\/essentia-mobilia.com\/blog\/#logo\",\"inLanguage\":\"fr-FR\",\"url\":\"https:\/\/essentia-mobilia.com\/blog\/wp-content\/uploads\/2023\/12\/cropped-essentia-mobilia-logo.jpg\",\"width\":171,\"height\":73,\"caption\":\"Essentia MOBILIA\"},\"image\":{\"@id\":\"https:\/\/essentia-mobilia.com\/blog\/#logo\"}},{\"@type\":\"WebSite\",\"@id\":\"https:\/\/essentia-mobilia.com\/blog\/#website\",\"url\":\"https:\/\/essentia-mobilia.com\/blog\/\",\"name\":\"Blog d\\u00e9coration et design de Essentia MOBILIA\",\"description\":\"\",\"publisher\":{\"@id\":\"https:\/\/essentia-mobilia.com\/blog\/#organization\"},\"potentialAction\":[{\"@type\":\"SearchAction\",\"target\":\"https:\/\/essentia-mobilia.com\/blog\/?s={search_term_string}\",\"query-input\":\"required name=search_term_string\"}],\"inLanguage\":\"fr-FR\"},{\"@type\":\"ImageObject\",\"@id\":\"https:\/\/essentia-mobilia.com\/blog\/un-shooting-de-meubles-par-karl-lagarfeld\/#primaryimage\",\"inLanguage\":\"fr-FR\",\"url\":\"https:\/\/essentia-mobilia.com\/blog\/wp-content\/uploads\/2013\/02\/22-karl-lagarfeld-cassina-photos-de-meubles-design.jpg\",\"width\":336,\"height\":244},{\"@type\":\"WebPage\",\"@id\":\"https:\/\/essentia-mobilia.com\/blog\/un-shooting-de-meubles-par-karl-lagarfeld\/#webpage\",\"url\":\"https:\/\/essentia-mobilia.com\/blog\/un-shooting-de-meubles-par-karl-lagarfeld\/\",\"name\":\"Un shooting de meubles par... Karl Lagarfeld\",\"isPartOf\":{\"@id\":\"https:\/\/essentia-mobilia.com\/blog\/#website\"},\"primaryImageOfPage\":{\"@id\":\"https:\/\/essentia-mobilia.com\/blog\/un-shooting-de-meubles-par-karl-lagarfeld\/#primaryimage\"},\"datePublished\":\"2012-12-21T21:39:11+00:00\",\"dateModified\":\"2026-02-13T19:33:50+00:00\",\"description\":\"Pour photographier une s\\u00e9lection de ses c\\u00e9l\\u00e8bres meubles sign\\u00e9s\\u00a0Le Corbusier,\\u00a0Perriand,\\u00a0Mackintosch...\\u00a0Cassina\\u00a0s'est offert Karl Lagarfeld\",\"breadcrumb\":{\"@id\":\"https:\/\/essentia-mobilia.com\/blog\/un-shooting-de-meubles-par-karl-lagarfeld\/#breadcrumb\"},\"inLanguage\":\"fr-FR\",\"potentialAction\":[{\"@type\":\"ReadAction\",\"target\":[\"https:\/\/essentia-mobilia.com\/blog\/un-shooting-de-meubles-par-karl-lagarfeld\/\"]}]},{\"@type\":\"BreadcrumbList\",\"@id\":\"https:\/\/essentia-mobilia.com\/blog\/un-shooting-de-meubles-par-karl-lagarfeld\/#breadcrumb\",\"itemListElement\":[{\"@type\":\"ListItem\",\"position\":1,\"item\":{\"@type\":\"WebPage\",\"@id\":\"https:\/\/essentia-mobilia.com\/blog\/\",\"url\":\"https:\/\/essentia-mobilia.com\/blog\/\",\"name\":\"Accueil\"}},{\"@type\":\"ListItem\",\"position\":2,\"item\":{\"@type\":\"WebPage\",\"@id\":\"https:\/\/essentia-mobilia.com\/blog\/un-shooting-de-meubles-par-karl-lagarfeld\/\",\"url\":\"https:\/\/essentia-mobilia.com\/blog\/un-shooting-de-meubles-par-karl-lagarfeld\/\",\"name\":\"Un shooting de meubles par&#8230; Karl Lagarfeld\"}}]},{\"@type\":\"Article\",\"@id\":\"https:\/\/essentia-mobilia.com\/blog\/un-shooting-de-meubles-par-karl-lagarfeld\/#article\",\"isPartOf\":{\"@id\":\"https:\/\/essentia-mobilia.com\/blog\/un-shooting-de-meubles-par-karl-lagarfeld\/#webpage\"},\"author\":{\"@id\":\"https:\/\/essentia-mobilia.com\/blog\/#\/schema\/person\/f06deeaf73a4baf06738372a688cf68a\"},\"headline\":\"Un shooting de meubles par&#8230; Karl Lagarfeld\",\"datePublished\":\"2012-12-21T21:39:11+00:00\",\"dateModified\":\"2026-02-13T19:33:50+00:00\",\"mainEntityOfPage\":{\"@id\":\"https:\/\/essentia-mobilia.com\/blog\/un-shooting-de-meubles-par-karl-lagarfeld\/#webpage\"},\"commentCount\":0,\"publisher\":{\"@id\":\"https:\/\/essentia-mobilia.com\/blog\/#organization\"},\"image\":{\"@id\":\"https:\/\/essentia-mobilia.com\/blog\/un-shooting-de-meubles-par-karl-lagarfeld\/#primaryimage\"},\"articleSection\":\"Mobilier design\",\"inLanguage\":\"fr-FR\",\"potentialAction\":[{\"@type\":\"CommentAction\",\"name\":\"Comment\",\"target\":[\"https:\/\/essentia-mobilia.com\/blog\/un-shooting-de-meubles-par-karl-lagarfeld\/#respond\"]}]},{\"@type\":\"Person\",\"@id\":\"https:\/\/essentia-mobilia.com\/blog\/#\/schema\/person\/f06deeaf73a4baf06738372a688cf68a\",\"name\":\"myessentiamobilia\",\"image\":{\"@type\":\"ImageObject\",\"@id\":\"https:\/\/essentia-mobilia.com\/blog\/#personlogo\",\"inLanguage\":\"fr-FR\",\"url\":\"https:\/\/secure.gravatar.com\/avatar\/bec63f027f1251faa237003116590784?s=96&d=mm&r=g\",\"caption\":\"myessentiamobilia\"},\"description\":\"A travers ce blog, je partage mes conseils de design et d\\u00e9coration int\\u00e9rieure.\"}]}<\/script>\n<!-- \/ Yoast SEO plugin. -->","_links":{"self":[{"href":"https:\/\/essentia-mobilia.com\/blog\/wp-json\/wp\/v2\/posts\/418"}],"collection":[{"href":"https:\/\/essentia-mobilia.com\/blog\/wp-json\/wp\/v2\/posts"}],"about":[{"href":"https:\/\/essentia-mobilia.com\/blog\/wp-json\/wp\/v2\/types\/post"}],"author":[{"embeddable":true,"href":"https:\/\/essentia-mobilia.com\/blog\/wp-json\/wp\/v2\/users\/1"}],"replies":[{"embeddable":true,"href":"https:\/\/essentia-mobilia.com\/blog\/wp-json\/wp\/v2\/comments?post=418"}],"version-history":[{"count":10,"href":"https:\/\/essentia-mobilia.com\/blog\/wp-json\/wp\/v2\/posts\/418\/revisions"}],"predecessor-version":[{"id":3503,"href":"https:\/\/essentia-mobilia.com\/blog\/wp-json\/wp\/v2\/posts\/418\/revisions\/3503"}],"wp:featuredmedia":[{"embeddable":true,"href":"https:\/\/essentia-mobilia.com\/blog\/wp-json\/wp\/v2\/media\/744"}],"wp:attachment":[{"href":"https:\/\/essentia-mobilia.com\/blog\/wp-json\/wp\/v2\/media?parent=418"}],"wp:term":[{"taxonomy":"category","embeddable":true,"href":"https:\/\/essentia-mobilia.com\/blog\/wp-json\/wp\/v2\/categories?post=418"},{"taxonomy":"post_tag","embeddable":true,"href":"https:\/\/essentia-mobilia.com\/blog\/wp-json\/wp\/v2\/tags?post=418"}],"curies":[{"name":"wp","href":"https:\/\/api.w.org\/{rel}","templated":true}]}}