{"id":414,"date":"2013-01-04T22:39:09","date_gmt":"2013-01-04T21:39:09","guid":{"rendered":"http:\/\/essentia-paris.com\/blog\/?p=414"},"modified":"2026-02-13T16:56:38","modified_gmt":"2026-02-13T15:56:38","slug":"a-fleur-de-peau-meubles-en-cuir-et-realisation-made-in-france","status":"publish","type":"post","link":"https:\/\/essentia-mobilia.com\/blog\/a-fleur-de-peau-meubles-en-cuir-et-realisation-made-in-france\/","title":{"rendered":"A Fleur de Peau : meubles en cuir et r\u00e9alisation made in France"},"content":{"rendered":"\n<h1 class=\"wp-block-heading\">A Fleur de Peau : meubles en cuir et r\u00e9alisation made in France<\/h1>\n\n\n\n<h3 class=\"wp-block-heading\">Des meubles en cuir<\/h3>\n\n\n\n<p>Du 30 septembre 2012 au 25 janvier 2013, la galerie d&rsquo;art&nbsp;<strong>Ymer &amp; Malta<\/strong>&nbsp;(Paris 17\u00e8me) invite&nbsp;<strong>5 designers<\/strong>&nbsp;\u00e0 pr\u00e9senter des cr\u00e9ations de meubles audacieuses et innovantes : Sylvain Rieu Piquet, &nbsp;Benjamin Graindorge, S\u00e9bastien Bergne, Normal Studio, A+A Coren. La mati\u00e8re premi\u00e8re de ces&nbsp;meubles :&nbsp;<strong>le cuir<\/strong>, mati\u00e8re \u00e0 la fois symbole de sensualit\u00e9 et de puissance, de nature et de&nbsp;<a href=\"\/blog\/les-metiers-dart-de-la-creation-et-du-luxe-bientot-au-grand-palais\/\">luxe<\/a>.<\/p>\n\n\n\n<h3 class=\"wp-block-heading\">Des meubles made in France d&rsquo;artisans d&rsquo;art<\/h3>\n\n\n\n<p>Les&nbsp;<strong>meubles design<\/strong>&nbsp;ont \u00e9t\u00e9 r\u00e9alis\u00e9s avec le concours&nbsp;<a href=\"\/blog\/les-metiers-dart-de-la-creation-et-du-luxe-bientot-au-grand-palais\/\"><strong>d&rsquo;artisans d&rsquo;art<\/strong>&nbsp;d&rsquo;Ile-de-France<\/a>.<\/p>\n\n\n\n<p><strong>Lien et cr\u00e9dit :<\/strong>&nbsp;ymer et malta<\/p>\n\n\n<div class=\"wp-block-image\">\n<figure class=\"alignleft\"><a href=\"\/blog\/wp-content\/uploads\/2013\/01\/sofascape-Benjamin-Graindorge-YMERMALTA-A-Fleur-de-peau-cr%C3%A9dit-Bernard-Maltaverne.jpg\"><img decoding=\"async\" src=\"\/blog\/wp-content\/uploads\/2013\/01\/sofascape-Benjamin-Graindorge-YMERMALTA-A-Fleur-de-peau-cr%C3%A9dit-Bernard-Maltaverne.jpg\" alt=\"sofascape - Benjamin Graindorge - YMER&amp;MALTA - A Fleur de peau - cr\u00e9dit Bernard Maltaverne\" class=\"wp-image-1798\" title=\"sofascape - Benjamin Graindorge - YMER&amp;MALTA - A Fleur de peau - cr\u00e9dit Bernard Maltaverne\"\/><\/a><\/figure><\/div>\n\n\n<p><\/p>\n\n\n\n<p><\/p>\n\n\n\n<p><\/p>\n\n\n\n<p><\/p>\n","protected":false},"excerpt":{"rendered":"<p>A Fleur de Peau : meubles en cuir et r\u00e9alisation made in France Des meubles en cuir Du 30 septembre 2012 au 25 janvier 2013, la galerie d&rsquo;art&nbsp;Ymer &amp; Malta&nbsp;(Paris 17\u00e8me) invite&nbsp;5 designers&nbsp;\u00e0 pr\u00e9senter des cr\u00e9ations de meubles audacieuses et innovantes : Sylvain Rieu Piquet, &nbsp;Benjamin Graindorge, S\u00e9bastien Bergne, Normal Studio, A+A Coren. La mati\u00e8re [&hellip;]<\/p>\n","protected":false},"author":1,"featured_media":740,"comment_status":"open","ping_status":"open","sticky":false,"template":"","format":"standard","meta":{"footnotes":""},"categories":[35],"tags":[],"yoast_head":"<!-- This site is optimized with the Yoast SEO plugin v15.0 - https:\/\/yoast.com\/wordpress\/plugins\/seo\/ -->\n<title>A Fleur de Peau : meubles en cuir et r\u00e9alisation made in France<\/title>\n<meta name=\"description\" content=\"La galerie d&#039;art\u00a0Ymer &amp; Malta\u00a0invite\u00a05 designers\u00a0\u00e0 pr\u00e9senter des cr\u00e9ations de meubles audacieuses et innovantes.\" \/>\n<meta name=\"robots\" content=\"index, follow, max-snippet:-1, max-image-preview:large, max-video-preview:-1\" \/>\n<link rel=\"canonical\" href=\"https:\/\/essentia-mobilia.com\/blog\/a-fleur-de-peau-meubles-en-cuir-et-realisation-made-in-france\/\" \/>\n<meta property=\"og:locale\" content=\"fr_FR\" \/>\n<meta property=\"og:type\" content=\"article\" \/>\n<meta property=\"og:title\" content=\"A Fleur de Peau : meubles en cuir et r\u00e9alisation made in France\" \/>\n<meta property=\"og:description\" content=\"La galerie d&#039;art\u00a0Ymer &amp; Malta\u00a0invite\u00a05 designers\u00a0\u00e0 pr\u00e9senter des cr\u00e9ations de meubles audacieuses et innovantes.\" \/>\n<meta property=\"og:url\" content=\"https:\/\/essentia-mobilia.com\/blog\/a-fleur-de-peau-meubles-en-cuir-et-realisation-made-in-france\/\" \/>\n<meta property=\"og:site_name\" content=\"Blog d\u00e9coration et design de Essentia MOBILIA\" \/>\n<meta property=\"article:publisher\" content=\"https:\/\/www.facebook.com\/EssentiaMobilia\" \/>\n<meta property=\"article:published_time\" content=\"2013-01-04T21:39:09+00:00\" \/>\n<meta property=\"article:modified_time\" content=\"2026-02-13T15:56:38+00:00\" \/>\n<meta property=\"og:image\" content=\"https:\/\/essentia-mobilia.com\/blog\/wp-content\/uploads\/2013\/02\/18-sofascape-Benjamin-Graindorge-YMERMALTA-A-Fleur-de-peau-credit-Bernard-Maltaverne.jpg\" \/>\n\t<meta property=\"og:image:width\" content=\"904\" \/>\n\t<meta property=\"og:image:height\" content=\"300\" \/>\n<meta name=\"twitter:card\" content=\"summary_large_image\" \/>\n<script type=\"application\/ld+json\" class=\"yoast-schema-graph\">{\"@context\":\"https:\/\/schema.org\",\"@graph\":[{\"@type\":\"Organization\",\"@id\":\"https:\/\/essentia-mobilia.com\/blog\/#organization\",\"name\":\"Essentia MOBILIA\",\"url\":\"https:\/\/essentia-mobilia.com\/blog\/\",\"sameAs\":[\"https:\/\/www.facebook.com\/EssentiaMobilia\",\"https:\/\/www.instagram.com\/essentiamobilia\/\",\"https:\/\/fr.pinterest.com\/essentia_mobilia\/\"],\"logo\":{\"@type\":\"ImageObject\",\"@id\":\"https:\/\/essentia-mobilia.com\/blog\/#logo\",\"inLanguage\":\"fr-FR\",\"url\":\"https:\/\/essentia-mobilia.com\/blog\/wp-content\/uploads\/2023\/12\/cropped-essentia-mobilia-logo.jpg\",\"width\":171,\"height\":73,\"caption\":\"Essentia MOBILIA\"},\"image\":{\"@id\":\"https:\/\/essentia-mobilia.com\/blog\/#logo\"}},{\"@type\":\"WebSite\",\"@id\":\"https:\/\/essentia-mobilia.com\/blog\/#website\",\"url\":\"https:\/\/essentia-mobilia.com\/blog\/\",\"name\":\"Blog d\\u00e9coration et design de Essentia MOBILIA\",\"description\":\"\",\"publisher\":{\"@id\":\"https:\/\/essentia-mobilia.com\/blog\/#organization\"},\"potentialAction\":[{\"@type\":\"SearchAction\",\"target\":\"https:\/\/essentia-mobilia.com\/blog\/?s={search_term_string}\",\"query-input\":\"required name=search_term_string\"}],\"inLanguage\":\"fr-FR\"},{\"@type\":\"ImageObject\",\"@id\":\"https:\/\/essentia-mobilia.com\/blog\/a-fleur-de-peau-meubles-en-cuir-et-realisation-made-in-france\/#primaryimage\",\"inLanguage\":\"fr-FR\",\"url\":\"https:\/\/essentia-mobilia.com\/blog\/wp-content\/uploads\/2013\/02\/18-sofascape-Benjamin-Graindorge-YMERMALTA-A-Fleur-de-peau-credit-Bernard-Maltaverne.jpg\",\"width\":904,\"height\":300},{\"@type\":\"WebPage\",\"@id\":\"https:\/\/essentia-mobilia.com\/blog\/a-fleur-de-peau-meubles-en-cuir-et-realisation-made-in-france\/#webpage\",\"url\":\"https:\/\/essentia-mobilia.com\/blog\/a-fleur-de-peau-meubles-en-cuir-et-realisation-made-in-france\/\",\"name\":\"A Fleur de Peau : meubles en cuir et r\\u00e9alisation made in France\",\"isPartOf\":{\"@id\":\"https:\/\/essentia-mobilia.com\/blog\/#website\"},\"primaryImageOfPage\":{\"@id\":\"https:\/\/essentia-mobilia.com\/blog\/a-fleur-de-peau-meubles-en-cuir-et-realisation-made-in-france\/#primaryimage\"},\"datePublished\":\"2013-01-04T21:39:09+00:00\",\"dateModified\":\"2026-02-13T15:56:38+00:00\",\"description\":\"La galerie d'art\\u00a0Ymer & Malta\\u00a0invite\\u00a05 designers\\u00a0\\u00e0 pr\\u00e9senter des cr\\u00e9ations de meubles audacieuses et innovantes.\",\"breadcrumb\":{\"@id\":\"https:\/\/essentia-mobilia.com\/blog\/a-fleur-de-peau-meubles-en-cuir-et-realisation-made-in-france\/#breadcrumb\"},\"inLanguage\":\"fr-FR\",\"potentialAction\":[{\"@type\":\"ReadAction\",\"target\":[\"https:\/\/essentia-mobilia.com\/blog\/a-fleur-de-peau-meubles-en-cuir-et-realisation-made-in-france\/\"]}]},{\"@type\":\"BreadcrumbList\",\"@id\":\"https:\/\/essentia-mobilia.com\/blog\/a-fleur-de-peau-meubles-en-cuir-et-realisation-made-in-france\/#breadcrumb\",\"itemListElement\":[{\"@type\":\"ListItem\",\"position\":1,\"item\":{\"@type\":\"WebPage\",\"@id\":\"https:\/\/essentia-mobilia.com\/blog\/\",\"url\":\"https:\/\/essentia-mobilia.com\/blog\/\",\"name\":\"Accueil\"}},{\"@type\":\"ListItem\",\"position\":2,\"item\":{\"@type\":\"WebPage\",\"@id\":\"https:\/\/essentia-mobilia.com\/blog\/a-fleur-de-peau-meubles-en-cuir-et-realisation-made-in-france\/\",\"url\":\"https:\/\/essentia-mobilia.com\/blog\/a-fleur-de-peau-meubles-en-cuir-et-realisation-made-in-france\/\",\"name\":\"A Fleur de Peau : meubles en cuir et r\\u00e9alisation made in France\"}}]},{\"@type\":\"Article\",\"@id\":\"https:\/\/essentia-mobilia.com\/blog\/a-fleur-de-peau-meubles-en-cuir-et-realisation-made-in-france\/#article\",\"isPartOf\":{\"@id\":\"https:\/\/essentia-mobilia.com\/blog\/a-fleur-de-peau-meubles-en-cuir-et-realisation-made-in-france\/#webpage\"},\"author\":{\"@id\":\"https:\/\/essentia-mobilia.com\/blog\/#\/schema\/person\/f06deeaf73a4baf06738372a688cf68a\"},\"headline\":\"A Fleur de Peau : meubles en cuir et r\\u00e9alisation made in France\",\"datePublished\":\"2013-01-04T21:39:09+00:00\",\"dateModified\":\"2026-02-13T15:56:38+00:00\",\"mainEntityOfPage\":{\"@id\":\"https:\/\/essentia-mobilia.com\/blog\/a-fleur-de-peau-meubles-en-cuir-et-realisation-made-in-france\/#webpage\"},\"commentCount\":0,\"publisher\":{\"@id\":\"https:\/\/essentia-mobilia.com\/blog\/#organization\"},\"image\":{\"@id\":\"https:\/\/essentia-mobilia.com\/blog\/a-fleur-de-peau-meubles-en-cuir-et-realisation-made-in-france\/#primaryimage\"},\"articleSection\":\"Made in France\",\"inLanguage\":\"fr-FR\",\"potentialAction\":[{\"@type\":\"CommentAction\",\"name\":\"Comment\",\"target\":[\"https:\/\/essentia-mobilia.com\/blog\/a-fleur-de-peau-meubles-en-cuir-et-realisation-made-in-france\/#respond\"]}]},{\"@type\":\"Person\",\"@id\":\"https:\/\/essentia-mobilia.com\/blog\/#\/schema\/person\/f06deeaf73a4baf06738372a688cf68a\",\"name\":\"myessentiamobilia\",\"image\":{\"@type\":\"ImageObject\",\"@id\":\"https:\/\/essentia-mobilia.com\/blog\/#personlogo\",\"inLanguage\":\"fr-FR\",\"url\":\"https:\/\/secure.gravatar.com\/avatar\/bec63f027f1251faa237003116590784?s=96&d=mm&r=g\",\"caption\":\"myessentiamobilia\"},\"description\":\"A travers ce blog, je partage mes conseils de design et d\\u00e9coration int\\u00e9rieure.\"}]}<\/script>\n<!-- \/ Yoast SEO plugin. -->","_links":{"self":[{"href":"https:\/\/essentia-mobilia.com\/blog\/wp-json\/wp\/v2\/posts\/414"}],"collection":[{"href":"https:\/\/essentia-mobilia.com\/blog\/wp-json\/wp\/v2\/posts"}],"about":[{"href":"https:\/\/essentia-mobilia.com\/blog\/wp-json\/wp\/v2\/types\/post"}],"author":[{"embeddable":true,"href":"https:\/\/essentia-mobilia.com\/blog\/wp-json\/wp\/v2\/users\/1"}],"replies":[{"embeddable":true,"href":"https:\/\/essentia-mobilia.com\/blog\/wp-json\/wp\/v2\/comments?post=414"}],"version-history":[{"count":5,"href":"https:\/\/essentia-mobilia.com\/blog\/wp-json\/wp\/v2\/posts\/414\/revisions"}],"predecessor-version":[{"id":3498,"href":"https:\/\/essentia-mobilia.com\/blog\/wp-json\/wp\/v2\/posts\/414\/revisions\/3498"}],"wp:featuredmedia":[{"embeddable":true,"href":"https:\/\/essentia-mobilia.com\/blog\/wp-json\/wp\/v2\/media\/740"}],"wp:attachment":[{"href":"https:\/\/essentia-mobilia.com\/blog\/wp-json\/wp\/v2\/media?parent=414"}],"wp:term":[{"taxonomy":"category","embeddable":true,"href":"https:\/\/essentia-mobilia.com\/blog\/wp-json\/wp\/v2\/categories?post=414"},{"taxonomy":"post_tag","embeddable":true,"href":"https:\/\/essentia-mobilia.com\/blog\/wp-json\/wp\/v2\/tags?post=414"}],"curies":[{"name":"wp","href":"https:\/\/api.w.org\/{rel}","templated":true}]}}