{"id":409,"date":"2012-10-12T22:39:07","date_gmt":"2012-10-12T20:39:07","guid":{"rendered":"http:\/\/essentia-paris.com\/blog\/?p=409"},"modified":"2026-02-13T20:51:08","modified_gmt":"2026-02-13T19:51:08","slug":"le-prix-colbert-decerne-aux-designers-bresiliens-humberto-et-fernando-campana","status":"publish","type":"post","link":"https:\/\/essentia-mobilia.com\/blog\/le-prix-colbert-decerne-aux-designers-bresiliens-humberto-et-fernando-campana\/","title":{"rendered":"Le Prix Colbert d\u00e9cern\u00e9 aux designers br\u00e9siliens Humberto et Fernando Campana"},"content":{"rendered":"\n<h1 class=\"wp-block-heading\">Le Prix Colbert d\u00e9cern\u00e9 aux designers br\u00e9siliens Humberto et Fernando Campana<\/h1>\n\n\n\n<p><strong>Le Comit\u00e9 Colbert<\/strong>\u00a0a \u00e9t\u00e9 cr\u00e9\u00e9 en 1954. Il repr\u00e9sente 75 maisons de luxe fran\u00e7aises et 13 institutions culturelles autour des valeurs d&rsquo;esth\u00e9tique, d&rsquo;exigence et de p\u00e9rennit\u00e9 des savoir-faire. \u00a0<strong>Le Prix Colbert Cr\u00e9ation et Patrimoine<\/strong>\u00a0r\u00e9compense chaque ann\u00e9e depuis 2010 des personnalit\u00e9s qui favorisent la cr\u00e9ation contemporaines, promeuvent le patrimoine et les savoir-faire et contribuent au rayonnement de la culture.<\/p>\n\n\n\n<p>Cette ann\u00e9e,&nbsp;<strong>le Comit\u00e9 Colbert a distingu\u00e9 les fr\u00e8res Humberto et Fernando Campana, deux designers br\u00e9siliens pour le dynamisme de leur cr\u00e9ation.<\/strong><\/p>\n\n\n\n<h3 class=\"wp-block-heading\">Artisanat, identit\u00e9 br\u00e9silienne et d\u00e9veloppement durable<\/h3>\n\n\n\n<p><strong>Le Comit\u00e9 Colbert a relev\u00e9 en particulier que :&nbsp;<\/strong><br>&#8211; les fr\u00e8res Campana s&rsquo;appuient pleinement&nbsp;<strong>sur l&rsquo;artisanat dans le processus cr\u00e9atif<\/strong>: ainsi les savoir-faire ont toute leur place dans l&rsquo;industrie<br>&#8211; les fr\u00e8res Campana cherchent \u00e0 exprimer&nbsp;<strong>l&rsquo;identit\u00e9 br\u00e9silienne<\/strong>&nbsp;dans le design<br>&#8211; les fr\u00e8res Campana sont attentifs aux enjeux du&nbsp;<strong>d\u00e9veloppement durable<\/strong><\/p>\n\n\n\n<figure class=\"wp-block-image\"><img decoding=\"async\" src=\"\/blog\/wp-content\/uploads\/2012\/10\/freres-campana-edra-chaise-sushi-IV-feuilles-de-tissus.jpg\" alt=\"freres-campana-edra-chaise sushi IV-feuilles de tissus\" title=\"freres-campana-edra-chaise sushi IV-feuilles de tissus\"\/><\/figure>\n\n\n\n<p><strong>Chaise Sushi IV<\/strong>&nbsp;en feuilles de tissus par les fr\u00e8res Campana, pour l&rsquo;\u00e9diteur Edra<\/p>\n\n\n\n<figure class=\"wp-block-image\"><a href=\"\/blog\/wp-content\/uploads\/2012\/10\/freres-campana-edra-fauteuil-poltrona-favela-bois-naturel.jpg\"><img decoding=\"async\" src=\"\/blog\/wp-content\/uploads\/2012\/10\/freres-campana-edra-fauteuil-poltrona-favela-bois-naturel.jpg\" alt=\"freres-campana-edra-fauteuil poltrona favela-bois naturel\" title=\"freres-campana-edra-fauteuil poltrona favela-bois naturel\"\/><\/a><\/figure>\n\n\n\n<p><strong>Fauteuil Favela<\/strong>&nbsp;en bois naturel (comme ceux utilis\u00e9s dans les Favelas) par les fr\u00e8res Campana, pour l&rsquo;\u00e9diteur Edra<\/p>\n\n\n\n<figure class=\"wp-block-image\"><img decoding=\"async\" src=\"\/blog\/wp-content\/uploads\/2012\/10\/freres-campana-alessi-collection-gueridon-blow-up-bambou.jpg\" alt=\"freres-campana-alessi-collection-gueridon blow-up-bambou\" title=\"freres-campana-alessi-collection-gueridon blow-up-bambou\"\/><\/figure>\n\n\n\n<p><a href=\"https:\/\/essentia-mobilia.com\/tables-basses-design\/145-table-basse-d-exception-en-bois-massif-et-metal-alliance.html\">Table basse en bois et en verre<\/a> : <strong>Gu\u00e9ridon Blow Up<\/strong>&nbsp;en bambou par les fr\u00e8res Campana, pour l&rsquo;\u00e9diteur Alessi<\/p>\n\n\n\n<p>Cr\u00e9dits :&nbsp;Dossier de presse du Comit\u00e9 Colbert<\/p>\n\n\n\n<p><\/p>\n","protected":false},"excerpt":{"rendered":"<p>Le Prix Colbert d\u00e9cern\u00e9 aux designers br\u00e9siliens Humberto et Fernando Campana Le Comit\u00e9 Colbert\u00a0a \u00e9t\u00e9 cr\u00e9\u00e9 en 1954. Il repr\u00e9sente 75 maisons de luxe fran\u00e7aises et 13 institutions culturelles autour des valeurs d&rsquo;esth\u00e9tique, d&rsquo;exigence et de p\u00e9rennit\u00e9 des savoir-faire. \u00a0Le Prix Colbert Cr\u00e9ation et Patrimoine\u00a0r\u00e9compense chaque ann\u00e9e depuis 2010 des personnalit\u00e9s qui favorisent la cr\u00e9ation [&hellip;]<\/p>\n","protected":false},"author":1,"featured_media":780,"comment_status":"open","ping_status":"open","sticky":false,"template":"","format":"standard","meta":{"footnotes":""},"categories":[32],"tags":[],"yoast_head":"<!-- This site is optimized with the Yoast SEO plugin v15.0 - https:\/\/yoast.com\/wordpress\/plugins\/seo\/ -->\n<title>Le Prix Colbert d\u00e9cern\u00e9 aux designers br\u00e9siliens Humberto et Fernando Campana<\/title>\n<meta name=\"description\" content=\"Cette ann\u00e9e,\u00a0le Comit\u00e9 Colbert a distingu\u00e9 les fr\u00e8res Humberto et Fernando Campana, deux designers br\u00e9siliens pour le dynamisme de leur cr\u00e9ation.\" \/>\n<meta name=\"robots\" content=\"index, follow, max-snippet:-1, max-image-preview:large, max-video-preview:-1\" \/>\n<link rel=\"canonical\" href=\"https:\/\/essentia-mobilia.com\/blog\/le-prix-colbert-decerne-aux-designers-bresiliens-humberto-et-fernando-campana\/\" \/>\n<meta property=\"og:locale\" content=\"fr_FR\" \/>\n<meta property=\"og:type\" content=\"article\" \/>\n<meta property=\"og:title\" content=\"Le Prix Colbert d\u00e9cern\u00e9 aux designers br\u00e9siliens Humberto et Fernando Campana\" \/>\n<meta property=\"og:description\" content=\"Cette ann\u00e9e,\u00a0le Comit\u00e9 Colbert a distingu\u00e9 les fr\u00e8res Humberto et Fernando Campana, deux designers br\u00e9siliens pour le dynamisme de leur cr\u00e9ation.\" \/>\n<meta property=\"og:url\" content=\"https:\/\/essentia-mobilia.com\/blog\/le-prix-colbert-decerne-aux-designers-bresiliens-humberto-et-fernando-campana\/\" \/>\n<meta property=\"og:site_name\" content=\"Blog d\u00e9coration et design de Essentia MOBILIA\" \/>\n<meta property=\"article:publisher\" content=\"https:\/\/www.facebook.com\/EssentiaMobilia\" \/>\n<meta property=\"article:published_time\" content=\"2012-10-12T20:39:07+00:00\" \/>\n<meta property=\"article:modified_time\" content=\"2026-02-13T19:51:08+00:00\" \/>\n<meta property=\"og:image\" content=\"https:\/\/essentia-mobilia.com\/blog\/wp-content\/uploads\/2012\/11\/48-freres-campana-alessi-collection-gueridon-blow-up-bambou.jpg\" \/>\n\t<meta property=\"og:image:width\" content=\"403\" \/>\n\t<meta property=\"og:image:height\" content=\"494\" \/>\n<meta name=\"twitter:card\" content=\"summary_large_image\" \/>\n<script type=\"application\/ld+json\" class=\"yoast-schema-graph\">{\"@context\":\"https:\/\/schema.org\",\"@graph\":[{\"@type\":\"Organization\",\"@id\":\"https:\/\/essentia-mobilia.com\/blog\/#organization\",\"name\":\"Essentia MOBILIA\",\"url\":\"https:\/\/essentia-mobilia.com\/blog\/\",\"sameAs\":[\"https:\/\/www.facebook.com\/EssentiaMobilia\",\"https:\/\/www.instagram.com\/essentiamobilia\/\",\"https:\/\/fr.pinterest.com\/essentia_mobilia\/\"],\"logo\":{\"@type\":\"ImageObject\",\"@id\":\"https:\/\/essentia-mobilia.com\/blog\/#logo\",\"inLanguage\":\"fr-FR\",\"url\":\"https:\/\/essentia-mobilia.com\/blog\/wp-content\/uploads\/2023\/12\/cropped-essentia-mobilia-logo.jpg\",\"width\":171,\"height\":73,\"caption\":\"Essentia MOBILIA\"},\"image\":{\"@id\":\"https:\/\/essentia-mobilia.com\/blog\/#logo\"}},{\"@type\":\"WebSite\",\"@id\":\"https:\/\/essentia-mobilia.com\/blog\/#website\",\"url\":\"https:\/\/essentia-mobilia.com\/blog\/\",\"name\":\"Blog d\\u00e9coration et design de Essentia MOBILIA\",\"description\":\"\",\"publisher\":{\"@id\":\"https:\/\/essentia-mobilia.com\/blog\/#organization\"},\"potentialAction\":[{\"@type\":\"SearchAction\",\"target\":\"https:\/\/essentia-mobilia.com\/blog\/?s={search_term_string}\",\"query-input\":\"required name=search_term_string\"}],\"inLanguage\":\"fr-FR\"},{\"@type\":\"ImageObject\",\"@id\":\"https:\/\/essentia-mobilia.com\/blog\/le-prix-colbert-decerne-aux-designers-bresiliens-humberto-et-fernando-campana\/#primaryimage\",\"inLanguage\":\"fr-FR\",\"url\":\"https:\/\/essentia-mobilia.com\/blog\/wp-content\/uploads\/2012\/11\/48-freres-campana-alessi-collection-gueridon-blow-up-bambou.jpg\",\"width\":403,\"height\":494},{\"@type\":\"WebPage\",\"@id\":\"https:\/\/essentia-mobilia.com\/blog\/le-prix-colbert-decerne-aux-designers-bresiliens-humberto-et-fernando-campana\/#webpage\",\"url\":\"https:\/\/essentia-mobilia.com\/blog\/le-prix-colbert-decerne-aux-designers-bresiliens-humberto-et-fernando-campana\/\",\"name\":\"Le Prix Colbert d\\u00e9cern\\u00e9 aux designers br\\u00e9siliens Humberto et Fernando Campana\",\"isPartOf\":{\"@id\":\"https:\/\/essentia-mobilia.com\/blog\/#website\"},\"primaryImageOfPage\":{\"@id\":\"https:\/\/essentia-mobilia.com\/blog\/le-prix-colbert-decerne-aux-designers-bresiliens-humberto-et-fernando-campana\/#primaryimage\"},\"datePublished\":\"2012-10-12T20:39:07+00:00\",\"dateModified\":\"2026-02-13T19:51:08+00:00\",\"description\":\"Cette ann\\u00e9e,\\u00a0le Comit\\u00e9 Colbert a distingu\\u00e9 les fr\\u00e8res Humberto et Fernando Campana, deux designers br\\u00e9siliens pour le dynamisme de leur cr\\u00e9ation.\",\"breadcrumb\":{\"@id\":\"https:\/\/essentia-mobilia.com\/blog\/le-prix-colbert-decerne-aux-designers-bresiliens-humberto-et-fernando-campana\/#breadcrumb\"},\"inLanguage\":\"fr-FR\",\"potentialAction\":[{\"@type\":\"ReadAction\",\"target\":[\"https:\/\/essentia-mobilia.com\/blog\/le-prix-colbert-decerne-aux-designers-bresiliens-humberto-et-fernando-campana\/\"]}]},{\"@type\":\"BreadcrumbList\",\"@id\":\"https:\/\/essentia-mobilia.com\/blog\/le-prix-colbert-decerne-aux-designers-bresiliens-humberto-et-fernando-campana\/#breadcrumb\",\"itemListElement\":[{\"@type\":\"ListItem\",\"position\":1,\"item\":{\"@type\":\"WebPage\",\"@id\":\"https:\/\/essentia-mobilia.com\/blog\/\",\"url\":\"https:\/\/essentia-mobilia.com\/blog\/\",\"name\":\"Accueil\"}},{\"@type\":\"ListItem\",\"position\":2,\"item\":{\"@type\":\"WebPage\",\"@id\":\"https:\/\/essentia-mobilia.com\/blog\/le-prix-colbert-decerne-aux-designers-bresiliens-humberto-et-fernando-campana\/\",\"url\":\"https:\/\/essentia-mobilia.com\/blog\/le-prix-colbert-decerne-aux-designers-bresiliens-humberto-et-fernando-campana\/\",\"name\":\"Le Prix Colbert d\\u00e9cern\\u00e9 aux designers br\\u00e9siliens Humberto et Fernando Campana\"}}]},{\"@type\":\"Article\",\"@id\":\"https:\/\/essentia-mobilia.com\/blog\/le-prix-colbert-decerne-aux-designers-bresiliens-humberto-et-fernando-campana\/#article\",\"isPartOf\":{\"@id\":\"https:\/\/essentia-mobilia.com\/blog\/le-prix-colbert-decerne-aux-designers-bresiliens-humberto-et-fernando-campana\/#webpage\"},\"author\":{\"@id\":\"https:\/\/essentia-mobilia.com\/blog\/#\/schema\/person\/f06deeaf73a4baf06738372a688cf68a\"},\"headline\":\"Le Prix Colbert d\\u00e9cern\\u00e9 aux designers br\\u00e9siliens Humberto et Fernando Campana\",\"datePublished\":\"2012-10-12T20:39:07+00:00\",\"dateModified\":\"2026-02-13T19:51:08+00:00\",\"mainEntityOfPage\":{\"@id\":\"https:\/\/essentia-mobilia.com\/blog\/le-prix-colbert-decerne-aux-designers-bresiliens-humberto-et-fernando-campana\/#webpage\"},\"commentCount\":0,\"publisher\":{\"@id\":\"https:\/\/essentia-mobilia.com\/blog\/#organization\"},\"image\":{\"@id\":\"https:\/\/essentia-mobilia.com\/blog\/le-prix-colbert-decerne-aux-designers-bresiliens-humberto-et-fernando-campana\/#primaryimage\"},\"articleSection\":\"Mobilier design\",\"inLanguage\":\"fr-FR\",\"potentialAction\":[{\"@type\":\"CommentAction\",\"name\":\"Comment\",\"target\":[\"https:\/\/essentia-mobilia.com\/blog\/le-prix-colbert-decerne-aux-designers-bresiliens-humberto-et-fernando-campana\/#respond\"]}]},{\"@type\":\"Person\",\"@id\":\"https:\/\/essentia-mobilia.com\/blog\/#\/schema\/person\/f06deeaf73a4baf06738372a688cf68a\",\"name\":\"myessentiamobilia\",\"image\":{\"@type\":\"ImageObject\",\"@id\":\"https:\/\/essentia-mobilia.com\/blog\/#personlogo\",\"inLanguage\":\"fr-FR\",\"url\":\"https:\/\/secure.gravatar.com\/avatar\/bec63f027f1251faa237003116590784?s=96&d=mm&r=g\",\"caption\":\"myessentiamobilia\"},\"description\":\"A travers ce blog, je partage mes conseils de design et d\\u00e9coration int\\u00e9rieure.\"}]}<\/script>\n<!-- \/ Yoast SEO plugin. -->","_links":{"self":[{"href":"https:\/\/essentia-mobilia.com\/blog\/wp-json\/wp\/v2\/posts\/409"}],"collection":[{"href":"https:\/\/essentia-mobilia.com\/blog\/wp-json\/wp\/v2\/posts"}],"about":[{"href":"https:\/\/essentia-mobilia.com\/blog\/wp-json\/wp\/v2\/types\/post"}],"author":[{"embeddable":true,"href":"https:\/\/essentia-mobilia.com\/blog\/wp-json\/wp\/v2\/users\/1"}],"replies":[{"embeddable":true,"href":"https:\/\/essentia-mobilia.com\/blog\/wp-json\/wp\/v2\/comments?post=409"}],"version-history":[{"count":5,"href":"https:\/\/essentia-mobilia.com\/blog\/wp-json\/wp\/v2\/posts\/409\/revisions"}],"predecessor-version":[{"id":3530,"href":"https:\/\/essentia-mobilia.com\/blog\/wp-json\/wp\/v2\/posts\/409\/revisions\/3530"}],"wp:featuredmedia":[{"embeddable":true,"href":"https:\/\/essentia-mobilia.com\/blog\/wp-json\/wp\/v2\/media\/780"}],"wp:attachment":[{"href":"https:\/\/essentia-mobilia.com\/blog\/wp-json\/wp\/v2\/media?parent=409"}],"wp:term":[{"taxonomy":"category","embeddable":true,"href":"https:\/\/essentia-mobilia.com\/blog\/wp-json\/wp\/v2\/categories?post=409"},{"taxonomy":"post_tag","embeddable":true,"href":"https:\/\/essentia-mobilia.com\/blog\/wp-json\/wp\/v2\/tags?post=409"}],"curies":[{"name":"wp","href":"https:\/\/api.w.org\/{rel}","templated":true}]}}