{"id":406,"date":"2012-10-18T22:39:05","date_gmt":"2012-10-18T20:39:05","guid":{"rendered":"http:\/\/essentia-paris.com\/blog\/?p=406"},"modified":"2026-02-13T20:50:39","modified_gmt":"2026-02-13T19:50:39","slug":"le-off-de-la-fiac-2012","status":"publish","type":"post","link":"https:\/\/essentia-mobilia.com\/blog\/le-off-de-la-fiac-2012\/","title":{"rendered":"Le Off de la FIAC 2012"},"content":{"rendered":"\n<h1 class=\"wp-block-heading\">Le Off de la FIAC 2012<\/h1>\n\n\n\n<p>Comme chaque ann\u00e9e, de nombreux \u00e9v\u00e8nements se tiendront en marge de la FIAC (Foire Internationale d&rsquo;Art Contemporain). En voici les principaux :<\/p>\n\n\n\n<h3 class=\"wp-block-heading\">Design Elys\u00e9es : le meilleur du design<\/h3>\n\n\n\n<p><strong>Design Elys\u00e9es :<\/strong>&nbsp;la 2\u00e8me \u00e9dition du salon de design se tiendra du 20 au 23 octobre 2012 au Pavillon sur l&rsquo;avenue des Champs Elys\u00e9es. Design Elys\u00e9e r\u00e9unit des galeries de design tr\u00e8s exigeantes. Les plus grandes pointures du design seront mise \u00e0 l&rsquo;honneur :&nbsp;Jean Prouv\u00e9, Charlotte Perriand, Serge Mouille, Pierre Guariche, Pierre Paulin&#8230; L&rsquo;\u00e9v\u00e8nement le plus int\u00e9ressant pour le design.&nbsp;<img loading=\"lazy\" decoding=\"async\" src=\"\/blog\/wp-content\/uploads\/2012\/10\/Art-Elys%C3%A9e-2012-Galeries.jpg\" alt=\"Design Elys\u00e9e-2012-Galeries\" width=\"778\" height=\"180\"><\/p>\n\n\n\n<p><strong>Slick<\/strong><strong>&nbsp;:<\/strong>&nbsp;la 7\u00e8me \u00e9dition de Slick se tiendra du 17 au 21 octobre 2012 au&nbsp;Garage dans le Marais. Slick r\u00e9unit 40 galeries internationales d&rsquo;art contemporain d\u00e9couvreuses de talent.<\/p>\n\n\n\n<p><strong>Show off :<\/strong>&nbsp;la 7\u00e8me \u00e9dition de Show off se tiendra du 17 au 21 octobre 2012 dans le Marais. Show off se concentre sur l&rsquo;art num\u00e9rique et les nouvelles pratiques artistiques.<\/p>\n\n\n\n<p><strong>Cutlog :<\/strong>&nbsp;la 4\u00e8me \u00e9dition de Cutlog se tiendra du 18 au 21 octobre 2012 \u00e0 la Bourse du Commerce \u00e0 Paris. 40 galeries fran\u00e7aises et internationales soutenant des artistes \u00e9mergents sont repr\u00e9sent\u00e9es.<\/p>\n\n\n\n<p><strong>Chic Art Fair :<\/strong>&nbsp;la 3\u00e8me \u00e9dition de Chic Art Fair se tiendra du 19 au 22 octobre 2012 aux Docks, Cit\u00e9 de la Mode et du Design.&nbsp;Chic Art Fair r\u00e9unit 50 galeries d\u2019art contemporain, 5 galeries de Street Art et 15 galeries de design d\u2019innovation, et 20 \u00e9diteurs.<\/p>\n\n\n\n<p><strong>Art Elys\u00e9es :<\/strong>&nbsp;la 6\u00e8me \u00e9dition de Art Elys\u00e9e se tiendra du 18 au 22 octobre sur l&rsquo;avenue des Champs Elys\u00e9es. Art Elys\u00e9es se concentre sur l&rsquo;art moderne et contemporain classique.<\/p>\n\n\n\n<p><a href=\"\/\">Retrouvez les artisans et designers d&rsquo;aujourd&rsquo;hui sur Essentia MOBILIA<\/a><\/p>\n","protected":false},"excerpt":{"rendered":"<p>Le Off de la FIAC 2012 Comme chaque ann\u00e9e, de nombreux \u00e9v\u00e8nements se tiendront en marge de la FIAC (Foire Internationale d&rsquo;Art Contemporain). En voici les principaux : Design Elys\u00e9es : le meilleur du design Design Elys\u00e9es :&nbsp;la 2\u00e8me \u00e9dition du salon de design se tiendra du 20 au 23 octobre 2012 au Pavillon sur [&hellip;]<\/p>\n","protected":false},"author":1,"featured_media":778,"comment_status":"open","ping_status":"open","sticky":false,"template":"","format":"standard","meta":{"footnotes":""},"categories":[35,32],"tags":[],"yoast_head":"<!-- This site is optimized with the Yoast SEO plugin v15.0 - https:\/\/yoast.com\/wordpress\/plugins\/seo\/ -->\n<title>Le Off de la FIAC 2012<\/title>\n<meta name=\"description\" content=\"Comme chaque ann\u00e9e, de nombreux \u00e9v\u00e8nements se tiendront en marge de la FIAC. Voici les plus int\u00e9ressants.\" \/>\n<meta name=\"robots\" content=\"index, follow, max-snippet:-1, max-image-preview:large, max-video-preview:-1\" \/>\n<link rel=\"canonical\" href=\"https:\/\/essentia-mobilia.com\/blog\/le-off-de-la-fiac-2012\/\" \/>\n<meta property=\"og:locale\" content=\"fr_FR\" \/>\n<meta property=\"og:type\" content=\"article\" \/>\n<meta property=\"og:title\" content=\"Le Off de la FIAC 2012\" \/>\n<meta property=\"og:description\" content=\"Comme chaque ann\u00e9e, de nombreux \u00e9v\u00e8nements se tiendront en marge de la FIAC. Voici les plus int\u00e9ressants.\" \/>\n<meta property=\"og:url\" content=\"https:\/\/essentia-mobilia.com\/blog\/le-off-de-la-fiac-2012\/\" \/>\n<meta property=\"og:site_name\" content=\"Blog d\u00e9coration et design de Essentia MOBILIA\" \/>\n<meta property=\"article:publisher\" content=\"https:\/\/www.facebook.com\/EssentiaMobilia\" \/>\n<meta property=\"article:published_time\" content=\"2012-10-18T20:39:05+00:00\" \/>\n<meta property=\"article:modified_time\" content=\"2026-02-13T19:50:39+00:00\" \/>\n<meta property=\"og:image\" content=\"https:\/\/essentia-mobilia.com\/blog\/wp-content\/uploads\/2012\/11\/46-Art-Elysee-2012-Galeries.jpg\" \/>\n\t<meta property=\"og:image:width\" content=\"778\" \/>\n\t<meta property=\"og:image:height\" content=\"180\" \/>\n<meta name=\"twitter:card\" content=\"summary_large_image\" \/>\n<script type=\"application\/ld+json\" class=\"yoast-schema-graph\">{\"@context\":\"https:\/\/schema.org\",\"@graph\":[{\"@type\":\"Organization\",\"@id\":\"https:\/\/essentia-mobilia.com\/blog\/#organization\",\"name\":\"Essentia MOBILIA\",\"url\":\"https:\/\/essentia-mobilia.com\/blog\/\",\"sameAs\":[\"https:\/\/www.facebook.com\/EssentiaMobilia\",\"https:\/\/www.instagram.com\/essentiamobilia\/\",\"https:\/\/fr.pinterest.com\/essentia_mobilia\/\"],\"logo\":{\"@type\":\"ImageObject\",\"@id\":\"https:\/\/essentia-mobilia.com\/blog\/#logo\",\"inLanguage\":\"fr-FR\",\"url\":\"https:\/\/essentia-mobilia.com\/blog\/wp-content\/uploads\/2023\/12\/cropped-essentia-mobilia-logo.jpg\",\"width\":171,\"height\":73,\"caption\":\"Essentia MOBILIA\"},\"image\":{\"@id\":\"https:\/\/essentia-mobilia.com\/blog\/#logo\"}},{\"@type\":\"WebSite\",\"@id\":\"https:\/\/essentia-mobilia.com\/blog\/#website\",\"url\":\"https:\/\/essentia-mobilia.com\/blog\/\",\"name\":\"Blog d\\u00e9coration et design de Essentia MOBILIA\",\"description\":\"\",\"publisher\":{\"@id\":\"https:\/\/essentia-mobilia.com\/blog\/#organization\"},\"potentialAction\":[{\"@type\":\"SearchAction\",\"target\":\"https:\/\/essentia-mobilia.com\/blog\/?s={search_term_string}\",\"query-input\":\"required name=search_term_string\"}],\"inLanguage\":\"fr-FR\"},{\"@type\":\"ImageObject\",\"@id\":\"https:\/\/essentia-mobilia.com\/blog\/le-off-de-la-fiac-2012\/#primaryimage\",\"inLanguage\":\"fr-FR\",\"url\":\"https:\/\/essentia-mobilia.com\/blog\/wp-content\/uploads\/2012\/11\/46-Art-Elysee-2012-Galeries.jpg\",\"width\":778,\"height\":180},{\"@type\":\"WebPage\",\"@id\":\"https:\/\/essentia-mobilia.com\/blog\/le-off-de-la-fiac-2012\/#webpage\",\"url\":\"https:\/\/essentia-mobilia.com\/blog\/le-off-de-la-fiac-2012\/\",\"name\":\"Le Off de la FIAC 2012\",\"isPartOf\":{\"@id\":\"https:\/\/essentia-mobilia.com\/blog\/#website\"},\"primaryImageOfPage\":{\"@id\":\"https:\/\/essentia-mobilia.com\/blog\/le-off-de-la-fiac-2012\/#primaryimage\"},\"datePublished\":\"2012-10-18T20:39:05+00:00\",\"dateModified\":\"2026-02-13T19:50:39+00:00\",\"description\":\"Comme chaque ann\\u00e9e, de nombreux \\u00e9v\\u00e8nements se tiendront en marge de la FIAC. Voici les plus int\\u00e9ressants.\",\"breadcrumb\":{\"@id\":\"https:\/\/essentia-mobilia.com\/blog\/le-off-de-la-fiac-2012\/#breadcrumb\"},\"inLanguage\":\"fr-FR\",\"potentialAction\":[{\"@type\":\"ReadAction\",\"target\":[\"https:\/\/essentia-mobilia.com\/blog\/le-off-de-la-fiac-2012\/\"]}]},{\"@type\":\"BreadcrumbList\",\"@id\":\"https:\/\/essentia-mobilia.com\/blog\/le-off-de-la-fiac-2012\/#breadcrumb\",\"itemListElement\":[{\"@type\":\"ListItem\",\"position\":1,\"item\":{\"@type\":\"WebPage\",\"@id\":\"https:\/\/essentia-mobilia.com\/blog\/\",\"url\":\"https:\/\/essentia-mobilia.com\/blog\/\",\"name\":\"Accueil\"}},{\"@type\":\"ListItem\",\"position\":2,\"item\":{\"@type\":\"WebPage\",\"@id\":\"https:\/\/essentia-mobilia.com\/blog\/le-off-de-la-fiac-2012\/\",\"url\":\"https:\/\/essentia-mobilia.com\/blog\/le-off-de-la-fiac-2012\/\",\"name\":\"Le Off de la FIAC 2012\"}}]},{\"@type\":\"Article\",\"@id\":\"https:\/\/essentia-mobilia.com\/blog\/le-off-de-la-fiac-2012\/#article\",\"isPartOf\":{\"@id\":\"https:\/\/essentia-mobilia.com\/blog\/le-off-de-la-fiac-2012\/#webpage\"},\"author\":{\"@id\":\"https:\/\/essentia-mobilia.com\/blog\/#\/schema\/person\/f06deeaf73a4baf06738372a688cf68a\"},\"headline\":\"Le Off de la FIAC 2012\",\"datePublished\":\"2012-10-18T20:39:05+00:00\",\"dateModified\":\"2026-02-13T19:50:39+00:00\",\"mainEntityOfPage\":{\"@id\":\"https:\/\/essentia-mobilia.com\/blog\/le-off-de-la-fiac-2012\/#webpage\"},\"commentCount\":0,\"publisher\":{\"@id\":\"https:\/\/essentia-mobilia.com\/blog\/#organization\"},\"image\":{\"@id\":\"https:\/\/essentia-mobilia.com\/blog\/le-off-de-la-fiac-2012\/#primaryimage\"},\"articleSection\":\"Made in France,Mobilier design\",\"inLanguage\":\"fr-FR\",\"potentialAction\":[{\"@type\":\"CommentAction\",\"name\":\"Comment\",\"target\":[\"https:\/\/essentia-mobilia.com\/blog\/le-off-de-la-fiac-2012\/#respond\"]}]},{\"@type\":\"Person\",\"@id\":\"https:\/\/essentia-mobilia.com\/blog\/#\/schema\/person\/f06deeaf73a4baf06738372a688cf68a\",\"name\":\"myessentiamobilia\",\"image\":{\"@type\":\"ImageObject\",\"@id\":\"https:\/\/essentia-mobilia.com\/blog\/#personlogo\",\"inLanguage\":\"fr-FR\",\"url\":\"https:\/\/secure.gravatar.com\/avatar\/bec63f027f1251faa237003116590784?s=96&d=mm&r=g\",\"caption\":\"myessentiamobilia\"},\"description\":\"A travers ce blog, je partage mes conseils de design et d\\u00e9coration int\\u00e9rieure.\"}]}<\/script>\n<!-- \/ Yoast SEO plugin. -->","_links":{"self":[{"href":"https:\/\/essentia-mobilia.com\/blog\/wp-json\/wp\/v2\/posts\/406"}],"collection":[{"href":"https:\/\/essentia-mobilia.com\/blog\/wp-json\/wp\/v2\/posts"}],"about":[{"href":"https:\/\/essentia-mobilia.com\/blog\/wp-json\/wp\/v2\/types\/post"}],"author":[{"embeddable":true,"href":"https:\/\/essentia-mobilia.com\/blog\/wp-json\/wp\/v2\/users\/1"}],"replies":[{"embeddable":true,"href":"https:\/\/essentia-mobilia.com\/blog\/wp-json\/wp\/v2\/comments?post=406"}],"version-history":[{"count":2,"href":"https:\/\/essentia-mobilia.com\/blog\/wp-json\/wp\/v2\/posts\/406\/revisions"}],"predecessor-version":[{"id":3528,"href":"https:\/\/essentia-mobilia.com\/blog\/wp-json\/wp\/v2\/posts\/406\/revisions\/3528"}],"wp:featuredmedia":[{"embeddable":true,"href":"https:\/\/essentia-mobilia.com\/blog\/wp-json\/wp\/v2\/media\/778"}],"wp:attachment":[{"href":"https:\/\/essentia-mobilia.com\/blog\/wp-json\/wp\/v2\/media?parent=406"}],"wp:term":[{"taxonomy":"category","embeddable":true,"href":"https:\/\/essentia-mobilia.com\/blog\/wp-json\/wp\/v2\/categories?post=406"},{"taxonomy":"post_tag","embeddable":true,"href":"https:\/\/essentia-mobilia.com\/blog\/wp-json\/wp\/v2\/tags?post=406"}],"curies":[{"name":"wp","href":"https:\/\/api.w.org\/{rel}","templated":true}]}}