{"id":405,"date":"2012-10-20T22:39:05","date_gmt":"2012-10-20T20:39:05","guid":{"rendered":"http:\/\/essentia-paris.com\/blog\/?p=405"},"modified":"2026-02-13T20:50:23","modified_gmt":"2026-02-13T19:50:23","slug":"portes-ouvertes-ateliers-dartistes-a-montreuil-du-19-au-22-octobre-2012","status":"publish","type":"post","link":"https:\/\/essentia-mobilia.com\/blog\/portes-ouvertes-ateliers-dartistes-a-montreuil-du-19-au-22-octobre-2012\/","title":{"rendered":"Portes ouvertes Ateliers d&rsquo;artistes \u00e0 Montreuil du 19 au 22 octobre 2012"},"content":{"rendered":"\n<h1 class=\"wp-block-heading\">Portes ouvertes Ateliers d&rsquo;artistes \u00e0 Montreuil du 19 au 22 octobre 2012<\/h1>\n\n\n<div class=\"wp-block-image\">\n<figure class=\"alignleft\"><a href=\"\/blog\/wp-content\/uploads\/2012\/10\/portes-ouvertes-ateliers-dartistes-Montreuil.jpg\"><img decoding=\"async\" src=\"\/blog\/wp-content\/uploads\/2012\/10\/portes-ouvertes-ateliers-dartistes-Montreuil.jpg\" alt=\"portes ouvertes ateliers d'artistes Montreuil\" class=\"wp-image-1123\" title=\"portes ouvertes ateliers d'artistes Montreuil\"\/><\/a><\/figure><\/div>\n\n\n<h3 class=\"wp-block-heading\">Artisanat d&rsquo;art \u00e0 Pantin<\/h3>\n\n\n\n<p>Pendant 4 jours, et pour la quatorzi\u00e8me ann\u00e9e, pas moins de&nbsp;<strong>185 ateliers d&rsquo;artistes et 39 ateliers collectifs ouvrent leurs portes au grand public \u00e0 Montreuil du 19 au 22 octobre.<\/strong>&nbsp;Des lieux culturels s&rsquo;associent \u00e0 cette manifestation.<\/p>\n\n\n\n<h3 class=\"wp-block-heading\">Cr\u00e9ations d&rsquo;art, mobilier et luminaires<\/h3>\n\n\n\n<p>Parmi les cr\u00e9ations pr\u00e9sent\u00e9es : peinture, stylisme, c\u00e9ramique, modelage, mais aussi sculpture sur papier, collages, mobilier en acier, luminaires, objets de recyclage, sculpture design&#8230;&nbsp;<strong>Cet \u00e9v\u00e8nement d\u00e9montre une nouvelle fois le dynamisme artistique et cr\u00e9atif de l&rsquo;Est parisien<\/strong>&nbsp;(la semaine derni\u00e8re :&nbsp;<a href=\"\/blog\/biennale-deco-et-creation-dart-a-pantin-ce-week-end\/\">biennale de la d\u00e9co et de la cr\u00e9ation d&rsquo;art \u00e0 Pantin)<\/a>. Pour planifier ses visites, la ville a \u00e9t\u00e9 quadrill\u00e9e en 5 zones (voir le programme). Ces quatre journ\u00e9es seront cl\u00f4tur\u00e9es par un bal sur le th\u00e8me de la diversit\u00e9 culturelle.<\/p>\n\n\n\n<p><strong>Plus d&rsquo;informations :<\/strong>&nbsp;destination montreuil<\/p>\n\n\n\n<p><strong>Vous serez peut-\u00eatre int\u00e9ress\u00e9 aussi :<\/strong>&nbsp;<a href=\"\/\">Du mobilier de d\u00e9coration fait sur mesure et personnalisable chez Essentia MOBILIA \u00e0 d\u00e9couvrir tous les jours.<\/a><\/p>\n","protected":false},"excerpt":{"rendered":"<p>Portes ouvertes Ateliers d&rsquo;artistes \u00e0 Montreuil du 19 au 22 octobre 2012 Artisanat d&rsquo;art \u00e0 Pantin Pendant 4 jours, et pour la quatorzi\u00e8me ann\u00e9e, pas moins de&nbsp;185 ateliers d&rsquo;artistes et 39 ateliers collectifs ouvrent leurs portes au grand public \u00e0 Montreuil du 19 au 22 octobre.&nbsp;Des lieux culturels s&rsquo;associent \u00e0 cette manifestation. Cr\u00e9ations d&rsquo;art, mobilier [&hellip;]<\/p>\n","protected":false},"author":1,"featured_media":777,"comment_status":"open","ping_status":"open","sticky":false,"template":"","format":"standard","meta":{"footnotes":""},"categories":[35,32],"tags":[],"yoast_head":"<!-- This site is optimized with the Yoast SEO plugin v15.0 - https:\/\/yoast.com\/wordpress\/plugins\/seo\/ -->\n<title>Portes ouvertes Ateliers d&#039;artistes \u00e0 Montreuil du 19 au 22 octobre 2012<\/title>\n<meta name=\"description\" content=\"Pendant 4 jours, pas moins de\u00a0185 ateliers d&#039;artistes et 39 ateliers collectifs ouvrent leurs portes au grand public \u00e0 Montreuil.\" \/>\n<meta name=\"robots\" content=\"index, follow, max-snippet:-1, max-image-preview:large, max-video-preview:-1\" \/>\n<link rel=\"canonical\" href=\"https:\/\/essentia-mobilia.com\/blog\/portes-ouvertes-ateliers-dartistes-a-montreuil-du-19-au-22-octobre-2012\/\" \/>\n<meta property=\"og:locale\" content=\"fr_FR\" \/>\n<meta property=\"og:type\" content=\"article\" \/>\n<meta property=\"og:title\" content=\"Portes ouvertes Ateliers d&#039;artistes \u00e0 Montreuil du 19 au 22 octobre 2012\" \/>\n<meta property=\"og:description\" content=\"Pendant 4 jours, pas moins de\u00a0185 ateliers d&#039;artistes et 39 ateliers collectifs ouvrent leurs portes au grand public \u00e0 Montreuil.\" \/>\n<meta property=\"og:url\" content=\"https:\/\/essentia-mobilia.com\/blog\/portes-ouvertes-ateliers-dartistes-a-montreuil-du-19-au-22-octobre-2012\/\" \/>\n<meta property=\"og:site_name\" content=\"Blog d\u00e9coration et design de Essentia MOBILIA\" \/>\n<meta property=\"article:publisher\" content=\"https:\/\/www.facebook.com\/EssentiaMobilia\" \/>\n<meta property=\"article:published_time\" content=\"2012-10-20T20:39:05+00:00\" \/>\n<meta property=\"article:modified_time\" content=\"2026-02-13T19:50:23+00:00\" \/>\n<meta property=\"og:image\" content=\"https:\/\/essentia-mobilia.com\/blog\/wp-content\/uploads\/2012\/11\/45-portes-ouvertes-ateliers-dartistes-Montreuil.jpg\" \/>\n\t<meta property=\"og:image:width\" content=\"370\" \/>\n\t<meta property=\"og:image:height\" content=\"522\" \/>\n<meta name=\"twitter:card\" content=\"summary_large_image\" \/>\n<script type=\"application\/ld+json\" class=\"yoast-schema-graph\">{\"@context\":\"https:\/\/schema.org\",\"@graph\":[{\"@type\":\"Organization\",\"@id\":\"https:\/\/essentia-mobilia.com\/blog\/#organization\",\"name\":\"Essentia MOBILIA\",\"url\":\"https:\/\/essentia-mobilia.com\/blog\/\",\"sameAs\":[\"https:\/\/www.facebook.com\/EssentiaMobilia\",\"https:\/\/www.instagram.com\/essentiamobilia\/\",\"https:\/\/fr.pinterest.com\/essentia_mobilia\/\"],\"logo\":{\"@type\":\"ImageObject\",\"@id\":\"https:\/\/essentia-mobilia.com\/blog\/#logo\",\"inLanguage\":\"fr-FR\",\"url\":\"https:\/\/essentia-mobilia.com\/blog\/wp-content\/uploads\/2023\/12\/cropped-essentia-mobilia-logo.jpg\",\"width\":171,\"height\":73,\"caption\":\"Essentia MOBILIA\"},\"image\":{\"@id\":\"https:\/\/essentia-mobilia.com\/blog\/#logo\"}},{\"@type\":\"WebSite\",\"@id\":\"https:\/\/essentia-mobilia.com\/blog\/#website\",\"url\":\"https:\/\/essentia-mobilia.com\/blog\/\",\"name\":\"Blog d\\u00e9coration et design de Essentia MOBILIA\",\"description\":\"\",\"publisher\":{\"@id\":\"https:\/\/essentia-mobilia.com\/blog\/#organization\"},\"potentialAction\":[{\"@type\":\"SearchAction\",\"target\":\"https:\/\/essentia-mobilia.com\/blog\/?s={search_term_string}\",\"query-input\":\"required name=search_term_string\"}],\"inLanguage\":\"fr-FR\"},{\"@type\":\"ImageObject\",\"@id\":\"https:\/\/essentia-mobilia.com\/blog\/portes-ouvertes-ateliers-dartistes-a-montreuil-du-19-au-22-octobre-2012\/#primaryimage\",\"inLanguage\":\"fr-FR\",\"url\":\"https:\/\/essentia-mobilia.com\/blog\/wp-content\/uploads\/2012\/11\/45-portes-ouvertes-ateliers-dartistes-Montreuil.jpg\",\"width\":370,\"height\":522},{\"@type\":\"WebPage\",\"@id\":\"https:\/\/essentia-mobilia.com\/blog\/portes-ouvertes-ateliers-dartistes-a-montreuil-du-19-au-22-octobre-2012\/#webpage\",\"url\":\"https:\/\/essentia-mobilia.com\/blog\/portes-ouvertes-ateliers-dartistes-a-montreuil-du-19-au-22-octobre-2012\/\",\"name\":\"Portes ouvertes Ateliers d'artistes \\u00e0 Montreuil du 19 au 22 octobre 2012\",\"isPartOf\":{\"@id\":\"https:\/\/essentia-mobilia.com\/blog\/#website\"},\"primaryImageOfPage\":{\"@id\":\"https:\/\/essentia-mobilia.com\/blog\/portes-ouvertes-ateliers-dartistes-a-montreuil-du-19-au-22-octobre-2012\/#primaryimage\"},\"datePublished\":\"2012-10-20T20:39:05+00:00\",\"dateModified\":\"2026-02-13T19:50:23+00:00\",\"description\":\"Pendant 4 jours, pas moins de\\u00a0185 ateliers d'artistes et 39 ateliers collectifs ouvrent leurs portes au grand public \\u00e0 Montreuil.\",\"breadcrumb\":{\"@id\":\"https:\/\/essentia-mobilia.com\/blog\/portes-ouvertes-ateliers-dartistes-a-montreuil-du-19-au-22-octobre-2012\/#breadcrumb\"},\"inLanguage\":\"fr-FR\",\"potentialAction\":[{\"@type\":\"ReadAction\",\"target\":[\"https:\/\/essentia-mobilia.com\/blog\/portes-ouvertes-ateliers-dartistes-a-montreuil-du-19-au-22-octobre-2012\/\"]}]},{\"@type\":\"BreadcrumbList\",\"@id\":\"https:\/\/essentia-mobilia.com\/blog\/portes-ouvertes-ateliers-dartistes-a-montreuil-du-19-au-22-octobre-2012\/#breadcrumb\",\"itemListElement\":[{\"@type\":\"ListItem\",\"position\":1,\"item\":{\"@type\":\"WebPage\",\"@id\":\"https:\/\/essentia-mobilia.com\/blog\/\",\"url\":\"https:\/\/essentia-mobilia.com\/blog\/\",\"name\":\"Accueil\"}},{\"@type\":\"ListItem\",\"position\":2,\"item\":{\"@type\":\"WebPage\",\"@id\":\"https:\/\/essentia-mobilia.com\/blog\/portes-ouvertes-ateliers-dartistes-a-montreuil-du-19-au-22-octobre-2012\/\",\"url\":\"https:\/\/essentia-mobilia.com\/blog\/portes-ouvertes-ateliers-dartistes-a-montreuil-du-19-au-22-octobre-2012\/\",\"name\":\"Portes ouvertes Ateliers d&rsquo;artistes \\u00e0 Montreuil du 19 au 22 octobre 2012\"}}]},{\"@type\":\"Article\",\"@id\":\"https:\/\/essentia-mobilia.com\/blog\/portes-ouvertes-ateliers-dartistes-a-montreuil-du-19-au-22-octobre-2012\/#article\",\"isPartOf\":{\"@id\":\"https:\/\/essentia-mobilia.com\/blog\/portes-ouvertes-ateliers-dartistes-a-montreuil-du-19-au-22-octobre-2012\/#webpage\"},\"author\":{\"@id\":\"https:\/\/essentia-mobilia.com\/blog\/#\/schema\/person\/f06deeaf73a4baf06738372a688cf68a\"},\"headline\":\"Portes ouvertes Ateliers d&rsquo;artistes \\u00e0 Montreuil du 19 au 22 octobre 2012\",\"datePublished\":\"2012-10-20T20:39:05+00:00\",\"dateModified\":\"2026-02-13T19:50:23+00:00\",\"mainEntityOfPage\":{\"@id\":\"https:\/\/essentia-mobilia.com\/blog\/portes-ouvertes-ateliers-dartistes-a-montreuil-du-19-au-22-octobre-2012\/#webpage\"},\"commentCount\":0,\"publisher\":{\"@id\":\"https:\/\/essentia-mobilia.com\/blog\/#organization\"},\"image\":{\"@id\":\"https:\/\/essentia-mobilia.com\/blog\/portes-ouvertes-ateliers-dartistes-a-montreuil-du-19-au-22-octobre-2012\/#primaryimage\"},\"articleSection\":\"Made in France,Mobilier design\",\"inLanguage\":\"fr-FR\",\"potentialAction\":[{\"@type\":\"CommentAction\",\"name\":\"Comment\",\"target\":[\"https:\/\/essentia-mobilia.com\/blog\/portes-ouvertes-ateliers-dartistes-a-montreuil-du-19-au-22-octobre-2012\/#respond\"]}]},{\"@type\":\"Person\",\"@id\":\"https:\/\/essentia-mobilia.com\/blog\/#\/schema\/person\/f06deeaf73a4baf06738372a688cf68a\",\"name\":\"myessentiamobilia\",\"image\":{\"@type\":\"ImageObject\",\"@id\":\"https:\/\/essentia-mobilia.com\/blog\/#personlogo\",\"inLanguage\":\"fr-FR\",\"url\":\"https:\/\/secure.gravatar.com\/avatar\/bec63f027f1251faa237003116590784?s=96&d=mm&r=g\",\"caption\":\"myessentiamobilia\"},\"description\":\"A travers ce blog, je partage mes conseils de design et d\\u00e9coration int\\u00e9rieure.\"}]}<\/script>\n<!-- \/ Yoast SEO plugin. -->","_links":{"self":[{"href":"https:\/\/essentia-mobilia.com\/blog\/wp-json\/wp\/v2\/posts\/405"}],"collection":[{"href":"https:\/\/essentia-mobilia.com\/blog\/wp-json\/wp\/v2\/posts"}],"about":[{"href":"https:\/\/essentia-mobilia.com\/blog\/wp-json\/wp\/v2\/types\/post"}],"author":[{"embeddable":true,"href":"https:\/\/essentia-mobilia.com\/blog\/wp-json\/wp\/v2\/users\/1"}],"replies":[{"embeddable":true,"href":"https:\/\/essentia-mobilia.com\/blog\/wp-json\/wp\/v2\/comments?post=405"}],"version-history":[{"count":3,"href":"https:\/\/essentia-mobilia.com\/blog\/wp-json\/wp\/v2\/posts\/405\/revisions"}],"predecessor-version":[{"id":3527,"href":"https:\/\/essentia-mobilia.com\/blog\/wp-json\/wp\/v2\/posts\/405\/revisions\/3527"}],"wp:featuredmedia":[{"embeddable":true,"href":"https:\/\/essentia-mobilia.com\/blog\/wp-json\/wp\/v2\/media\/777"}],"wp:attachment":[{"href":"https:\/\/essentia-mobilia.com\/blog\/wp-json\/wp\/v2\/media?parent=405"}],"wp:term":[{"taxonomy":"category","embeddable":true,"href":"https:\/\/essentia-mobilia.com\/blog\/wp-json\/wp\/v2\/categories?post=405"},{"taxonomy":"post_tag","embeddable":true,"href":"https:\/\/essentia-mobilia.com\/blog\/wp-json\/wp\/v2\/tags?post=405"}],"curies":[{"name":"wp","href":"https:\/\/api.w.org\/{rel}","templated":true}]}}