{"id":377,"date":"2012-11-12T22:27:41","date_gmt":"2012-11-12T21:27:41","guid":{"rendered":"http:\/\/essentia-paris.com\/blog\/?p=377"},"modified":"2026-02-13T20:37:15","modified_gmt":"2026-02-13T19:37:15","slug":"le-mobilier-design-en-afrique-creativite-des-designers-daujourdhui","status":"publish","type":"post","link":"https:\/\/essentia-mobilia.com\/blog\/le-mobilier-design-en-afrique-creativite-des-designers-daujourdhui\/","title":{"rendered":"Le mobilier design en Afrique : cr\u00e9ativit\u00e9 des designers d&rsquo;aujourd&rsquo;hui"},"content":{"rendered":"\n<h1 class=\"wp-block-heading\">Le mobilier design en Afrique : cr\u00e9ativit\u00e9 des designers d&rsquo;aujourd&rsquo;hui<\/h1>\n\n\n\n<p>Une id\u00e9e originale sur un th\u00e8me contemporain.<\/p>\n\n\n\n<p>Du 10 octobre 2012 au 14 juillet 2013, le Mus\u00e9e priv\u00e9 parisien Dapper accueille l&rsquo;exposition&nbsp;<strong>Design en Afrique<\/strong>&nbsp;sous la direction de la commissaire Christiane Falgayrettes-Leveau.&nbsp;<strong>L&rsquo;exposition rassemble une centaine d&rsquo;oeuvres de mobilier de designers africains<\/strong>, principalement des objets supportant le corps : chaises, fauteuils, lits tabourets, appuie-t\u00eates.&nbsp;<strong>L&rsquo;exposition montre les relations riches et complexes qui lient cultures traditionnelles et nouveau design d&rsquo;Afrique.<\/strong>&nbsp;&nbsp;Un ouvrage intitul\u00e9 \u00ab\u00a0Design en Afrique, S&rsquo;asseoir, se coucher et r\u00eaver\u00a0\u00bb est publi\u00e9 pour l&rsquo;occasion.<\/p>\n\n\n\n<p><strong>Notre petite s\u00e9lection pour r\u00eaver&#8230;&nbsp;<\/strong><\/p>\n\n\n\n<figure class=\"wp-block-image\"><img decoding=\"async\" src=\"\/blog\/wp-content\/uploads\/2012\/11\/Musee-Dapper-Design-en-Afrique-Alassane-Drabo-Cadre-dUnion.jpg\" alt=\"Musee Dapper-Design en Afrique-Alassane Drabo-Cadre d'Union\" class=\"wp-image-1344\" title=\"Musee Dapper-Design en Afrique-Alassane Drabo-Cadre d'Union\"\/><\/figure>\n\n\n\n<p><strong>Cadre d&rsquo;Union de Alassane Drabo<\/strong>&nbsp;&#8211; S\u00e9n\u00e9gal &#8211; 2005 &#8211; Bois et m\u00e9tal &#8211; Hauteur 1,57m &#8211; Cr\u00e9dits : Olivier Gallaud.&nbsp;Un \u00e9clairage r\u00e9ussi pour une pi\u00e8ce d&rsquo;exception. Le designer a su tirer partie des contrastes. Equilibre et raffinement. La forme du meuble et la finition rappellent la terre d&rsquo;Afrique.<\/p>\n\n\n\n<figure class=\"wp-block-image\"><img decoding=\"async\" src=\"\/blog\/wp-content\/uploads\/2012\/11\/Musee-Dapper-Design-en-Afrique-Balthazard-Faye-Si%C3%A8ge-empilable-accolade-contreplaque-moule-a-froid-et-cordes.png\" alt=\"Musee Dapper-Design en Afrique-Balthazard Faye-Si\u00e8ge empilable accolade-contreplaque moule a froid et cordes\" class=\"wp-image-1345\" title=\"Musee Dapper-Design en Afrique-Balthazard Faye-Si\u00e8ge empilable accolade-contreplaque moule a froid et cordes\"\/><\/figure>\n\n\n\n<p><strong>Si\u00e8ge empilable Accolade par&nbsp;Balthazard Faye<\/strong>&nbsp;&#8211; S\u00e9n\u00e9gal &#8211; 1997 &#8211; Contreplaqu\u00e9 d&rsquo;aviation moul\u00e9 a froid et cordes. Cr\u00e9dits : Archives Mus\u00e9e Dapper et Hughes Dubois. Un aspect fonctionnel inattendu pour ce si\u00e8ge sculpture qui invite \u00e0 l&rsquo;\u00e9vasion.<\/p>\n\n\n\n<figure class=\"wp-block-image\"><img decoding=\"async\" src=\"\/blog\/wp-content\/uploads\/2012\/11\/Musee-Dapper-Design-en-Afrique-Vincent-Niamien-Fauteuil-Sie.png\" alt=\"Musee Dapper-Design en Afrique-Vincent Niamien-Fauteuil Sie\" class=\"wp-image-1346\" title=\"Musee Dapper-Design en Afrique-Vincent Niamien-Fauteuil Sie\"\/><\/figure>\n\n\n\n<p><strong>Fauteuil Sie par&nbsp;Vincent Niamien<\/strong>&nbsp;&#8211; Bois et M\u00e9tal &#8211; C\u00f4te d&rsquo;Ivoire &#8211; 1996 &#8211; 1,5m &#8211; Cr\u00e9dits : Mus\u00e9e Dapper. Des lignes rondes et fluctuantes pour un design sensuel. Un bel assemblage bois massif.<\/p>\n","protected":false},"excerpt":{"rendered":"<p>Le mobilier design en Afrique : cr\u00e9ativit\u00e9 des designers d&rsquo;aujourd&rsquo;hui Une id\u00e9e originale sur un th\u00e8me contemporain. Du 10 octobre 2012 au 14 juillet 2013, le Mus\u00e9e priv\u00e9 parisien Dapper accueille l&rsquo;exposition&nbsp;Design en Afrique&nbsp;sous la direction de la commissaire Christiane Falgayrettes-Leveau.&nbsp;L&rsquo;exposition rassemble une centaine d&rsquo;oeuvres de mobilier de designers africains, principalement des objets supportant le [&hellip;]<\/p>\n","protected":false},"author":1,"featured_media":769,"comment_status":"open","ping_status":"open","sticky":false,"template":"","format":"standard","meta":{"footnotes":""},"categories":[32],"tags":[],"yoast_head":"<!-- This site is optimized with the Yoast SEO plugin v15.0 - https:\/\/yoast.com\/wordpress\/plugins\/seo\/ -->\n<title>Le mobilier design en Afrique : cr\u00e9ativit\u00e9 des designers d&#039;aujourd&#039;hui<\/title>\n<meta name=\"description\" content=\"L&#039;exposition rassemble une centaine d&#039;oeuvres de mobilier de designers africains, principalement des objets supportant le corps.\" \/>\n<meta name=\"robots\" content=\"index, follow, max-snippet:-1, max-image-preview:large, max-video-preview:-1\" \/>\n<link rel=\"canonical\" href=\"https:\/\/essentia-mobilia.com\/blog\/le-mobilier-design-en-afrique-creativite-des-designers-daujourdhui\/\" \/>\n<meta property=\"og:locale\" content=\"fr_FR\" \/>\n<meta property=\"og:type\" content=\"article\" \/>\n<meta property=\"og:title\" content=\"Le mobilier design en Afrique : cr\u00e9ativit\u00e9 des designers d&#039;aujourd&#039;hui\" \/>\n<meta property=\"og:description\" content=\"L&#039;exposition rassemble une centaine d&#039;oeuvres de mobilier de designers africains, principalement des objets supportant le corps.\" \/>\n<meta property=\"og:url\" content=\"https:\/\/essentia-mobilia.com\/blog\/le-mobilier-design-en-afrique-creativite-des-designers-daujourdhui\/\" \/>\n<meta property=\"og:site_name\" content=\"Blog d\u00e9coration et design de Essentia MOBILIA\" \/>\n<meta property=\"article:publisher\" content=\"https:\/\/www.facebook.com\/EssentiaMobilia\" \/>\n<meta property=\"article:published_time\" content=\"2012-11-12T21:27:41+00:00\" \/>\n<meta property=\"article:modified_time\" content=\"2026-02-13T19:37:15+00:00\" \/>\n<meta property=\"og:image\" content=\"https:\/\/essentia-mobilia.com\/blog\/wp-content\/uploads\/2012\/11\/37-Musee-Dapper-Design-en-Afrique-Alassane-Drabo-Cadre-dUnion.jpg\" \/>\n\t<meta property=\"og:image:width\" content=\"679\" \/>\n\t<meta property=\"og:image:height\" content=\"501\" \/>\n<meta name=\"twitter:card\" content=\"summary_large_image\" \/>\n<script type=\"application\/ld+json\" class=\"yoast-schema-graph\">{\"@context\":\"https:\/\/schema.org\",\"@graph\":[{\"@type\":\"Organization\",\"@id\":\"https:\/\/essentia-mobilia.com\/blog\/#organization\",\"name\":\"Essentia MOBILIA\",\"url\":\"https:\/\/essentia-mobilia.com\/blog\/\",\"sameAs\":[\"https:\/\/www.facebook.com\/EssentiaMobilia\",\"https:\/\/www.instagram.com\/essentiamobilia\/\",\"https:\/\/fr.pinterest.com\/essentia_mobilia\/\"],\"logo\":{\"@type\":\"ImageObject\",\"@id\":\"https:\/\/essentia-mobilia.com\/blog\/#logo\",\"inLanguage\":\"fr-FR\",\"url\":\"https:\/\/essentia-mobilia.com\/blog\/wp-content\/uploads\/2023\/12\/cropped-essentia-mobilia-logo.jpg\",\"width\":171,\"height\":73,\"caption\":\"Essentia MOBILIA\"},\"image\":{\"@id\":\"https:\/\/essentia-mobilia.com\/blog\/#logo\"}},{\"@type\":\"WebSite\",\"@id\":\"https:\/\/essentia-mobilia.com\/blog\/#website\",\"url\":\"https:\/\/essentia-mobilia.com\/blog\/\",\"name\":\"Blog d\\u00e9coration et design de Essentia MOBILIA\",\"description\":\"\",\"publisher\":{\"@id\":\"https:\/\/essentia-mobilia.com\/blog\/#organization\"},\"potentialAction\":[{\"@type\":\"SearchAction\",\"target\":\"https:\/\/essentia-mobilia.com\/blog\/?s={search_term_string}\",\"query-input\":\"required name=search_term_string\"}],\"inLanguage\":\"fr-FR\"},{\"@type\":\"ImageObject\",\"@id\":\"https:\/\/essentia-mobilia.com\/blog\/le-mobilier-design-en-afrique-creativite-des-designers-daujourdhui\/#primaryimage\",\"inLanguage\":\"fr-FR\",\"url\":\"https:\/\/essentia-mobilia.com\/blog\/wp-content\/uploads\/2012\/11\/37-Musee-Dapper-Design-en-Afrique-Alassane-Drabo-Cadre-dUnion.jpg\",\"width\":679,\"height\":501},{\"@type\":\"WebPage\",\"@id\":\"https:\/\/essentia-mobilia.com\/blog\/le-mobilier-design-en-afrique-creativite-des-designers-daujourdhui\/#webpage\",\"url\":\"https:\/\/essentia-mobilia.com\/blog\/le-mobilier-design-en-afrique-creativite-des-designers-daujourdhui\/\",\"name\":\"Le mobilier design en Afrique : cr\\u00e9ativit\\u00e9 des designers d'aujourd'hui\",\"isPartOf\":{\"@id\":\"https:\/\/essentia-mobilia.com\/blog\/#website\"},\"primaryImageOfPage\":{\"@id\":\"https:\/\/essentia-mobilia.com\/blog\/le-mobilier-design-en-afrique-creativite-des-designers-daujourdhui\/#primaryimage\"},\"datePublished\":\"2012-11-12T21:27:41+00:00\",\"dateModified\":\"2026-02-13T19:37:15+00:00\",\"description\":\"L'exposition rassemble une centaine d'oeuvres de mobilier de designers africains, principalement des objets supportant le corps.\",\"breadcrumb\":{\"@id\":\"https:\/\/essentia-mobilia.com\/blog\/le-mobilier-design-en-afrique-creativite-des-designers-daujourdhui\/#breadcrumb\"},\"inLanguage\":\"fr-FR\",\"potentialAction\":[{\"@type\":\"ReadAction\",\"target\":[\"https:\/\/essentia-mobilia.com\/blog\/le-mobilier-design-en-afrique-creativite-des-designers-daujourdhui\/\"]}]},{\"@type\":\"BreadcrumbList\",\"@id\":\"https:\/\/essentia-mobilia.com\/blog\/le-mobilier-design-en-afrique-creativite-des-designers-daujourdhui\/#breadcrumb\",\"itemListElement\":[{\"@type\":\"ListItem\",\"position\":1,\"item\":{\"@type\":\"WebPage\",\"@id\":\"https:\/\/essentia-mobilia.com\/blog\/\",\"url\":\"https:\/\/essentia-mobilia.com\/blog\/\",\"name\":\"Accueil\"}},{\"@type\":\"ListItem\",\"position\":2,\"item\":{\"@type\":\"WebPage\",\"@id\":\"https:\/\/essentia-mobilia.com\/blog\/le-mobilier-design-en-afrique-creativite-des-designers-daujourdhui\/\",\"url\":\"https:\/\/essentia-mobilia.com\/blog\/le-mobilier-design-en-afrique-creativite-des-designers-daujourdhui\/\",\"name\":\"Le mobilier design en Afrique : cr\\u00e9ativit\\u00e9 des designers d&rsquo;aujourd&rsquo;hui\"}}]},{\"@type\":\"Article\",\"@id\":\"https:\/\/essentia-mobilia.com\/blog\/le-mobilier-design-en-afrique-creativite-des-designers-daujourdhui\/#article\",\"isPartOf\":{\"@id\":\"https:\/\/essentia-mobilia.com\/blog\/le-mobilier-design-en-afrique-creativite-des-designers-daujourdhui\/#webpage\"},\"author\":{\"@id\":\"https:\/\/essentia-mobilia.com\/blog\/#\/schema\/person\/f06deeaf73a4baf06738372a688cf68a\"},\"headline\":\"Le mobilier design en Afrique : cr\\u00e9ativit\\u00e9 des designers d&rsquo;aujourd&rsquo;hui\",\"datePublished\":\"2012-11-12T21:27:41+00:00\",\"dateModified\":\"2026-02-13T19:37:15+00:00\",\"mainEntityOfPage\":{\"@id\":\"https:\/\/essentia-mobilia.com\/blog\/le-mobilier-design-en-afrique-creativite-des-designers-daujourdhui\/#webpage\"},\"commentCount\":0,\"publisher\":{\"@id\":\"https:\/\/essentia-mobilia.com\/blog\/#organization\"},\"image\":{\"@id\":\"https:\/\/essentia-mobilia.com\/blog\/le-mobilier-design-en-afrique-creativite-des-designers-daujourdhui\/#primaryimage\"},\"articleSection\":\"Mobilier design\",\"inLanguage\":\"fr-FR\",\"potentialAction\":[{\"@type\":\"CommentAction\",\"name\":\"Comment\",\"target\":[\"https:\/\/essentia-mobilia.com\/blog\/le-mobilier-design-en-afrique-creativite-des-designers-daujourdhui\/#respond\"]}]},{\"@type\":\"Person\",\"@id\":\"https:\/\/essentia-mobilia.com\/blog\/#\/schema\/person\/f06deeaf73a4baf06738372a688cf68a\",\"name\":\"myessentiamobilia\",\"image\":{\"@type\":\"ImageObject\",\"@id\":\"https:\/\/essentia-mobilia.com\/blog\/#personlogo\",\"inLanguage\":\"fr-FR\",\"url\":\"https:\/\/secure.gravatar.com\/avatar\/bec63f027f1251faa237003116590784?s=96&d=mm&r=g\",\"caption\":\"myessentiamobilia\"},\"description\":\"A travers ce blog, je partage mes conseils de design et d\\u00e9coration int\\u00e9rieure.\"}]}<\/script>\n<!-- \/ Yoast SEO plugin. -->","_links":{"self":[{"href":"https:\/\/essentia-mobilia.com\/blog\/wp-json\/wp\/v2\/posts\/377"}],"collection":[{"href":"https:\/\/essentia-mobilia.com\/blog\/wp-json\/wp\/v2\/posts"}],"about":[{"href":"https:\/\/essentia-mobilia.com\/blog\/wp-json\/wp\/v2\/types\/post"}],"author":[{"embeddable":true,"href":"https:\/\/essentia-mobilia.com\/blog\/wp-json\/wp\/v2\/users\/1"}],"replies":[{"embeddable":true,"href":"https:\/\/essentia-mobilia.com\/blog\/wp-json\/wp\/v2\/comments?post=377"}],"version-history":[{"count":3,"href":"https:\/\/essentia-mobilia.com\/blog\/wp-json\/wp\/v2\/posts\/377\/revisions"}],"predecessor-version":[{"id":3519,"href":"https:\/\/essentia-mobilia.com\/blog\/wp-json\/wp\/v2\/posts\/377\/revisions\/3519"}],"wp:featuredmedia":[{"embeddable":true,"href":"https:\/\/essentia-mobilia.com\/blog\/wp-json\/wp\/v2\/media\/769"}],"wp:attachment":[{"href":"https:\/\/essentia-mobilia.com\/blog\/wp-json\/wp\/v2\/media?parent=377"}],"wp:term":[{"taxonomy":"category","embeddable":true,"href":"https:\/\/essentia-mobilia.com\/blog\/wp-json\/wp\/v2\/categories?post=377"},{"taxonomy":"post_tag","embeddable":true,"href":"https:\/\/essentia-mobilia.com\/blog\/wp-json\/wp\/v2\/tags?post=377"}],"curies":[{"name":"wp","href":"https:\/\/api.w.org\/{rel}","templated":true}]}}