{"id":374,"date":"2012-11-21T22:27:39","date_gmt":"2012-11-21T21:27:39","guid":{"rendered":"http:\/\/essentia-paris.com\/blog\/?p=374"},"modified":"2026-02-13T20:36:53","modified_gmt":"2026-02-13T19:36:53","slug":"des-pieces-de-mobilier-jean-prouve-vendu-aux-encheres","status":"publish","type":"post","link":"https:\/\/essentia-mobilia.com\/blog\/des-pieces-de-mobilier-jean-prouve-vendu-aux-encheres\/","title":{"rendered":"Des pi\u00e8ces de mobilier Jean Prouv\u00e9 vendu aux ench\u00e8res"},"content":{"rendered":"\n<h1 class=\"wp-block-heading\">Des pi\u00e8ces de mobilier Jean Prouv\u00e9 vendu aux ench\u00e8res<\/h1>\n\n\n\n<h3 class=\"wp-block-heading\">Le mobilier du designer Jean Prouv\u00e9 aux ench\u00e8res<\/h3>\n\n\n\n<p>Le 3 d\u00e9cembre 2012, la&nbsp;maison de vente Rieuner &amp; Associ\u00e9s propose aux ench\u00e8res \u00e0 l&rsquo;Hotel Drouot&nbsp;<strong>des pi\u00e8ces de mobilier de Jean Prouv\u00e9<\/strong>, l&rsquo;un des architectes \/ designers les plus c\u00f4t\u00e9s. L&rsquo;occasion de r\u00e9-d\u00e9couvrir 2 chefs d&rsquo;\u0153uvres du designer.<\/p>\n\n\n\n<h3 class=\"wp-block-heading\">Bureau en forme haricot placage ch\u00eane et pieds en t\u00f4le pli\u00e9e<\/h3>\n\n\n\n<p><strong>Bureau \u00ab\u00a0Haricot\u00a0\u00bb ou \u00ab\u00a0Pr\u00e9sidence\u00a0\u00bb<\/strong>&nbsp;: le&nbsp;plateau en forme de haricot stylis\u00e9, avec un placage en ch\u00eane repose sur quatre pieds en t\u00f4le d&rsquo;acier pli\u00e9e laqu\u00e9e noire avec sabots en acier inox, marque de fabrique \/ signature de Jean Prouv\u00e9. Le bureau de direction pr\u00e9sente un caisson m\u00e9tallique gris \u00e0 gauche ouvrant sur 4 tiroirs. Pi\u00e8ce rare, il a \u00e9t\u00e9 r\u00e9alis\u00e9 par les ateliers Jean Prouv\u00e9.<\/p>\n\n\n\n<figure class=\"wp-block-image\"><a href=\"\/blog\/wp-content\/uploads\/2012\/11\/bureau-haricot-ou-presidence-jean-prouv%C3%A9-rieuner-associ%C3%A9s2.jpg\"><img decoding=\"async\" src=\"\/blog\/wp-content\/uploads\/2012\/11\/bureau-haricot-ou-presidence-jean-prouv%C3%A9-rieuner-associ%C3%A9s2.jpg\" alt=\"bureau haricot ou presidence - jean prouv\u00e9 - rieuner &amp; associ\u00e9s\" class=\"wp-image-1372\" title=\"bureau haricot ou presidence - jean prouv\u00e9 - rieuner &amp; associ\u00e9s\"\/><\/a><\/figure>\n\n\n\n<h3 class=\"wp-block-heading\">Fauteuil en t\u00f4le pli\u00e9e avec sangles en coton<\/h3>\n\n\n\n<p><strong>Fauteuil \u00ab\u00a0Cit\u00e9 universitaire\u00a0\u00bb<\/strong>&nbsp;: la structure aux lignes \u00e9pur\u00e9es est en t\u00f4le pli\u00e9e laqu\u00e9e en rouge, les accotoirs \/ accoudoirs sont constitu\u00e9es de sangles de coton. Ce fauteuil a \u00e9t\u00e9 con\u00e7u en 1930 lors d&rsquo;un concours d&rsquo;ameublement pour la cit\u00e9 &nbsp;universitaire de Nancy. Il a \u00e9t\u00e9 r\u00e9alis\u00e9 par les ateliers Jean Prouv\u00e9. Il est aujourd&rsquo;hui r\u00e9\u00e9dit\u00e9 par le fabricant de mobilier contemporain et design Vitra.<\/p>\n\n\n\n<figure class=\"wp-block-image\"><img decoding=\"async\" src=\"\/blog\/wp-content\/uploads\/2012\/11\/Fauteuil-Cit%C3%A9-Universitaire-Jean-Prouv%C3%A9-Rieunier-Associ%C3%A9s.jpg\" alt=\"Fauteuil Cit\u00e9 Universitaire - Jean Prouv\u00e9 - Rieunier &amp; Associ\u00e9s\" class=\"wp-image-1373\" title=\"Fauteuil Cit\u00e9 Universitaire - Jean Prouv\u00e9 - Rieunier &amp; Associ\u00e9s\"\/><\/figure>\n","protected":false},"excerpt":{"rendered":"<p>Des pi\u00e8ces de mobilier Jean Prouv\u00e9 vendu aux ench\u00e8res Le mobilier du designer Jean Prouv\u00e9 aux ench\u00e8res Le 3 d\u00e9cembre 2012, la&nbsp;maison de vente Rieuner &amp; Associ\u00e9s propose aux ench\u00e8res \u00e0 l&rsquo;Hotel Drouot&nbsp;des pi\u00e8ces de mobilier de Jean Prouv\u00e9, l&rsquo;un des architectes \/ designers les plus c\u00f4t\u00e9s. L&rsquo;occasion de r\u00e9-d\u00e9couvrir 2 chefs d&rsquo;\u0153uvres du designer. [&hellip;]<\/p>\n","protected":false},"author":1,"featured_media":756,"comment_status":"open","ping_status":"open","sticky":false,"template":"","format":"standard","meta":{"footnotes":""},"categories":[32],"tags":[],"yoast_head":"<!-- This site is optimized with the Yoast SEO plugin v15.0 - https:\/\/yoast.com\/wordpress\/plugins\/seo\/ -->\n<title>Des pi\u00e8ces de mobilier Jean Prouv\u00e9 vendu aux ench\u00e8res<\/title>\n<meta name=\"description\" content=\"La\u00a0maison de vente Rieuner &amp; Associ\u00e9s propose aux ench\u00e8res des pi\u00e8ces de mobilier de Jean Prouv\u00e9, l&#039;un des architectes les plus c\u00f4t\u00e9s.\" \/>\n<meta name=\"robots\" content=\"index, follow, max-snippet:-1, max-image-preview:large, max-video-preview:-1\" \/>\n<link rel=\"canonical\" href=\"https:\/\/essentia-mobilia.com\/blog\/des-pieces-de-mobilier-jean-prouve-vendu-aux-encheres\/\" \/>\n<meta property=\"og:locale\" content=\"fr_FR\" \/>\n<meta property=\"og:type\" content=\"article\" \/>\n<meta property=\"og:title\" content=\"Des pi\u00e8ces de mobilier Jean Prouv\u00e9 vendu aux ench\u00e8res\" \/>\n<meta property=\"og:description\" content=\"La\u00a0maison de vente Rieuner &amp; Associ\u00e9s propose aux ench\u00e8res des pi\u00e8ces de mobilier de Jean Prouv\u00e9, l&#039;un des architectes les plus c\u00f4t\u00e9s.\" \/>\n<meta property=\"og:url\" content=\"https:\/\/essentia-mobilia.com\/blog\/des-pieces-de-mobilier-jean-prouve-vendu-aux-encheres\/\" \/>\n<meta property=\"og:site_name\" content=\"Blog d\u00e9coration et design de Essentia MOBILIA\" \/>\n<meta property=\"article:publisher\" content=\"https:\/\/www.facebook.com\/EssentiaMobilia\" \/>\n<meta property=\"article:published_time\" content=\"2012-11-21T21:27:39+00:00\" \/>\n<meta property=\"article:modified_time\" content=\"2026-02-13T19:36:53+00:00\" \/>\n<meta property=\"og:image\" content=\"https:\/\/essentia-mobilia.com\/blog\/wp-content\/uploads\/2013\/02\/34-bureau-haricot-ou-presidence-jean-prouve-rieuner-associes2.jpg\" \/>\n\t<meta property=\"og:image:width\" content=\"500\" \/>\n\t<meta property=\"og:image:height\" content=\"340\" \/>\n<meta name=\"twitter:card\" content=\"summary_large_image\" \/>\n<script type=\"application\/ld+json\" class=\"yoast-schema-graph\">{\"@context\":\"https:\/\/schema.org\",\"@graph\":[{\"@type\":\"Organization\",\"@id\":\"https:\/\/essentia-mobilia.com\/blog\/#organization\",\"name\":\"Essentia MOBILIA\",\"url\":\"https:\/\/essentia-mobilia.com\/blog\/\",\"sameAs\":[\"https:\/\/www.facebook.com\/EssentiaMobilia\",\"https:\/\/www.instagram.com\/essentiamobilia\/\",\"https:\/\/fr.pinterest.com\/essentia_mobilia\/\"],\"logo\":{\"@type\":\"ImageObject\",\"@id\":\"https:\/\/essentia-mobilia.com\/blog\/#logo\",\"inLanguage\":\"fr-FR\",\"url\":\"https:\/\/essentia-mobilia.com\/blog\/wp-content\/uploads\/2023\/12\/cropped-essentia-mobilia-logo.jpg\",\"width\":171,\"height\":73,\"caption\":\"Essentia MOBILIA\"},\"image\":{\"@id\":\"https:\/\/essentia-mobilia.com\/blog\/#logo\"}},{\"@type\":\"WebSite\",\"@id\":\"https:\/\/essentia-mobilia.com\/blog\/#website\",\"url\":\"https:\/\/essentia-mobilia.com\/blog\/\",\"name\":\"Blog d\\u00e9coration et design de Essentia MOBILIA\",\"description\":\"\",\"publisher\":{\"@id\":\"https:\/\/essentia-mobilia.com\/blog\/#organization\"},\"potentialAction\":[{\"@type\":\"SearchAction\",\"target\":\"https:\/\/essentia-mobilia.com\/blog\/?s={search_term_string}\",\"query-input\":\"required name=search_term_string\"}],\"inLanguage\":\"fr-FR\"},{\"@type\":\"ImageObject\",\"@id\":\"https:\/\/essentia-mobilia.com\/blog\/des-pieces-de-mobilier-jean-prouve-vendu-aux-encheres\/#primaryimage\",\"inLanguage\":\"fr-FR\",\"url\":\"https:\/\/essentia-mobilia.com\/blog\/wp-content\/uploads\/2013\/02\/34-bureau-haricot-ou-presidence-jean-prouve-rieuner-associes2.jpg\",\"width\":500,\"height\":340},{\"@type\":\"WebPage\",\"@id\":\"https:\/\/essentia-mobilia.com\/blog\/des-pieces-de-mobilier-jean-prouve-vendu-aux-encheres\/#webpage\",\"url\":\"https:\/\/essentia-mobilia.com\/blog\/des-pieces-de-mobilier-jean-prouve-vendu-aux-encheres\/\",\"name\":\"Des pi\\u00e8ces de mobilier Jean Prouv\\u00e9 vendu aux ench\\u00e8res\",\"isPartOf\":{\"@id\":\"https:\/\/essentia-mobilia.com\/blog\/#website\"},\"primaryImageOfPage\":{\"@id\":\"https:\/\/essentia-mobilia.com\/blog\/des-pieces-de-mobilier-jean-prouve-vendu-aux-encheres\/#primaryimage\"},\"datePublished\":\"2012-11-21T21:27:39+00:00\",\"dateModified\":\"2026-02-13T19:36:53+00:00\",\"description\":\"La\\u00a0maison de vente Rieuner & Associ\\u00e9s propose aux ench\\u00e8res des pi\\u00e8ces de mobilier de Jean Prouv\\u00e9, l'un des architectes les plus c\\u00f4t\\u00e9s.\",\"breadcrumb\":{\"@id\":\"https:\/\/essentia-mobilia.com\/blog\/des-pieces-de-mobilier-jean-prouve-vendu-aux-encheres\/#breadcrumb\"},\"inLanguage\":\"fr-FR\",\"potentialAction\":[{\"@type\":\"ReadAction\",\"target\":[\"https:\/\/essentia-mobilia.com\/blog\/des-pieces-de-mobilier-jean-prouve-vendu-aux-encheres\/\"]}]},{\"@type\":\"BreadcrumbList\",\"@id\":\"https:\/\/essentia-mobilia.com\/blog\/des-pieces-de-mobilier-jean-prouve-vendu-aux-encheres\/#breadcrumb\",\"itemListElement\":[{\"@type\":\"ListItem\",\"position\":1,\"item\":{\"@type\":\"WebPage\",\"@id\":\"https:\/\/essentia-mobilia.com\/blog\/\",\"url\":\"https:\/\/essentia-mobilia.com\/blog\/\",\"name\":\"Accueil\"}},{\"@type\":\"ListItem\",\"position\":2,\"item\":{\"@type\":\"WebPage\",\"@id\":\"https:\/\/essentia-mobilia.com\/blog\/des-pieces-de-mobilier-jean-prouve-vendu-aux-encheres\/\",\"url\":\"https:\/\/essentia-mobilia.com\/blog\/des-pieces-de-mobilier-jean-prouve-vendu-aux-encheres\/\",\"name\":\"Des pi\\u00e8ces de mobilier Jean Prouv\\u00e9 vendu aux ench\\u00e8res\"}}]},{\"@type\":\"Article\",\"@id\":\"https:\/\/essentia-mobilia.com\/blog\/des-pieces-de-mobilier-jean-prouve-vendu-aux-encheres\/#article\",\"isPartOf\":{\"@id\":\"https:\/\/essentia-mobilia.com\/blog\/des-pieces-de-mobilier-jean-prouve-vendu-aux-encheres\/#webpage\"},\"author\":{\"@id\":\"https:\/\/essentia-mobilia.com\/blog\/#\/schema\/person\/f06deeaf73a4baf06738372a688cf68a\"},\"headline\":\"Des pi\\u00e8ces de mobilier Jean Prouv\\u00e9 vendu aux ench\\u00e8res\",\"datePublished\":\"2012-11-21T21:27:39+00:00\",\"dateModified\":\"2026-02-13T19:36:53+00:00\",\"mainEntityOfPage\":{\"@id\":\"https:\/\/essentia-mobilia.com\/blog\/des-pieces-de-mobilier-jean-prouve-vendu-aux-encheres\/#webpage\"},\"commentCount\":0,\"publisher\":{\"@id\":\"https:\/\/essentia-mobilia.com\/blog\/#organization\"},\"image\":{\"@id\":\"https:\/\/essentia-mobilia.com\/blog\/des-pieces-de-mobilier-jean-prouve-vendu-aux-encheres\/#primaryimage\"},\"articleSection\":\"Mobilier design\",\"inLanguage\":\"fr-FR\",\"potentialAction\":[{\"@type\":\"CommentAction\",\"name\":\"Comment\",\"target\":[\"https:\/\/essentia-mobilia.com\/blog\/des-pieces-de-mobilier-jean-prouve-vendu-aux-encheres\/#respond\"]}]},{\"@type\":\"Person\",\"@id\":\"https:\/\/essentia-mobilia.com\/blog\/#\/schema\/person\/f06deeaf73a4baf06738372a688cf68a\",\"name\":\"myessentiamobilia\",\"image\":{\"@type\":\"ImageObject\",\"@id\":\"https:\/\/essentia-mobilia.com\/blog\/#personlogo\",\"inLanguage\":\"fr-FR\",\"url\":\"https:\/\/secure.gravatar.com\/avatar\/bec63f027f1251faa237003116590784?s=96&d=mm&r=g\",\"caption\":\"myessentiamobilia\"},\"description\":\"A travers ce blog, je partage mes conseils de design et d\\u00e9coration int\\u00e9rieure.\"}]}<\/script>\n<!-- \/ Yoast SEO plugin. -->","_links":{"self":[{"href":"https:\/\/essentia-mobilia.com\/blog\/wp-json\/wp\/v2\/posts\/374"}],"collection":[{"href":"https:\/\/essentia-mobilia.com\/blog\/wp-json\/wp\/v2\/posts"}],"about":[{"href":"https:\/\/essentia-mobilia.com\/blog\/wp-json\/wp\/v2\/types\/post"}],"author":[{"embeddable":true,"href":"https:\/\/essentia-mobilia.com\/blog\/wp-json\/wp\/v2\/users\/1"}],"replies":[{"embeddable":true,"href":"https:\/\/essentia-mobilia.com\/blog\/wp-json\/wp\/v2\/comments?post=374"}],"version-history":[{"count":5,"href":"https:\/\/essentia-mobilia.com\/blog\/wp-json\/wp\/v2\/posts\/374\/revisions"}],"predecessor-version":[{"id":3517,"href":"https:\/\/essentia-mobilia.com\/blog\/wp-json\/wp\/v2\/posts\/374\/revisions\/3517"}],"wp:featuredmedia":[{"embeddable":true,"href":"https:\/\/essentia-mobilia.com\/blog\/wp-json\/wp\/v2\/media\/756"}],"wp:attachment":[{"href":"https:\/\/essentia-mobilia.com\/blog\/wp-json\/wp\/v2\/media?parent=374"}],"wp:term":[{"taxonomy":"category","embeddable":true,"href":"https:\/\/essentia-mobilia.com\/blog\/wp-json\/wp\/v2\/categories?post=374"},{"taxonomy":"post_tag","embeddable":true,"href":"https:\/\/essentia-mobilia.com\/blog\/wp-json\/wp\/v2\/tags?post=374"}],"curies":[{"name":"wp","href":"https:\/\/api.w.org\/{rel}","templated":true}]}}