{"id":373,"date":"2012-11-23T22:27:39","date_gmt":"2012-11-23T21:27:39","guid":{"rendered":"http:\/\/essentia-paris.com\/blog\/?p=373"},"modified":"2026-02-13T20:36:40","modified_gmt":"2026-02-13T19:36:40","slug":"le-mobilier-de-brad-pitt-sans-brad-pitt","status":"publish","type":"post","link":"https:\/\/essentia-mobilia.com\/blog\/le-mobilier-de-brad-pitt-sans-brad-pitt\/","title":{"rendered":"Le mobilier de Brad Pitt&#8230; sans Brad Pitt"},"content":{"rendered":"\n<h1 class=\"wp-block-heading\">Le mobilier de Brad Pitt&#8230; sans Brad Pitt<\/h1>\n\n\n\n<p><strong>L&rsquo;acteur am\u00e9ricain Brad Pitt<\/strong>\u00a0lance ce mois-ci \u00e0 New York<strong>\u00a0sa premi\u00e8re collection de mobilier design<\/strong>. Passionn\u00e9 par la d\u00e9coration et l&rsquo;architecture, l&rsquo;acteur a dessin\u00e9 des meubles cr\u00e9atifs de style art d\u00e9co : ils sont r\u00e9alis\u00e9s par le cr\u00e9ateur Franck Pollaro. Pour les (riches) amateurs, la mise en vente se fait sur le site pitt pollaro.<\/p>\n\n\n\n<p>Pour vous donner un petit avant-go\u00fbt :<\/p>\n\n\n\n<p><strong>The Long Runed Table (2012) :<\/strong>&nbsp;un plateau en bois exotique en une pi\u00e8ce sur un&nbsp;pi\u00e9tement&nbsp;dynamique. Finition huil\u00e9e \u00e0 la main. Edition limit\u00e9e \u00e0 9 pi\u00e8ces.<\/p>\n\n\n\n<figure class=\"wp-block-image\"><img decoding=\"async\" src=\"\/blog\/wp-content\/uploads\/2012\/11\/The-Long-Run-Table-Brad-Pitt-and-Franck-Pollaro-Table-design-2012.jpg\" alt=\"The Long Run Table - Brad Pitt and Franck Pollaro - Table design - 2012\" class=\"wp-image-1386\" title=\"The Long Run Table - Brad Pitt and Franck Pollaro - Table design - 2012\"\/><\/figure>\n\n\n\n<p><strong>Zeros and Ones (design 2011)<\/strong>&nbsp;: une table en verre et en acier inox. Edition limit\u00e9e \u00e0 12 pi\u00e8ces. Taille sur mesure.<\/p>\n\n\n\n<figure class=\"wp-block-image\"><img decoding=\"async\" src=\"\/blog\/wp-content\/uploads\/2012\/11\/Zeros-and-Ones-Brad-Pitt-Franck-Pollaro-Table-verre-et-acier-inox-design-2011.jpg\" alt=\"Zeros and Ones - Brad Pitt &amp; Franck Pollaro - Table verre et acier inox - design 2011\" class=\"wp-image-1387\" title=\"Zeros and Ones - Brad Pitt &amp; Franck Pollaro - Table verre et acier inox - design 2011\"\/><\/figure>\n","protected":false},"excerpt":{"rendered":"<p>Le mobilier de Brad Pitt&#8230; sans Brad Pitt L&rsquo;acteur am\u00e9ricain Brad Pitt\u00a0lance ce mois-ci \u00e0 New York\u00a0sa premi\u00e8re collection de mobilier design. Passionn\u00e9 par la d\u00e9coration et l&rsquo;architecture, l&rsquo;acteur a dessin\u00e9 des meubles cr\u00e9atifs de style art d\u00e9co : ils sont r\u00e9alis\u00e9s par le cr\u00e9ateur Franck Pollaro. Pour les (riches) amateurs, la mise en vente [&hellip;]<\/p>\n","protected":false},"author":1,"featured_media":755,"comment_status":"open","ping_status":"open","sticky":false,"template":"","format":"standard","meta":{"footnotes":""},"categories":[32],"tags":[],"yoast_head":"<!-- This site is optimized with the Yoast SEO plugin v15.0 - https:\/\/yoast.com\/wordpress\/plugins\/seo\/ -->\n<title>Le mobilier de Brad Pitt... sans Brad Pitt<\/title>\n<meta name=\"description\" content=\"L&#039;acteur am\u00e9ricain Brad Pitt\u00a0lance ce mois-ci \u00e0 New York\u00a0sa premi\u00e8re collection de mobilier design. L&#039;acteur a dessin\u00e9 des meubles cr\u00e9atifs de style art d\u00e9co.\" \/>\n<meta name=\"robots\" content=\"index, follow, max-snippet:-1, max-image-preview:large, max-video-preview:-1\" \/>\n<link rel=\"canonical\" href=\"https:\/\/essentia-mobilia.com\/blog\/le-mobilier-de-brad-pitt-sans-brad-pitt\/\" \/>\n<meta property=\"og:locale\" content=\"fr_FR\" \/>\n<meta property=\"og:type\" content=\"article\" \/>\n<meta property=\"og:title\" content=\"Le mobilier de Brad Pitt... sans Brad Pitt\" \/>\n<meta property=\"og:description\" content=\"L&#039;acteur am\u00e9ricain Brad Pitt\u00a0lance ce mois-ci \u00e0 New York\u00a0sa premi\u00e8re collection de mobilier design. L&#039;acteur a dessin\u00e9 des meubles cr\u00e9atifs de style art d\u00e9co.\" \/>\n<meta property=\"og:url\" content=\"https:\/\/essentia-mobilia.com\/blog\/le-mobilier-de-brad-pitt-sans-brad-pitt\/\" \/>\n<meta property=\"og:site_name\" content=\"Blog d\u00e9coration et design de Essentia MOBILIA\" \/>\n<meta property=\"article:publisher\" content=\"https:\/\/www.facebook.com\/EssentiaMobilia\" \/>\n<meta property=\"article:published_time\" content=\"2012-11-23T21:27:39+00:00\" \/>\n<meta property=\"article:modified_time\" content=\"2026-02-13T19:36:40+00:00\" \/>\n<meta property=\"og:image\" content=\"https:\/\/essentia-mobilia.com\/blog\/wp-content\/uploads\/2013\/02\/33-The-Long-Run-Table-Brad-Pitt-and-Franck-Pollaro-Table-design-2012.jpg\" \/>\n\t<meta property=\"og:image:width\" content=\"825\" \/>\n\t<meta property=\"og:image:height\" content=\"375\" \/>\n<meta name=\"twitter:card\" content=\"summary_large_image\" \/>\n<script type=\"application\/ld+json\" class=\"yoast-schema-graph\">{\"@context\":\"https:\/\/schema.org\",\"@graph\":[{\"@type\":\"Organization\",\"@id\":\"https:\/\/essentia-mobilia.com\/blog\/#organization\",\"name\":\"Essentia MOBILIA\",\"url\":\"https:\/\/essentia-mobilia.com\/blog\/\",\"sameAs\":[\"https:\/\/www.facebook.com\/EssentiaMobilia\",\"https:\/\/www.instagram.com\/essentiamobilia\/\",\"https:\/\/fr.pinterest.com\/essentia_mobilia\/\"],\"logo\":{\"@type\":\"ImageObject\",\"@id\":\"https:\/\/essentia-mobilia.com\/blog\/#logo\",\"inLanguage\":\"fr-FR\",\"url\":\"https:\/\/essentia-mobilia.com\/blog\/wp-content\/uploads\/2023\/12\/cropped-essentia-mobilia-logo.jpg\",\"width\":171,\"height\":73,\"caption\":\"Essentia MOBILIA\"},\"image\":{\"@id\":\"https:\/\/essentia-mobilia.com\/blog\/#logo\"}},{\"@type\":\"WebSite\",\"@id\":\"https:\/\/essentia-mobilia.com\/blog\/#website\",\"url\":\"https:\/\/essentia-mobilia.com\/blog\/\",\"name\":\"Blog d\\u00e9coration et design de Essentia MOBILIA\",\"description\":\"\",\"publisher\":{\"@id\":\"https:\/\/essentia-mobilia.com\/blog\/#organization\"},\"potentialAction\":[{\"@type\":\"SearchAction\",\"target\":\"https:\/\/essentia-mobilia.com\/blog\/?s={search_term_string}\",\"query-input\":\"required name=search_term_string\"}],\"inLanguage\":\"fr-FR\"},{\"@type\":\"ImageObject\",\"@id\":\"https:\/\/essentia-mobilia.com\/blog\/le-mobilier-de-brad-pitt-sans-brad-pitt\/#primaryimage\",\"inLanguage\":\"fr-FR\",\"url\":\"https:\/\/essentia-mobilia.com\/blog\/wp-content\/uploads\/2013\/02\/33-The-Long-Run-Table-Brad-Pitt-and-Franck-Pollaro-Table-design-2012.jpg\",\"width\":825,\"height\":375},{\"@type\":\"WebPage\",\"@id\":\"https:\/\/essentia-mobilia.com\/blog\/le-mobilier-de-brad-pitt-sans-brad-pitt\/#webpage\",\"url\":\"https:\/\/essentia-mobilia.com\/blog\/le-mobilier-de-brad-pitt-sans-brad-pitt\/\",\"name\":\"Le mobilier de Brad Pitt... sans Brad Pitt\",\"isPartOf\":{\"@id\":\"https:\/\/essentia-mobilia.com\/blog\/#website\"},\"primaryImageOfPage\":{\"@id\":\"https:\/\/essentia-mobilia.com\/blog\/le-mobilier-de-brad-pitt-sans-brad-pitt\/#primaryimage\"},\"datePublished\":\"2012-11-23T21:27:39+00:00\",\"dateModified\":\"2026-02-13T19:36:40+00:00\",\"description\":\"L'acteur am\\u00e9ricain Brad Pitt\\u00a0lance ce mois-ci \\u00e0 New York\\u00a0sa premi\\u00e8re collection de mobilier design. L'acteur a dessin\\u00e9 des meubles cr\\u00e9atifs de style art d\\u00e9co.\",\"breadcrumb\":{\"@id\":\"https:\/\/essentia-mobilia.com\/blog\/le-mobilier-de-brad-pitt-sans-brad-pitt\/#breadcrumb\"},\"inLanguage\":\"fr-FR\",\"potentialAction\":[{\"@type\":\"ReadAction\",\"target\":[\"https:\/\/essentia-mobilia.com\/blog\/le-mobilier-de-brad-pitt-sans-brad-pitt\/\"]}]},{\"@type\":\"BreadcrumbList\",\"@id\":\"https:\/\/essentia-mobilia.com\/blog\/le-mobilier-de-brad-pitt-sans-brad-pitt\/#breadcrumb\",\"itemListElement\":[{\"@type\":\"ListItem\",\"position\":1,\"item\":{\"@type\":\"WebPage\",\"@id\":\"https:\/\/essentia-mobilia.com\/blog\/\",\"url\":\"https:\/\/essentia-mobilia.com\/blog\/\",\"name\":\"Accueil\"}},{\"@type\":\"ListItem\",\"position\":2,\"item\":{\"@type\":\"WebPage\",\"@id\":\"https:\/\/essentia-mobilia.com\/blog\/le-mobilier-de-brad-pitt-sans-brad-pitt\/\",\"url\":\"https:\/\/essentia-mobilia.com\/blog\/le-mobilier-de-brad-pitt-sans-brad-pitt\/\",\"name\":\"Le mobilier de Brad Pitt&#8230; sans Brad Pitt\"}}]},{\"@type\":\"Article\",\"@id\":\"https:\/\/essentia-mobilia.com\/blog\/le-mobilier-de-brad-pitt-sans-brad-pitt\/#article\",\"isPartOf\":{\"@id\":\"https:\/\/essentia-mobilia.com\/blog\/le-mobilier-de-brad-pitt-sans-brad-pitt\/#webpage\"},\"author\":{\"@id\":\"https:\/\/essentia-mobilia.com\/blog\/#\/schema\/person\/f06deeaf73a4baf06738372a688cf68a\"},\"headline\":\"Le mobilier de Brad Pitt&#8230; sans Brad Pitt\",\"datePublished\":\"2012-11-23T21:27:39+00:00\",\"dateModified\":\"2026-02-13T19:36:40+00:00\",\"mainEntityOfPage\":{\"@id\":\"https:\/\/essentia-mobilia.com\/blog\/le-mobilier-de-brad-pitt-sans-brad-pitt\/#webpage\"},\"commentCount\":0,\"publisher\":{\"@id\":\"https:\/\/essentia-mobilia.com\/blog\/#organization\"},\"image\":{\"@id\":\"https:\/\/essentia-mobilia.com\/blog\/le-mobilier-de-brad-pitt-sans-brad-pitt\/#primaryimage\"},\"articleSection\":\"Mobilier design\",\"inLanguage\":\"fr-FR\",\"potentialAction\":[{\"@type\":\"CommentAction\",\"name\":\"Comment\",\"target\":[\"https:\/\/essentia-mobilia.com\/blog\/le-mobilier-de-brad-pitt-sans-brad-pitt\/#respond\"]}]},{\"@type\":\"Person\",\"@id\":\"https:\/\/essentia-mobilia.com\/blog\/#\/schema\/person\/f06deeaf73a4baf06738372a688cf68a\",\"name\":\"myessentiamobilia\",\"image\":{\"@type\":\"ImageObject\",\"@id\":\"https:\/\/essentia-mobilia.com\/blog\/#personlogo\",\"inLanguage\":\"fr-FR\",\"url\":\"https:\/\/secure.gravatar.com\/avatar\/bec63f027f1251faa237003116590784?s=96&d=mm&r=g\",\"caption\":\"myessentiamobilia\"},\"description\":\"A travers ce blog, je partage mes conseils de design et d\\u00e9coration int\\u00e9rieure.\"}]}<\/script>\n<!-- \/ Yoast SEO plugin. -->","_links":{"self":[{"href":"https:\/\/essentia-mobilia.com\/blog\/wp-json\/wp\/v2\/posts\/373"}],"collection":[{"href":"https:\/\/essentia-mobilia.com\/blog\/wp-json\/wp\/v2\/posts"}],"about":[{"href":"https:\/\/essentia-mobilia.com\/blog\/wp-json\/wp\/v2\/types\/post"}],"author":[{"embeddable":true,"href":"https:\/\/essentia-mobilia.com\/blog\/wp-json\/wp\/v2\/users\/1"}],"replies":[{"embeddable":true,"href":"https:\/\/essentia-mobilia.com\/blog\/wp-json\/wp\/v2\/comments?post=373"}],"version-history":[{"count":3,"href":"https:\/\/essentia-mobilia.com\/blog\/wp-json\/wp\/v2\/posts\/373\/revisions"}],"predecessor-version":[{"id":3516,"href":"https:\/\/essentia-mobilia.com\/blog\/wp-json\/wp\/v2\/posts\/373\/revisions\/3516"}],"wp:featuredmedia":[{"embeddable":true,"href":"https:\/\/essentia-mobilia.com\/blog\/wp-json\/wp\/v2\/media\/755"}],"wp:attachment":[{"href":"https:\/\/essentia-mobilia.com\/blog\/wp-json\/wp\/v2\/media?parent=373"}],"wp:term":[{"taxonomy":"category","embeddable":true,"href":"https:\/\/essentia-mobilia.com\/blog\/wp-json\/wp\/v2\/categories?post=373"},{"taxonomy":"post_tag","embeddable":true,"href":"https:\/\/essentia-mobilia.com\/blog\/wp-json\/wp\/v2\/tags?post=373"}],"curies":[{"name":"wp","href":"https:\/\/api.w.org\/{rel}","templated":true}]}}