{"id":367,"date":"2012-09-14T22:27:36","date_gmt":"2012-09-14T20:27:36","guid":{"rendered":"http:\/\/essentia-paris.com\/blog\/?p=367"},"modified":"2026-02-13T20:53:29","modified_gmt":"2026-02-13T19:53:29","slug":"replique-dun-meuble-dart-du-18eme-siecle-de-la-methode-et-de-la-minutie","status":"publish","type":"post","link":"https:\/\/essentia-mobilia.com\/blog\/replique-dun-meuble-dart-du-18eme-siecle-de-la-methode-et-de-la-minutie\/","title":{"rendered":"R\u00e9plique d&rsquo;un meuble d&rsquo;art du 18\u00e8me si\u00e8cle : de la m\u00e9thode et de la minutie"},"content":{"rendered":"\n<h1 class=\"wp-block-heading\">R\u00e9plique d&rsquo;un meuble d&rsquo;art du 18\u00e8me si\u00e8cle : de la m\u00e9thode et de la minutie<\/h1>\n\n\n<div class=\"wp-block-image\">\n<figure class=\"alignleft\"><a href=\"\/blog\/wp-content\/uploads\/2012\/09\/secretaire-%C3%A0-cylindre-de-Jean-Francois-Oeben-par-Bert-Declerck.jpg\"><img decoding=\"async\" src=\"\/blog\/wp-content\/uploads\/2012\/09\/secretaire-%C3%A0-cylindre-de-Jean-Francois-Oeben-par-Bert-Declerck.jpg\" alt=\"secretaire \u00e0 cylindre de Jean-Francois Oeben par Bert Declerck\" class=\"wp-image-909\" title=\"secretaire \u00e0 cylindre de Jean-Francois Oeben par Bert Declerck\"\/><\/a><\/figure><\/div>\n\n\n<p><strong>Cette exposition a lieu du 12 septembre 2012 au 17 f\u00e9vrier 2013 au mus\u00e9e Nissim de Camondo.\u00a0<\/strong><\/p>\n\n\n\n<p>Le meuble d&rsquo;art en question est un&nbsp;<strong>secr\u00e9taire \u00e0 cylindre<\/strong>&nbsp;r\u00e9alis\u00e9 et livr\u00e9 en 1761 par l&rsquo;\u00e9b\u00e9niste du Roi Louis XV, Jean-Fran\u00e7ois Oeben. &nbsp;Il a connu tr\u00e8s rapidement un grand succ\u00e8s car il permettait de cacher \u00e0 l&rsquo;abri des regards les papiers laiss\u00e9s sur le bureau.<\/p>\n\n\n\n<p><strong>Plus de deux si\u00e8cles plus tard<\/strong>, le meuble d&rsquo;art a inspir\u00e9 l&rsquo;\u00e9tudiant en \u00e9b\u00e9nisterie Bert Declerck.&nbsp;<strong>Il a choisi de l&rsquo;\u00e9tudier et d&rsquo;en faire une r\u00e9plique \u00e0 l&rsquo;identique<\/strong>. Pendant 6 ans, de 1992 \u00e0 1998, le jeune \u00e9b\u00e9niste ne m\u00e9nage pas sa peine pour comprendre les proc\u00e9d\u00e9s de fabrication et les outils utilis\u00e9s : r\u00e9alisation d&rsquo;un&nbsp;meuble  ch\u00eane massif et en h\u00eatre avec colle d&rsquo;origine animale,&nbsp;<strong>reproduction des couleurs<\/strong>&nbsp;notamment des teintes vertes pour la teinture des bois, r\u00e9alisation de&nbsp;<strong>marqueterie<\/strong>&nbsp;sur les parties planes et les parties galb\u00e9es, fabrication du&nbsp;<strong>m\u00e9canisme<\/strong>&nbsp;par un ma\u00eetre serrurier,&nbsp;<strong>moulage et ciselage des bronzes<\/strong> dor\u00e9s des pieds,&nbsp;<strong>finition<\/strong>&nbsp;par de la cire.<\/p>\n\n\n\n<p>Pour cette r\u00e9alisation, Bert Declerck a re\u00e7u de tr\u00e8s nombreuses distinctions.<\/p>\n\n\n\n<p><strong>Photo :&nbsp;<\/strong>les arts d\u00e9coratifs<\/p>\n","protected":false},"excerpt":{"rendered":"<p>R\u00e9plique d&rsquo;un meuble d&rsquo;art du 18\u00e8me si\u00e8cle : de la m\u00e9thode et de la minutie Cette exposition a lieu du 12 septembre 2012 au 17 f\u00e9vrier 2013 au mus\u00e9e Nissim de Camondo.\u00a0 Le meuble d&rsquo;art en question est un&nbsp;secr\u00e9taire \u00e0 cylindre&nbsp;r\u00e9alis\u00e9 et livr\u00e9 en 1761 par l&rsquo;\u00e9b\u00e9niste du Roi Louis XV, Jean-Fran\u00e7ois Oeben. &nbsp;Il a [&hellip;]<\/p>\n","protected":false},"author":1,"featured_media":792,"comment_status":"open","ping_status":"open","sticky":false,"template":"","format":"standard","meta":{"footnotes":""},"categories":[32],"tags":[],"yoast_head":"<!-- This site is optimized with the Yoast SEO plugin v15.0 - https:\/\/yoast.com\/wordpress\/plugins\/seo\/ -->\n<title>R\u00e9plique d&#039;un meuble d&#039;art du 18\u00e8me si\u00e8cle : de la m\u00e9thode et de la minutie<\/title>\n<meta name=\"description\" content=\"Cette exposition a lieu du 12 septembre 2012 au 17 f\u00e9vrier 2013 au mus\u00e9e Nissim de Camondo.\u00a0\" \/>\n<meta name=\"robots\" content=\"index, follow, max-snippet:-1, max-image-preview:large, max-video-preview:-1\" \/>\n<link rel=\"canonical\" href=\"https:\/\/essentia-mobilia.com\/blog\/replique-dun-meuble-dart-du-18eme-siecle-de-la-methode-et-de-la-minutie\/\" \/>\n<meta property=\"og:locale\" content=\"fr_FR\" \/>\n<meta property=\"og:type\" content=\"article\" \/>\n<meta property=\"og:title\" content=\"R\u00e9plique d&#039;un meuble d&#039;art du 18\u00e8me si\u00e8cle : de la m\u00e9thode et de la minutie\" \/>\n<meta property=\"og:description\" content=\"Cette exposition a lieu du 12 septembre 2012 au 17 f\u00e9vrier 2013 au mus\u00e9e Nissim de Camondo.\u00a0\" \/>\n<meta property=\"og:url\" content=\"https:\/\/essentia-mobilia.com\/blog\/replique-dun-meuble-dart-du-18eme-siecle-de-la-methode-et-de-la-minutie\/\" \/>\n<meta property=\"og:site_name\" content=\"Blog d\u00e9coration et design de Essentia MOBILIA\" \/>\n<meta property=\"article:publisher\" content=\"https:\/\/www.facebook.com\/EssentiaMobilia\" \/>\n<meta property=\"article:published_time\" content=\"2012-09-14T20:27:36+00:00\" \/>\n<meta property=\"article:modified_time\" content=\"2026-02-13T19:53:29+00:00\" \/>\n<meta property=\"og:image\" content=\"https:\/\/essentia-mobilia.com\/blog\/wp-content\/uploads\/2012\/11\/60-secretaire-a-cylindre-de-Jean-Francois-Oeben-par-Bert-Declerck.jpg\" \/>\n\t<meta property=\"og:image:width\" content=\"579\" \/>\n\t<meta property=\"og:image:height\" content=\"673\" \/>\n<meta name=\"twitter:card\" content=\"summary_large_image\" \/>\n<script type=\"application\/ld+json\" class=\"yoast-schema-graph\">{\"@context\":\"https:\/\/schema.org\",\"@graph\":[{\"@type\":\"Organization\",\"@id\":\"https:\/\/essentia-mobilia.com\/blog\/#organization\",\"name\":\"Essentia MOBILIA\",\"url\":\"https:\/\/essentia-mobilia.com\/blog\/\",\"sameAs\":[\"https:\/\/www.facebook.com\/EssentiaMobilia\",\"https:\/\/www.instagram.com\/essentiamobilia\/\",\"https:\/\/fr.pinterest.com\/essentia_mobilia\/\"],\"logo\":{\"@type\":\"ImageObject\",\"@id\":\"https:\/\/essentia-mobilia.com\/blog\/#logo\",\"inLanguage\":\"fr-FR\",\"url\":\"https:\/\/essentia-mobilia.com\/blog\/wp-content\/uploads\/2023\/12\/cropped-essentia-mobilia-logo.jpg\",\"width\":171,\"height\":73,\"caption\":\"Essentia MOBILIA\"},\"image\":{\"@id\":\"https:\/\/essentia-mobilia.com\/blog\/#logo\"}},{\"@type\":\"WebSite\",\"@id\":\"https:\/\/essentia-mobilia.com\/blog\/#website\",\"url\":\"https:\/\/essentia-mobilia.com\/blog\/\",\"name\":\"Blog d\\u00e9coration et design de Essentia MOBILIA\",\"description\":\"\",\"publisher\":{\"@id\":\"https:\/\/essentia-mobilia.com\/blog\/#organization\"},\"potentialAction\":[{\"@type\":\"SearchAction\",\"target\":\"https:\/\/essentia-mobilia.com\/blog\/?s={search_term_string}\",\"query-input\":\"required name=search_term_string\"}],\"inLanguage\":\"fr-FR\"},{\"@type\":\"ImageObject\",\"@id\":\"https:\/\/essentia-mobilia.com\/blog\/replique-dun-meuble-dart-du-18eme-siecle-de-la-methode-et-de-la-minutie\/#primaryimage\",\"inLanguage\":\"fr-FR\",\"url\":\"https:\/\/essentia-mobilia.com\/blog\/wp-content\/uploads\/2012\/11\/60-secretaire-a-cylindre-de-Jean-Francois-Oeben-par-Bert-Declerck.jpg\",\"width\":579,\"height\":673},{\"@type\":\"WebPage\",\"@id\":\"https:\/\/essentia-mobilia.com\/blog\/replique-dun-meuble-dart-du-18eme-siecle-de-la-methode-et-de-la-minutie\/#webpage\",\"url\":\"https:\/\/essentia-mobilia.com\/blog\/replique-dun-meuble-dart-du-18eme-siecle-de-la-methode-et-de-la-minutie\/\",\"name\":\"R\\u00e9plique d'un meuble d'art du 18\\u00e8me si\\u00e8cle : de la m\\u00e9thode et de la minutie\",\"isPartOf\":{\"@id\":\"https:\/\/essentia-mobilia.com\/blog\/#website\"},\"primaryImageOfPage\":{\"@id\":\"https:\/\/essentia-mobilia.com\/blog\/replique-dun-meuble-dart-du-18eme-siecle-de-la-methode-et-de-la-minutie\/#primaryimage\"},\"datePublished\":\"2012-09-14T20:27:36+00:00\",\"dateModified\":\"2026-02-13T19:53:29+00:00\",\"description\":\"Cette exposition a lieu du 12 septembre 2012 au 17 f\\u00e9vrier 2013 au mus\\u00e9e Nissim de Camondo.\\u00a0\",\"breadcrumb\":{\"@id\":\"https:\/\/essentia-mobilia.com\/blog\/replique-dun-meuble-dart-du-18eme-siecle-de-la-methode-et-de-la-minutie\/#breadcrumb\"},\"inLanguage\":\"fr-FR\",\"potentialAction\":[{\"@type\":\"ReadAction\",\"target\":[\"https:\/\/essentia-mobilia.com\/blog\/replique-dun-meuble-dart-du-18eme-siecle-de-la-methode-et-de-la-minutie\/\"]}]},{\"@type\":\"BreadcrumbList\",\"@id\":\"https:\/\/essentia-mobilia.com\/blog\/replique-dun-meuble-dart-du-18eme-siecle-de-la-methode-et-de-la-minutie\/#breadcrumb\",\"itemListElement\":[{\"@type\":\"ListItem\",\"position\":1,\"item\":{\"@type\":\"WebPage\",\"@id\":\"https:\/\/essentia-mobilia.com\/blog\/\",\"url\":\"https:\/\/essentia-mobilia.com\/blog\/\",\"name\":\"Accueil\"}},{\"@type\":\"ListItem\",\"position\":2,\"item\":{\"@type\":\"WebPage\",\"@id\":\"https:\/\/essentia-mobilia.com\/blog\/replique-dun-meuble-dart-du-18eme-siecle-de-la-methode-et-de-la-minutie\/\",\"url\":\"https:\/\/essentia-mobilia.com\/blog\/replique-dun-meuble-dart-du-18eme-siecle-de-la-methode-et-de-la-minutie\/\",\"name\":\"R\\u00e9plique d&rsquo;un meuble d&rsquo;art du 18\\u00e8me si\\u00e8cle : de la m\\u00e9thode et de la minutie\"}}]},{\"@type\":\"Article\",\"@id\":\"https:\/\/essentia-mobilia.com\/blog\/replique-dun-meuble-dart-du-18eme-siecle-de-la-methode-et-de-la-minutie\/#article\",\"isPartOf\":{\"@id\":\"https:\/\/essentia-mobilia.com\/blog\/replique-dun-meuble-dart-du-18eme-siecle-de-la-methode-et-de-la-minutie\/#webpage\"},\"author\":{\"@id\":\"https:\/\/essentia-mobilia.com\/blog\/#\/schema\/person\/f06deeaf73a4baf06738372a688cf68a\"},\"headline\":\"R\\u00e9plique d&rsquo;un meuble d&rsquo;art du 18\\u00e8me si\\u00e8cle : de la m\\u00e9thode et de la minutie\",\"datePublished\":\"2012-09-14T20:27:36+00:00\",\"dateModified\":\"2026-02-13T19:53:29+00:00\",\"mainEntityOfPage\":{\"@id\":\"https:\/\/essentia-mobilia.com\/blog\/replique-dun-meuble-dart-du-18eme-siecle-de-la-methode-et-de-la-minutie\/#webpage\"},\"commentCount\":0,\"publisher\":{\"@id\":\"https:\/\/essentia-mobilia.com\/blog\/#organization\"},\"image\":{\"@id\":\"https:\/\/essentia-mobilia.com\/blog\/replique-dun-meuble-dart-du-18eme-siecle-de-la-methode-et-de-la-minutie\/#primaryimage\"},\"articleSection\":\"Mobilier design\",\"inLanguage\":\"fr-FR\",\"potentialAction\":[{\"@type\":\"CommentAction\",\"name\":\"Comment\",\"target\":[\"https:\/\/essentia-mobilia.com\/blog\/replique-dun-meuble-dart-du-18eme-siecle-de-la-methode-et-de-la-minutie\/#respond\"]}]},{\"@type\":\"Person\",\"@id\":\"https:\/\/essentia-mobilia.com\/blog\/#\/schema\/person\/f06deeaf73a4baf06738372a688cf68a\",\"name\":\"myessentiamobilia\",\"image\":{\"@type\":\"ImageObject\",\"@id\":\"https:\/\/essentia-mobilia.com\/blog\/#personlogo\",\"inLanguage\":\"fr-FR\",\"url\":\"https:\/\/secure.gravatar.com\/avatar\/bec63f027f1251faa237003116590784?s=96&d=mm&r=g\",\"caption\":\"myessentiamobilia\"},\"description\":\"A travers ce blog, je partage mes conseils de design et d\\u00e9coration int\\u00e9rieure.\"}]}<\/script>\n<!-- \/ Yoast SEO plugin. -->","_links":{"self":[{"href":"https:\/\/essentia-mobilia.com\/blog\/wp-json\/wp\/v2\/posts\/367"}],"collection":[{"href":"https:\/\/essentia-mobilia.com\/blog\/wp-json\/wp\/v2\/posts"}],"about":[{"href":"https:\/\/essentia-mobilia.com\/blog\/wp-json\/wp\/v2\/types\/post"}],"author":[{"embeddable":true,"href":"https:\/\/essentia-mobilia.com\/blog\/wp-json\/wp\/v2\/users\/1"}],"replies":[{"embeddable":true,"href":"https:\/\/essentia-mobilia.com\/blog\/wp-json\/wp\/v2\/comments?post=367"}],"version-history":[{"count":6,"href":"https:\/\/essentia-mobilia.com\/blog\/wp-json\/wp\/v2\/posts\/367\/revisions"}],"predecessor-version":[{"id":3541,"href":"https:\/\/essentia-mobilia.com\/blog\/wp-json\/wp\/v2\/posts\/367\/revisions\/3541"}],"wp:featuredmedia":[{"embeddable":true,"href":"https:\/\/essentia-mobilia.com\/blog\/wp-json\/wp\/v2\/media\/792"}],"wp:attachment":[{"href":"https:\/\/essentia-mobilia.com\/blog\/wp-json\/wp\/v2\/media?parent=367"}],"wp:term":[{"taxonomy":"category","embeddable":true,"href":"https:\/\/essentia-mobilia.com\/blog\/wp-json\/wp\/v2\/categories?post=367"},{"taxonomy":"post_tag","embeddable":true,"href":"https:\/\/essentia-mobilia.com\/blog\/wp-json\/wp\/v2\/tags?post=367"}],"curies":[{"name":"wp","href":"https:\/\/api.w.org\/{rel}","templated":true}]}}