{"id":339,"date":"2012-09-26T22:14:36","date_gmt":"2012-09-26T20:14:36","guid":{"rendered":"http:\/\/essentia-paris.com\/blog\/?p=339"},"modified":"2026-02-13T20:52:18","modified_gmt":"2026-02-13T19:52:18","slug":"quand-un-ebeniste-dart-et-un-designer-se-rencontrent","status":"publish","type":"post","link":"https:\/\/essentia-mobilia.com\/blog\/quand-un-ebeniste-dart-et-un-designer-se-rencontrent\/","title":{"rendered":"Quand un \u00e9b\u00e9niste d&rsquo;art et un designer se rencontrent&#8230;"},"content":{"rendered":"\n<h1 class=\"wp-block-heading\">Quand un \u00e9b\u00e9niste d&rsquo;art et un designer se rencontrent&#8230;<\/h1>\n\n\n\n<h3 class=\"wp-block-heading\">JP Craman, \u00e9b\u00e9niste d&rsquo;art<\/h3>\n\n\n\n<p><strong>D&rsquo;un c\u00f4t\u00e9, vous avez Jean-Paul Craman, g\u00e9rant de l&rsquo;entreprise d&rsquo;\u00e9b\u00e9nisterie&nbsp;Craman-Lagarde&nbsp;<\/strong>fond\u00e9e en 1947 \u00e0 Revel&nbsp;(Haute-Garonne). L&rsquo;entreprise familiale est membre du groupement des \u00e9b\u00e9nistes d&rsquo;art. Elle r\u00e9alise des meubles de style travaill\u00e9s selon le savoir-faire traditionnel des XVIII\u00e8me et XIX\u00e8me si\u00e8cles : utilisation du bois massif (ch\u00eane,&nbsp;ch\u00e2taignier, acajou), assemblage par tenons et mortaises, assemblage des tiroirs \u00e0 queue d&rsquo;aronde, atelier de marqueterie traditionnel (bois de rose, bois de violette&#8230;), travail du marbre des Pyr\u00e9n\u00e9es, ornements en bronze, estampille&#8230;<\/p>\n\n\n\n<h3 class=\"wp-block-heading\">JM Gady designer de mobilier<\/h3>\n\n\n\n<p><strong>De l&rsquo;autre c\u00f4t\u00e9, vous avez&nbsp;Jean-Marc Gady, dipl\u00f4m\u00e9 de l&rsquo;Ecole Bleue de Paris<\/strong> (architecture d&rsquo;int\u00e9rieur et design). Il d\u00e9marre sa carri\u00e8re comme designer de mobilier et de luminaires notamment pour Ligne Roset, puis rejoint la direction artistique de Louis Vuitton. Il a son propre studio de cr\u00e9ation depuis 2005 et cr\u00e9\u00e9 pour Baccarat, Guerlain, Chanel, Mo\u00ebt et Chandon etc.<\/p>\n\n\n\n<h3 class=\"wp-block-heading\">La rencontre de l&rsquo;\u00e9b\u00e9niste d&rsquo;art et du designer<\/h3>\n\n\n\n<p><strong>Le r\u00e9seau R3iLab<\/strong>&nbsp;<strong>a provoqu\u00e9 la rencontre de l&rsquo;\u00e9b\u00e9niste d&rsquo;art et du designer via son programme Manu Maestria.<\/strong>&nbsp;Objectif du programme soutenu par l&rsquo;Etat, les Ateliers d&rsquo;Art de France et le VIA : permettre aux artisans poss\u00e9dant un savoir-faire d&rsquo;exception de lancer des produits innovants en particulier dans le design et l&rsquo;ameublement.<\/p>\n\n\n\n<h3 class=\"wp-block-heading\">Entre mobilier de style et mobilier design contemporain<\/h3>\n\n\n\n<p><strong>Le r\u00e9sultat est \u00e9difiant : un secr\u00e9taire \u00e0 abattant appel\u00e9 Destiny inspir\u00e9 \u00e0 la fois de la commode du XVIII\u00e8me si\u00e8cle et des lignes \u00e9pur\u00e9es et sobres du design contemporain.<\/strong>&nbsp;La marqueterie est faite de bois rare et de mat\u00e9riaux pr\u00e9cieux (sycomore, palissandre, galuchat, nacre, os, \u00e9caille) les pans sont arrondis les raccords sont parfaits.<\/p>\n\n\n\n<p><a href=\"\/blog\/wp-content\/uploads\/2012\/09\/meuble-Destiny-Craman-Gady-R3iLab.jpg\"><\/a><strong>Cr\u00e9dits :<\/strong>&nbsp;R3iLab<\/p>\n\n\n\n<p><\/p>\n","protected":false},"excerpt":{"rendered":"<p>Quand un \u00e9b\u00e9niste d&rsquo;art et un designer se rencontrent&#8230; JP Craman, \u00e9b\u00e9niste d&rsquo;art D&rsquo;un c\u00f4t\u00e9, vous avez Jean-Paul Craman, g\u00e9rant de l&rsquo;entreprise d&rsquo;\u00e9b\u00e9nisterie&nbsp;Craman-Lagarde&nbsp;fond\u00e9e en 1947 \u00e0 Revel&nbsp;(Haute-Garonne). L&rsquo;entreprise familiale est membre du groupement des \u00e9b\u00e9nistes d&rsquo;art. Elle r\u00e9alise des meubles de style travaill\u00e9s selon le savoir-faire traditionnel des XVIII\u00e8me et XIX\u00e8me si\u00e8cles : utilisation du [&hellip;]<\/p>\n","protected":false},"author":1,"featured_media":0,"comment_status":"open","ping_status":"open","sticky":false,"template":"","format":"standard","meta":{"footnotes":""},"categories":[32],"tags":[],"yoast_head":"<!-- This site is optimized with the Yoast SEO plugin v15.0 - https:\/\/yoast.com\/wordpress\/plugins\/seo\/ -->\n<title>Quand un \u00e9b\u00e9niste d&#039;art et un designer se rencontrent...<\/title>\n<meta name=\"description\" content=\"D&#039;un c\u00f4t\u00e9, vous avez Jean-Paul Craman, g\u00e9rant de l&#039;entreprise d&#039;\u00e9b\u00e9nisterie\u00a0Craman-Lagarde\u00a0. De l&#039;autre c\u00f4t\u00e9, vous avez\u00a0Jean-Marc Gady, dipl\u00f4m\u00e9 de l&#039;Ecole Bleue de Paris.\" \/>\n<meta name=\"robots\" content=\"index, follow, max-snippet:-1, max-image-preview:large, max-video-preview:-1\" \/>\n<link rel=\"canonical\" href=\"https:\/\/essentia-mobilia.com\/blog\/quand-un-ebeniste-dart-et-un-designer-se-rencontrent\/\" \/>\n<meta property=\"og:locale\" content=\"fr_FR\" \/>\n<meta property=\"og:type\" content=\"article\" \/>\n<meta property=\"og:title\" content=\"Quand un \u00e9b\u00e9niste d&#039;art et un designer se rencontrent...\" \/>\n<meta property=\"og:description\" content=\"D&#039;un c\u00f4t\u00e9, vous avez Jean-Paul Craman, g\u00e9rant de l&#039;entreprise d&#039;\u00e9b\u00e9nisterie\u00a0Craman-Lagarde\u00a0. De l&#039;autre c\u00f4t\u00e9, vous avez\u00a0Jean-Marc Gady, dipl\u00f4m\u00e9 de l&#039;Ecole Bleue de Paris.\" \/>\n<meta property=\"og:url\" content=\"https:\/\/essentia-mobilia.com\/blog\/quand-un-ebeniste-dart-et-un-designer-se-rencontrent\/\" \/>\n<meta property=\"og:site_name\" content=\"Blog d\u00e9coration et design de Essentia MOBILIA\" \/>\n<meta property=\"article:publisher\" content=\"https:\/\/www.facebook.com\/EssentiaMobilia\" \/>\n<meta property=\"article:published_time\" content=\"2012-09-26T20:14:36+00:00\" \/>\n<meta property=\"article:modified_time\" content=\"2026-02-13T19:52:18+00:00\" \/>\n<meta name=\"twitter:card\" content=\"summary_large_image\" \/>\n<script type=\"application\/ld+json\" class=\"yoast-schema-graph\">{\"@context\":\"https:\/\/schema.org\",\"@graph\":[{\"@type\":\"Organization\",\"@id\":\"https:\/\/essentia-mobilia.com\/blog\/#organization\",\"name\":\"Essentia MOBILIA\",\"url\":\"https:\/\/essentia-mobilia.com\/blog\/\",\"sameAs\":[\"https:\/\/www.facebook.com\/EssentiaMobilia\",\"https:\/\/www.instagram.com\/essentiamobilia\/\",\"https:\/\/fr.pinterest.com\/essentia_mobilia\/\"],\"logo\":{\"@type\":\"ImageObject\",\"@id\":\"https:\/\/essentia-mobilia.com\/blog\/#logo\",\"inLanguage\":\"fr-FR\",\"url\":\"https:\/\/essentia-mobilia.com\/blog\/wp-content\/uploads\/2023\/12\/cropped-essentia-mobilia-logo.jpg\",\"width\":171,\"height\":73,\"caption\":\"Essentia MOBILIA\"},\"image\":{\"@id\":\"https:\/\/essentia-mobilia.com\/blog\/#logo\"}},{\"@type\":\"WebSite\",\"@id\":\"https:\/\/essentia-mobilia.com\/blog\/#website\",\"url\":\"https:\/\/essentia-mobilia.com\/blog\/\",\"name\":\"Blog d\\u00e9coration et design de Essentia MOBILIA\",\"description\":\"\",\"publisher\":{\"@id\":\"https:\/\/essentia-mobilia.com\/blog\/#organization\"},\"potentialAction\":[{\"@type\":\"SearchAction\",\"target\":\"https:\/\/essentia-mobilia.com\/blog\/?s={search_term_string}\",\"query-input\":\"required name=search_term_string\"}],\"inLanguage\":\"fr-FR\"},{\"@type\":\"WebPage\",\"@id\":\"https:\/\/essentia-mobilia.com\/blog\/quand-un-ebeniste-dart-et-un-designer-se-rencontrent\/#webpage\",\"url\":\"https:\/\/essentia-mobilia.com\/blog\/quand-un-ebeniste-dart-et-un-designer-se-rencontrent\/\",\"name\":\"Quand un \\u00e9b\\u00e9niste d'art et un designer se rencontrent...\",\"isPartOf\":{\"@id\":\"https:\/\/essentia-mobilia.com\/blog\/#website\"},\"datePublished\":\"2012-09-26T20:14:36+00:00\",\"dateModified\":\"2026-02-13T19:52:18+00:00\",\"description\":\"D'un c\\u00f4t\\u00e9, vous avez Jean-Paul Craman, g\\u00e9rant de l'entreprise d'\\u00e9b\\u00e9nisterie\\u00a0Craman-Lagarde\\u00a0. De l'autre c\\u00f4t\\u00e9, vous avez\\u00a0Jean-Marc Gady, dipl\\u00f4m\\u00e9 de l'Ecole Bleue de Paris.\",\"breadcrumb\":{\"@id\":\"https:\/\/essentia-mobilia.com\/blog\/quand-un-ebeniste-dart-et-un-designer-se-rencontrent\/#breadcrumb\"},\"inLanguage\":\"fr-FR\",\"potentialAction\":[{\"@type\":\"ReadAction\",\"target\":[\"https:\/\/essentia-mobilia.com\/blog\/quand-un-ebeniste-dart-et-un-designer-se-rencontrent\/\"]}]},{\"@type\":\"BreadcrumbList\",\"@id\":\"https:\/\/essentia-mobilia.com\/blog\/quand-un-ebeniste-dart-et-un-designer-se-rencontrent\/#breadcrumb\",\"itemListElement\":[{\"@type\":\"ListItem\",\"position\":1,\"item\":{\"@type\":\"WebPage\",\"@id\":\"https:\/\/essentia-mobilia.com\/blog\/\",\"url\":\"https:\/\/essentia-mobilia.com\/blog\/\",\"name\":\"Accueil\"}},{\"@type\":\"ListItem\",\"position\":2,\"item\":{\"@type\":\"WebPage\",\"@id\":\"https:\/\/essentia-mobilia.com\/blog\/quand-un-ebeniste-dart-et-un-designer-se-rencontrent\/\",\"url\":\"https:\/\/essentia-mobilia.com\/blog\/quand-un-ebeniste-dart-et-un-designer-se-rencontrent\/\",\"name\":\"Quand un \\u00e9b\\u00e9niste d&rsquo;art et un designer se rencontrent&#8230;\"}}]},{\"@type\":\"Article\",\"@id\":\"https:\/\/essentia-mobilia.com\/blog\/quand-un-ebeniste-dart-et-un-designer-se-rencontrent\/#article\",\"isPartOf\":{\"@id\":\"https:\/\/essentia-mobilia.com\/blog\/quand-un-ebeniste-dart-et-un-designer-se-rencontrent\/#webpage\"},\"author\":{\"@id\":\"https:\/\/essentia-mobilia.com\/blog\/#\/schema\/person\/f06deeaf73a4baf06738372a688cf68a\"},\"headline\":\"Quand un \\u00e9b\\u00e9niste d&rsquo;art et un designer se rencontrent&#8230;\",\"datePublished\":\"2012-09-26T20:14:36+00:00\",\"dateModified\":\"2026-02-13T19:52:18+00:00\",\"mainEntityOfPage\":{\"@id\":\"https:\/\/essentia-mobilia.com\/blog\/quand-un-ebeniste-dart-et-un-designer-se-rencontrent\/#webpage\"},\"commentCount\":0,\"publisher\":{\"@id\":\"https:\/\/essentia-mobilia.com\/blog\/#organization\"},\"articleSection\":\"Mobilier design\",\"inLanguage\":\"fr-FR\",\"potentialAction\":[{\"@type\":\"CommentAction\",\"name\":\"Comment\",\"target\":[\"https:\/\/essentia-mobilia.com\/blog\/quand-un-ebeniste-dart-et-un-designer-se-rencontrent\/#respond\"]}]},{\"@type\":\"Person\",\"@id\":\"https:\/\/essentia-mobilia.com\/blog\/#\/schema\/person\/f06deeaf73a4baf06738372a688cf68a\",\"name\":\"myessentiamobilia\",\"image\":{\"@type\":\"ImageObject\",\"@id\":\"https:\/\/essentia-mobilia.com\/blog\/#personlogo\",\"inLanguage\":\"fr-FR\",\"url\":\"https:\/\/secure.gravatar.com\/avatar\/bec63f027f1251faa237003116590784?s=96&d=mm&r=g\",\"caption\":\"myessentiamobilia\"},\"description\":\"A travers ce blog, je partage mes conseils de design et d\\u00e9coration int\\u00e9rieure.\"}]}<\/script>\n<!-- \/ Yoast SEO plugin. -->","_links":{"self":[{"href":"https:\/\/essentia-mobilia.com\/blog\/wp-json\/wp\/v2\/posts\/339"}],"collection":[{"href":"https:\/\/essentia-mobilia.com\/blog\/wp-json\/wp\/v2\/posts"}],"about":[{"href":"https:\/\/essentia-mobilia.com\/blog\/wp-json\/wp\/v2\/types\/post"}],"author":[{"embeddable":true,"href":"https:\/\/essentia-mobilia.com\/blog\/wp-json\/wp\/v2\/users\/1"}],"replies":[{"embeddable":true,"href":"https:\/\/essentia-mobilia.com\/blog\/wp-json\/wp\/v2\/comments?post=339"}],"version-history":[{"count":5,"href":"https:\/\/essentia-mobilia.com\/blog\/wp-json\/wp\/v2\/posts\/339\/revisions"}],"predecessor-version":[{"id":3536,"href":"https:\/\/essentia-mobilia.com\/blog\/wp-json\/wp\/v2\/posts\/339\/revisions\/3536"}],"wp:attachment":[{"href":"https:\/\/essentia-mobilia.com\/blog\/wp-json\/wp\/v2\/media?parent=339"}],"wp:term":[{"taxonomy":"category","embeddable":true,"href":"https:\/\/essentia-mobilia.com\/blog\/wp-json\/wp\/v2\/categories?post=339"},{"taxonomy":"post_tag","embeddable":true,"href":"https:\/\/essentia-mobilia.com\/blog\/wp-json\/wp\/v2\/tags?post=339"}],"curies":[{"name":"wp","href":"https:\/\/api.w.org\/{rel}","templated":true}]}}