{"id":336,"date":"2012-10-01T22:14:35","date_gmt":"2012-10-01T20:14:35","guid":{"rendered":"http:\/\/essentia-paris.com\/blog\/?p=336"},"modified":"2026-02-13T20:51:44","modified_gmt":"2026-02-13T19:51:44","slug":"lediteur-de-mobilier-airborne-a-lhonneur-pour-la-rentree-2012","status":"publish","type":"post","link":"https:\/\/essentia-mobilia.com\/blog\/lediteur-de-mobilier-airborne-a-lhonneur-pour-la-rentree-2012\/","title":{"rendered":"L&rsquo;\u00e9diteur de mobilier Airborne \u00e0 l&rsquo;honneur pour la rentr\u00e9e 2012"},"content":{"rendered":"\n<h1 class=\"wp-block-heading\">L&rsquo;\u00e9diteur de mobilier Airborne \u00e0 l&rsquo;honneur pour la rentr\u00e9e 2012<\/h1>\n\n\n\n<p><strong>Cette maison d&rsquo;\u00e9dition fran\u00e7aise Airborne\u00a0<\/strong>a \u00e9t\u00e9\u00a0cr\u00e9\u00e9e en 1951 par Charles Bernard\u00a0et s&rsquo;est sp\u00e9cialis\u00e9e dans le mobilier des ann\u00e9es 50 aux ann\u00e9es 70.\u00a0L&rsquo;\u00e9diteur a collabor\u00e9 avec des\u00a0<strong>designers prestigieux tels que Pierre Paulin, Jacques Hitier, Pierre Guarriche (fauteuil G10), Olivier Mourgue (canap\u00e9 Joker, si\u00e8ges Djinn), Danielle Quarante (fauteuil Albatros)<\/strong>. Les pi\u00e8ces font d\u00e9sormais partie des collections de grands mus\u00e9es tels que le Mus\u00e9es des Arts d\u00e9coratifs de Paris et le MOMA de New York. Airborne a \u00e9galement r\u00e9alis\u00e9 des\u00a0<strong>am\u00e9nagements int\u00e9rieurs tels que le hall d&rsquo;attente de Orly et le si\u00e8ge social d&rsquo;Air France<\/strong>\u00a0dans les ann\u00e9es 60.<\/p>\n\n\n\n<p><strong>3 \u00e9v\u00e8nements cl\u00e9s se tiennent \u00e0 Paris autour de l&rsquo;\u00e9diteur de mobilier Airborne.&nbsp;<\/strong><img loading=\"lazy\" decoding=\"async\" src=\"\/blog\/wp-content\/uploads\/2012\/09\/Airborne-%C3%A9diteur-de-mobilier-et-am%C3%A9nagement-int%C3%A9rieur.jpg\" alt=\"Airborne - \u00e9diteur de mobilier et am\u00e9nagement int\u00e9rieur\" width=\"597\" height=\"456\">2 chaises Djinn, chaise longue Djinn, canap\u00e9 Djinn, repose pied Djinn du designer Olivier Mourgue<\/p>\n\n\n\n<p><strong>&gt;&nbsp;Ev\u00e8nement aux Puces du design (lien) du 4 au 7 octobre 2012&nbsp;:<\/strong>&nbsp;red\u00e9couverte de la s\u00e9rie de si\u00e8ges \u00ab\u00a0Djinn\u00a0\u00bb utilis\u00e9s dans le film de Stanley Kubrick \u00ab\u00a02001, l&rsquo;Odyss\u00e9e de l&rsquo;Espace\u00a0\u00bb<\/p>\n\n\n\n<p><strong>&gt; Ev\u00e8nement Galerie les Modernistes<\/strong>&nbsp;du 4 au 20 octobre 2012 : pr\u00e9sentation du travail d&rsquo;archive et de photographie<\/p>\n\n\n\n<p><strong>&gt; Ev\u00e8nement Galerie Mercier et Associ\u00e9s<\/strong>&nbsp;du 4 au 21 octobre 2012 : pr\u00e9sentation de meubles d&rsquo;exception Airborne (pi\u00e8ces rares et prototypes).<\/p>\n\n\n\n<p>Pour cette occasion, la Galerie les Modernistes \u00e9dite&nbsp;<strong>un livre intitul\u00e9 \u00ab\u00a0Airborne, le design made in France 1945 &#8211; 1975\u00a0\u00bb.&nbsp;<\/strong><\/p>\n\n\n\n<figure class=\"wp-block-image\"><img decoding=\"async\" src=\"\/blog\/wp-content\/uploads\/2012\/09\/Airborne-design-made-in-France-1945-1975-Galerie-les-Modernistes.jpg\" alt=\"Airborne-design made in France 1945 - 1975 - Galerie les Modernistes\" class=\"wp-image-1023\" title=\"Airborne-design made in France 1945 - 1975 - Galerie les Modernistes\"\/><\/figure>\n\n\n\n<p><strong>&nbsp;Cr\u00e9dits et informations :<\/strong>&nbsp;Les Modernistes<\/p>\n\n\n\n<p><strong><br><a href=\"\/blog\/wp-content\/uploads\/2012\/07\/sieges-chaises-en-m%C3%A9tal-acier-inox-aluminium.jpg\"><\/a><\/strong><\/p>\n","protected":false},"excerpt":{"rendered":"<p>L&rsquo;\u00e9diteur de mobilier Airborne \u00e0 l&rsquo;honneur pour la rentr\u00e9e 2012 Cette maison d&rsquo;\u00e9dition fran\u00e7aise Airborne\u00a0a \u00e9t\u00e9\u00a0cr\u00e9\u00e9e en 1951 par Charles Bernard\u00a0et s&rsquo;est sp\u00e9cialis\u00e9e dans le mobilier des ann\u00e9es 50 aux ann\u00e9es 70.\u00a0L&rsquo;\u00e9diteur a collabor\u00e9 avec des\u00a0designers prestigieux tels que Pierre Paulin, Jacques Hitier, Pierre Guarriche (fauteuil G10), Olivier Mourgue (canap\u00e9 Joker, si\u00e8ges Djinn), Danielle Quarante [&hellip;]<\/p>\n","protected":false},"author":1,"featured_media":784,"comment_status":"open","ping_status":"open","sticky":false,"template":"","format":"standard","meta":{"footnotes":""},"categories":[32],"tags":[],"yoast_head":"<!-- This site is optimized with the Yoast SEO plugin v15.0 - https:\/\/yoast.com\/wordpress\/plugins\/seo\/ -->\n<title>L&#039;\u00e9diteur de mobilier Airborne \u00e0 l&#039;honneur pour la rentr\u00e9e 2012<\/title>\n<meta name=\"description\" content=\"Cette maison d&#039;\u00e9dition fran\u00e7aise Airborne\u00a0a \u00e9t\u00e9\u00a0cr\u00e9\u00e9e en 1951 par Charles Bernard\u00a0et s&#039;est sp\u00e9cialis\u00e9e dans le mobilier des ann\u00e9es 50 aux ann\u00e9es 70.\u00a0L&#039;\u00e9diteur a collabor\u00e9 avec des\u00a0designers prestigieux.\" \/>\n<meta name=\"robots\" content=\"index, follow, max-snippet:-1, max-image-preview:large, max-video-preview:-1\" \/>\n<link rel=\"canonical\" href=\"https:\/\/essentia-mobilia.com\/blog\/lediteur-de-mobilier-airborne-a-lhonneur-pour-la-rentree-2012\/\" \/>\n<meta property=\"og:locale\" content=\"fr_FR\" \/>\n<meta property=\"og:type\" content=\"article\" \/>\n<meta property=\"og:title\" content=\"L&#039;\u00e9diteur de mobilier Airborne \u00e0 l&#039;honneur pour la rentr\u00e9e 2012\" \/>\n<meta property=\"og:description\" content=\"Cette maison d&#039;\u00e9dition fran\u00e7aise Airborne\u00a0a \u00e9t\u00e9\u00a0cr\u00e9\u00e9e en 1951 par Charles Bernard\u00a0et s&#039;est sp\u00e9cialis\u00e9e dans le mobilier des ann\u00e9es 50 aux ann\u00e9es 70.\u00a0L&#039;\u00e9diteur a collabor\u00e9 avec des\u00a0designers prestigieux.\" \/>\n<meta property=\"og:url\" content=\"https:\/\/essentia-mobilia.com\/blog\/lediteur-de-mobilier-airborne-a-lhonneur-pour-la-rentree-2012\/\" \/>\n<meta property=\"og:site_name\" content=\"Blog d\u00e9coration et design de Essentia MOBILIA\" \/>\n<meta property=\"article:publisher\" content=\"https:\/\/www.facebook.com\/EssentiaMobilia\" \/>\n<meta property=\"article:published_time\" content=\"2012-10-01T20:14:35+00:00\" \/>\n<meta property=\"article:modified_time\" content=\"2026-02-13T19:51:44+00:00\" \/>\n<meta property=\"og:image\" content=\"https:\/\/essentia-mobilia.com\/blog\/wp-content\/uploads\/2012\/11\/52-Airborne-editeur-de-mobilier-et-amenagement-interieur.jpg\" \/>\n\t<meta property=\"og:image:width\" content=\"597\" \/>\n\t<meta property=\"og:image:height\" content=\"456\" \/>\n<meta name=\"twitter:card\" content=\"summary_large_image\" \/>\n<script type=\"application\/ld+json\" class=\"yoast-schema-graph\">{\"@context\":\"https:\/\/schema.org\",\"@graph\":[{\"@type\":\"Organization\",\"@id\":\"https:\/\/essentia-mobilia.com\/blog\/#organization\",\"name\":\"Essentia MOBILIA\",\"url\":\"https:\/\/essentia-mobilia.com\/blog\/\",\"sameAs\":[\"https:\/\/www.facebook.com\/EssentiaMobilia\",\"https:\/\/www.instagram.com\/essentiamobilia\/\",\"https:\/\/fr.pinterest.com\/essentia_mobilia\/\"],\"logo\":{\"@type\":\"ImageObject\",\"@id\":\"https:\/\/essentia-mobilia.com\/blog\/#logo\",\"inLanguage\":\"fr-FR\",\"url\":\"https:\/\/essentia-mobilia.com\/blog\/wp-content\/uploads\/2023\/12\/cropped-essentia-mobilia-logo.jpg\",\"width\":171,\"height\":73,\"caption\":\"Essentia MOBILIA\"},\"image\":{\"@id\":\"https:\/\/essentia-mobilia.com\/blog\/#logo\"}},{\"@type\":\"WebSite\",\"@id\":\"https:\/\/essentia-mobilia.com\/blog\/#website\",\"url\":\"https:\/\/essentia-mobilia.com\/blog\/\",\"name\":\"Blog d\\u00e9coration et design de Essentia MOBILIA\",\"description\":\"\",\"publisher\":{\"@id\":\"https:\/\/essentia-mobilia.com\/blog\/#organization\"},\"potentialAction\":[{\"@type\":\"SearchAction\",\"target\":\"https:\/\/essentia-mobilia.com\/blog\/?s={search_term_string}\",\"query-input\":\"required name=search_term_string\"}],\"inLanguage\":\"fr-FR\"},{\"@type\":\"ImageObject\",\"@id\":\"https:\/\/essentia-mobilia.com\/blog\/lediteur-de-mobilier-airborne-a-lhonneur-pour-la-rentree-2012\/#primaryimage\",\"inLanguage\":\"fr-FR\",\"url\":\"https:\/\/essentia-mobilia.com\/blog\/wp-content\/uploads\/2012\/11\/52-Airborne-editeur-de-mobilier-et-amenagement-interieur.jpg\",\"width\":597,\"height\":456},{\"@type\":\"WebPage\",\"@id\":\"https:\/\/essentia-mobilia.com\/blog\/lediteur-de-mobilier-airborne-a-lhonneur-pour-la-rentree-2012\/#webpage\",\"url\":\"https:\/\/essentia-mobilia.com\/blog\/lediteur-de-mobilier-airborne-a-lhonneur-pour-la-rentree-2012\/\",\"name\":\"L'\\u00e9diteur de mobilier Airborne \\u00e0 l'honneur pour la rentr\\u00e9e 2012\",\"isPartOf\":{\"@id\":\"https:\/\/essentia-mobilia.com\/blog\/#website\"},\"primaryImageOfPage\":{\"@id\":\"https:\/\/essentia-mobilia.com\/blog\/lediteur-de-mobilier-airborne-a-lhonneur-pour-la-rentree-2012\/#primaryimage\"},\"datePublished\":\"2012-10-01T20:14:35+00:00\",\"dateModified\":\"2026-02-13T19:51:44+00:00\",\"description\":\"Cette maison d'\\u00e9dition fran\\u00e7aise Airborne\\u00a0a \\u00e9t\\u00e9\\u00a0cr\\u00e9\\u00e9e en 1951 par Charles Bernard\\u00a0et s'est sp\\u00e9cialis\\u00e9e dans le mobilier des ann\\u00e9es 50 aux ann\\u00e9es 70.\\u00a0L'\\u00e9diteur a collabor\\u00e9 avec des\\u00a0designers prestigieux.\",\"breadcrumb\":{\"@id\":\"https:\/\/essentia-mobilia.com\/blog\/lediteur-de-mobilier-airborne-a-lhonneur-pour-la-rentree-2012\/#breadcrumb\"},\"inLanguage\":\"fr-FR\",\"potentialAction\":[{\"@type\":\"ReadAction\",\"target\":[\"https:\/\/essentia-mobilia.com\/blog\/lediteur-de-mobilier-airborne-a-lhonneur-pour-la-rentree-2012\/\"]}]},{\"@type\":\"BreadcrumbList\",\"@id\":\"https:\/\/essentia-mobilia.com\/blog\/lediteur-de-mobilier-airborne-a-lhonneur-pour-la-rentree-2012\/#breadcrumb\",\"itemListElement\":[{\"@type\":\"ListItem\",\"position\":1,\"item\":{\"@type\":\"WebPage\",\"@id\":\"https:\/\/essentia-mobilia.com\/blog\/\",\"url\":\"https:\/\/essentia-mobilia.com\/blog\/\",\"name\":\"Accueil\"}},{\"@type\":\"ListItem\",\"position\":2,\"item\":{\"@type\":\"WebPage\",\"@id\":\"https:\/\/essentia-mobilia.com\/blog\/lediteur-de-mobilier-airborne-a-lhonneur-pour-la-rentree-2012\/\",\"url\":\"https:\/\/essentia-mobilia.com\/blog\/lediteur-de-mobilier-airborne-a-lhonneur-pour-la-rentree-2012\/\",\"name\":\"L&rsquo;\\u00e9diteur de mobilier Airborne \\u00e0 l&rsquo;honneur pour la rentr\\u00e9e 2012\"}}]},{\"@type\":\"Article\",\"@id\":\"https:\/\/essentia-mobilia.com\/blog\/lediteur-de-mobilier-airborne-a-lhonneur-pour-la-rentree-2012\/#article\",\"isPartOf\":{\"@id\":\"https:\/\/essentia-mobilia.com\/blog\/lediteur-de-mobilier-airborne-a-lhonneur-pour-la-rentree-2012\/#webpage\"},\"author\":{\"@id\":\"https:\/\/essentia-mobilia.com\/blog\/#\/schema\/person\/f06deeaf73a4baf06738372a688cf68a\"},\"headline\":\"L&rsquo;\\u00e9diteur de mobilier Airborne \\u00e0 l&rsquo;honneur pour la rentr\\u00e9e 2012\",\"datePublished\":\"2012-10-01T20:14:35+00:00\",\"dateModified\":\"2026-02-13T19:51:44+00:00\",\"mainEntityOfPage\":{\"@id\":\"https:\/\/essentia-mobilia.com\/blog\/lediteur-de-mobilier-airborne-a-lhonneur-pour-la-rentree-2012\/#webpage\"},\"commentCount\":0,\"publisher\":{\"@id\":\"https:\/\/essentia-mobilia.com\/blog\/#organization\"},\"image\":{\"@id\":\"https:\/\/essentia-mobilia.com\/blog\/lediteur-de-mobilier-airborne-a-lhonneur-pour-la-rentree-2012\/#primaryimage\"},\"articleSection\":\"Mobilier design\",\"inLanguage\":\"fr-FR\",\"potentialAction\":[{\"@type\":\"CommentAction\",\"name\":\"Comment\",\"target\":[\"https:\/\/essentia-mobilia.com\/blog\/lediteur-de-mobilier-airborne-a-lhonneur-pour-la-rentree-2012\/#respond\"]}]},{\"@type\":\"Person\",\"@id\":\"https:\/\/essentia-mobilia.com\/blog\/#\/schema\/person\/f06deeaf73a4baf06738372a688cf68a\",\"name\":\"myessentiamobilia\",\"image\":{\"@type\":\"ImageObject\",\"@id\":\"https:\/\/essentia-mobilia.com\/blog\/#personlogo\",\"inLanguage\":\"fr-FR\",\"url\":\"https:\/\/secure.gravatar.com\/avatar\/bec63f027f1251faa237003116590784?s=96&d=mm&r=g\",\"caption\":\"myessentiamobilia\"},\"description\":\"A travers ce blog, je partage mes conseils de design et d\\u00e9coration int\\u00e9rieure.\"}]}<\/script>\n<!-- \/ Yoast SEO plugin. -->","_links":{"self":[{"href":"https:\/\/essentia-mobilia.com\/blog\/wp-json\/wp\/v2\/posts\/336"}],"collection":[{"href":"https:\/\/essentia-mobilia.com\/blog\/wp-json\/wp\/v2\/posts"}],"about":[{"href":"https:\/\/essentia-mobilia.com\/blog\/wp-json\/wp\/v2\/types\/post"}],"author":[{"embeddable":true,"href":"https:\/\/essentia-mobilia.com\/blog\/wp-json\/wp\/v2\/users\/1"}],"replies":[{"embeddable":true,"href":"https:\/\/essentia-mobilia.com\/blog\/wp-json\/wp\/v2\/comments?post=336"}],"version-history":[{"count":8,"href":"https:\/\/essentia-mobilia.com\/blog\/wp-json\/wp\/v2\/posts\/336\/revisions"}],"predecessor-version":[{"id":3533,"href":"https:\/\/essentia-mobilia.com\/blog\/wp-json\/wp\/v2\/posts\/336\/revisions\/3533"}],"wp:featuredmedia":[{"embeddable":true,"href":"https:\/\/essentia-mobilia.com\/blog\/wp-json\/wp\/v2\/media\/784"}],"wp:attachment":[{"href":"https:\/\/essentia-mobilia.com\/blog\/wp-json\/wp\/v2\/media?parent=336"}],"wp:term":[{"taxonomy":"category","embeddable":true,"href":"https:\/\/essentia-mobilia.com\/blog\/wp-json\/wp\/v2\/categories?post=336"},{"taxonomy":"post_tag","embeddable":true,"href":"https:\/\/essentia-mobilia.com\/blog\/wp-json\/wp\/v2\/tags?post=336"}],"curies":[{"name":"wp","href":"https:\/\/api.w.org\/{rel}","templated":true}]}}