{"id":335,"date":"2012-10-03T22:14:35","date_gmt":"2012-10-03T20:14:35","guid":{"rendered":"http:\/\/essentia-paris.com\/blog\/?p=335"},"modified":"2026-02-13T20:51:32","modified_gmt":"2026-02-13T19:51:32","slug":"le-face-a-face-des-createurs-de-mobilier-et-des-materiaux","status":"publish","type":"post","link":"https:\/\/essentia-mobilia.com\/blog\/le-face-a-face-des-createurs-de-mobilier-et-des-materiaux\/","title":{"rendered":"Le face \u00e0 face des cr\u00e9ateurs de mobilier et des mat\u00e9riaux"},"content":{"rendered":"\n<h1 class=\"wp-block-heading\">Le face \u00e0 face des cr\u00e9ateurs de mobilier et des mat\u00e9riaux<\/h1>\n\n\n\n<p>Apr\u00e8s les expositions\u00a0<strong>Conversation avec la Lumi\u00e8re<\/strong>\u00a0au Printemps (photographie) et\u00a0<strong>Conversation avec l&rsquo;image<\/strong>\u00a0en \u00e9t\u00e9 (peinture), l &lsquo;Association culturelle\u00a0<strong>le Groupe des Cinq<\/strong>\u00a0organise \u00e0 Bordeaux l&rsquo;exposition\u00a0<strong>Conversation avec la Mati\u00e8re<\/strong>\u00a0cet automne (design). Le commissaire d&rsquo;exposition\u00a0Roseline Giusti invite quatre cr\u00e9ateurs pour pr\u00e9senter leurs travaux : Samuel Accoceberry, Marie Compagnon, Vincent Poujardieu, Ga\u00ebl Wuithier. A la mani\u00e8re de Jean Prouv\u00e9 qui s&rsquo;interroge \u00ab\u00a0que pense le mat\u00e9riau ?\u00a0\u00bb,<strong>\u00a0les quatre artistes invitent au questionnement sur les mat\u00e9riaux qu&rsquo;ils utilisent.\u00a0<\/strong><a href=\"\/blog\/wp-content\/uploads\/2012\/09\/designer-Samuel-Accoceberry-conversation-avec-la-mati%C3%A8re-design1.jpg\"><\/a>Landa Accessoires en ch\u00eane, accessoires tapiss\u00e9s de laine, by Samuel Accoceberry &#8211; Edition Alki<a href=\"\/blog\/wp-content\/uploads\/2012\/09\/designer-Vincent-Poujardieu-conversation-avec-la-mati%C3%A8re-design.jpg\"><\/a>Etag\u00e8re Vacuum en structure aluminium by Vincent Poujardieu &#8211; \u00e9dition Euro Shelter<\/p>\n\n\n\n<p><strong>Cr\u00e9dits :<\/strong>&nbsp;dossier de presse Groupedescinq<\/p>\n\n\n\n<p><strong>Vous aimerez peut-\u00eatre aussi :<\/strong>&nbsp;<a href=\"\/\">Essentia MOBILIA<\/a>&nbsp;accorde une grande importance aux mat\u00e9riaux utilis\u00e9s pour ses collections. Les mat\u00e9riaux participent pleinement \u00e0 la personnalit\u00e9 du meuble.&nbsp;Essentia MOBILIA&nbsp;ouvre largement son catalogue aux&nbsp;meubles r\u00e9alis\u00e9s en m\u00e9tal (aluminium ou acier inox)&nbsp;&nbsp;et&nbsp;aux meubles en bois massif (ch\u00eane, fr\u00eane, \u00e9rable, acajou&#8230;).<\/p>\n","protected":false},"excerpt":{"rendered":"<p>Le face \u00e0 face des cr\u00e9ateurs de mobilier et des mat\u00e9riaux Apr\u00e8s les expositions\u00a0Conversation avec la Lumi\u00e8re\u00a0au Printemps (photographie) et\u00a0Conversation avec l&rsquo;image\u00a0en \u00e9t\u00e9 (peinture), l &lsquo;Association culturelle\u00a0le Groupe des Cinq\u00a0organise \u00e0 Bordeaux l&rsquo;exposition\u00a0Conversation avec la Mati\u00e8re\u00a0cet automne (design). Le commissaire d&rsquo;exposition\u00a0Roseline Giusti invite quatre cr\u00e9ateurs pour pr\u00e9senter leurs travaux : Samuel Accoceberry, Marie Compagnon, Vincent [&hellip;]<\/p>\n","protected":false},"author":1,"featured_media":0,"comment_status":"open","ping_status":"open","sticky":false,"template":"","format":"standard","meta":{"footnotes":""},"categories":[32],"tags":[],"yoast_head":"<!-- This site is optimized with the Yoast SEO plugin v15.0 - https:\/\/yoast.com\/wordpress\/plugins\/seo\/ -->\n<title>Le face \u00e0 face des cr\u00e9ateurs de mobilier et des mat\u00e9riaux<\/title>\n<meta name=\"description\" content=\"Apr\u00e8s les expositions\u00a0Conversation avec la Lumi\u00e8re\u00a0au Printemps (photographie) et\u00a0Conversation avec l&#039;image\u00a0en \u00e9t\u00e9 (peinture), l &#039;Association culturelle\u00a0le Groupe des Cinq\u00a0organise \u00e0 Bordeaux l&#039;exposition\u00a0Conversation avec la Mati\u00e8re\u00a0cet automne (design).\" \/>\n<meta name=\"robots\" content=\"index, follow, max-snippet:-1, max-image-preview:large, max-video-preview:-1\" \/>\n<link rel=\"canonical\" href=\"https:\/\/essentia-mobilia.com\/blog\/le-face-a-face-des-createurs-de-mobilier-et-des-materiaux\/\" \/>\n<meta property=\"og:locale\" content=\"fr_FR\" \/>\n<meta property=\"og:type\" content=\"article\" \/>\n<meta property=\"og:title\" content=\"Le face \u00e0 face des cr\u00e9ateurs de mobilier et des mat\u00e9riaux\" \/>\n<meta property=\"og:description\" content=\"Apr\u00e8s les expositions\u00a0Conversation avec la Lumi\u00e8re\u00a0au Printemps (photographie) et\u00a0Conversation avec l&#039;image\u00a0en \u00e9t\u00e9 (peinture), l &#039;Association culturelle\u00a0le Groupe des Cinq\u00a0organise \u00e0 Bordeaux l&#039;exposition\u00a0Conversation avec la Mati\u00e8re\u00a0cet automne (design).\" \/>\n<meta property=\"og:url\" content=\"https:\/\/essentia-mobilia.com\/blog\/le-face-a-face-des-createurs-de-mobilier-et-des-materiaux\/\" \/>\n<meta property=\"og:site_name\" content=\"Blog d\u00e9coration et design de Essentia MOBILIA\" \/>\n<meta property=\"article:publisher\" content=\"https:\/\/www.facebook.com\/EssentiaMobilia\" \/>\n<meta property=\"article:published_time\" content=\"2012-10-03T20:14:35+00:00\" \/>\n<meta property=\"article:modified_time\" content=\"2026-02-13T19:51:32+00:00\" \/>\n<meta name=\"twitter:card\" content=\"summary_large_image\" \/>\n<script type=\"application\/ld+json\" class=\"yoast-schema-graph\">{\"@context\":\"https:\/\/schema.org\",\"@graph\":[{\"@type\":\"Organization\",\"@id\":\"https:\/\/essentia-mobilia.com\/blog\/#organization\",\"name\":\"Essentia MOBILIA\",\"url\":\"https:\/\/essentia-mobilia.com\/blog\/\",\"sameAs\":[\"https:\/\/www.facebook.com\/EssentiaMobilia\",\"https:\/\/www.instagram.com\/essentiamobilia\/\",\"https:\/\/fr.pinterest.com\/essentia_mobilia\/\"],\"logo\":{\"@type\":\"ImageObject\",\"@id\":\"https:\/\/essentia-mobilia.com\/blog\/#logo\",\"inLanguage\":\"fr-FR\",\"url\":\"https:\/\/essentia-mobilia.com\/blog\/wp-content\/uploads\/2023\/12\/cropped-essentia-mobilia-logo.jpg\",\"width\":171,\"height\":73,\"caption\":\"Essentia MOBILIA\"},\"image\":{\"@id\":\"https:\/\/essentia-mobilia.com\/blog\/#logo\"}},{\"@type\":\"WebSite\",\"@id\":\"https:\/\/essentia-mobilia.com\/blog\/#website\",\"url\":\"https:\/\/essentia-mobilia.com\/blog\/\",\"name\":\"Blog d\\u00e9coration et design de Essentia MOBILIA\",\"description\":\"\",\"publisher\":{\"@id\":\"https:\/\/essentia-mobilia.com\/blog\/#organization\"},\"potentialAction\":[{\"@type\":\"SearchAction\",\"target\":\"https:\/\/essentia-mobilia.com\/blog\/?s={search_term_string}\",\"query-input\":\"required name=search_term_string\"}],\"inLanguage\":\"fr-FR\"},{\"@type\":\"WebPage\",\"@id\":\"https:\/\/essentia-mobilia.com\/blog\/le-face-a-face-des-createurs-de-mobilier-et-des-materiaux\/#webpage\",\"url\":\"https:\/\/essentia-mobilia.com\/blog\/le-face-a-face-des-createurs-de-mobilier-et-des-materiaux\/\",\"name\":\"Le face \\u00e0 face des cr\\u00e9ateurs de mobilier et des mat\\u00e9riaux\",\"isPartOf\":{\"@id\":\"https:\/\/essentia-mobilia.com\/blog\/#website\"},\"datePublished\":\"2012-10-03T20:14:35+00:00\",\"dateModified\":\"2026-02-13T19:51:32+00:00\",\"description\":\"Apr\\u00e8s les expositions\\u00a0Conversation avec la Lumi\\u00e8re\\u00a0au Printemps (photographie) et\\u00a0Conversation avec l'image\\u00a0en \\u00e9t\\u00e9 (peinture), l 'Association culturelle\\u00a0le Groupe des Cinq\\u00a0organise \\u00e0 Bordeaux l'exposition\\u00a0Conversation avec la Mati\\u00e8re\\u00a0cet automne (design).\",\"breadcrumb\":{\"@id\":\"https:\/\/essentia-mobilia.com\/blog\/le-face-a-face-des-createurs-de-mobilier-et-des-materiaux\/#breadcrumb\"},\"inLanguage\":\"fr-FR\",\"potentialAction\":[{\"@type\":\"ReadAction\",\"target\":[\"https:\/\/essentia-mobilia.com\/blog\/le-face-a-face-des-createurs-de-mobilier-et-des-materiaux\/\"]}]},{\"@type\":\"BreadcrumbList\",\"@id\":\"https:\/\/essentia-mobilia.com\/blog\/le-face-a-face-des-createurs-de-mobilier-et-des-materiaux\/#breadcrumb\",\"itemListElement\":[{\"@type\":\"ListItem\",\"position\":1,\"item\":{\"@type\":\"WebPage\",\"@id\":\"https:\/\/essentia-mobilia.com\/blog\/\",\"url\":\"https:\/\/essentia-mobilia.com\/blog\/\",\"name\":\"Accueil\"}},{\"@type\":\"ListItem\",\"position\":2,\"item\":{\"@type\":\"WebPage\",\"@id\":\"https:\/\/essentia-mobilia.com\/blog\/le-face-a-face-des-createurs-de-mobilier-et-des-materiaux\/\",\"url\":\"https:\/\/essentia-mobilia.com\/blog\/le-face-a-face-des-createurs-de-mobilier-et-des-materiaux\/\",\"name\":\"Le face \\u00e0 face des cr\\u00e9ateurs de mobilier et des mat\\u00e9riaux\"}}]},{\"@type\":\"Article\",\"@id\":\"https:\/\/essentia-mobilia.com\/blog\/le-face-a-face-des-createurs-de-mobilier-et-des-materiaux\/#article\",\"isPartOf\":{\"@id\":\"https:\/\/essentia-mobilia.com\/blog\/le-face-a-face-des-createurs-de-mobilier-et-des-materiaux\/#webpage\"},\"author\":{\"@id\":\"https:\/\/essentia-mobilia.com\/blog\/#\/schema\/person\/f06deeaf73a4baf06738372a688cf68a\"},\"headline\":\"Le face \\u00e0 face des cr\\u00e9ateurs de mobilier et des mat\\u00e9riaux\",\"datePublished\":\"2012-10-03T20:14:35+00:00\",\"dateModified\":\"2026-02-13T19:51:32+00:00\",\"mainEntityOfPage\":{\"@id\":\"https:\/\/essentia-mobilia.com\/blog\/le-face-a-face-des-createurs-de-mobilier-et-des-materiaux\/#webpage\"},\"commentCount\":0,\"publisher\":{\"@id\":\"https:\/\/essentia-mobilia.com\/blog\/#organization\"},\"articleSection\":\"Mobilier design\",\"inLanguage\":\"fr-FR\",\"potentialAction\":[{\"@type\":\"CommentAction\",\"name\":\"Comment\",\"target\":[\"https:\/\/essentia-mobilia.com\/blog\/le-face-a-face-des-createurs-de-mobilier-et-des-materiaux\/#respond\"]}]},{\"@type\":\"Person\",\"@id\":\"https:\/\/essentia-mobilia.com\/blog\/#\/schema\/person\/f06deeaf73a4baf06738372a688cf68a\",\"name\":\"myessentiamobilia\",\"image\":{\"@type\":\"ImageObject\",\"@id\":\"https:\/\/essentia-mobilia.com\/blog\/#personlogo\",\"inLanguage\":\"fr-FR\",\"url\":\"https:\/\/secure.gravatar.com\/avatar\/bec63f027f1251faa237003116590784?s=96&d=mm&r=g\",\"caption\":\"myessentiamobilia\"},\"description\":\"A travers ce blog, je partage mes conseils de design et d\\u00e9coration int\\u00e9rieure.\"}]}<\/script>\n<!-- \/ Yoast SEO plugin. -->","_links":{"self":[{"href":"https:\/\/essentia-mobilia.com\/blog\/wp-json\/wp\/v2\/posts\/335"}],"collection":[{"href":"https:\/\/essentia-mobilia.com\/blog\/wp-json\/wp\/v2\/posts"}],"about":[{"href":"https:\/\/essentia-mobilia.com\/blog\/wp-json\/wp\/v2\/types\/post"}],"author":[{"embeddable":true,"href":"https:\/\/essentia-mobilia.com\/blog\/wp-json\/wp\/v2\/users\/1"}],"replies":[{"embeddable":true,"href":"https:\/\/essentia-mobilia.com\/blog\/wp-json\/wp\/v2\/comments?post=335"}],"version-history":[{"count":3,"href":"https:\/\/essentia-mobilia.com\/blog\/wp-json\/wp\/v2\/posts\/335\/revisions"}],"predecessor-version":[{"id":3532,"href":"https:\/\/essentia-mobilia.com\/blog\/wp-json\/wp\/v2\/posts\/335\/revisions\/3532"}],"wp:attachment":[{"href":"https:\/\/essentia-mobilia.com\/blog\/wp-json\/wp\/v2\/media?parent=335"}],"wp:term":[{"taxonomy":"category","embeddable":true,"href":"https:\/\/essentia-mobilia.com\/blog\/wp-json\/wp\/v2\/categories?post=335"},{"taxonomy":"post_tag","embeddable":true,"href":"https:\/\/essentia-mobilia.com\/blog\/wp-json\/wp\/v2\/tags?post=335"}],"curies":[{"name":"wp","href":"https:\/\/api.w.org\/{rel}","templated":true}]}}