{"id":329,"date":"2012-08-17T22:14:32","date_gmt":"2012-08-17T20:14:32","guid":{"rendered":"http:\/\/essentia-paris.com\/blog\/?p=329"},"modified":"2026-02-13T20:57:00","modified_gmt":"2026-02-13T19:57:00","slug":"3-tendances-sur-le-marche-des-antiquites","status":"publish","type":"post","link":"https:\/\/essentia-mobilia.com\/blog\/3-tendances-sur-le-marche-des-antiquites\/","title":{"rendered":"3 tendances sur le march\u00e9 des antiquit\u00e9s"},"content":{"rendered":"\n<h1 class=\"wp-block-heading\">3 tendances sur le march\u00e9 des antiquit\u00e9s<\/h1>\n\n\n<div class=\"wp-block-image\">\n<figure class=\"alignleft\"><img decoding=\"async\" src=\"\/blog\/wp-content\/uploads\/2012\/07\/March%C3%A9-des-antiquit%C3%A9s-brocante.jpg\" alt=\"march\u00e9 des antiquit\u00e9s et brocante - grandes tendances\" class=\"wp-image-728\" title=\"march\u00e9 des antiquit\u00e9s et brocante\"\/><\/figure><\/div>\n\n\n<p><strong>Le quotidien Sud-Ouest<\/strong>\u00a0a interview\u00e9 d\u00e9but juillet\u00a0<strong>Jacques Dubourg<\/strong>. Il quitte ses fonctions de Pr\u00e9sident de la\u00a0<strong>Chambre syndicale des antiquaires et brocanteurs<\/strong>\u00a0de Bordeaux apr\u00e8s 15 ans de service. Il dresse lors de cette interview quelques traits marquants de l&rsquo;\u00e9volution de la profession.<\/p>\n\n\n\n<p>En particulier :<br>&#8211;&nbsp;<strong>l&rsquo;\u00e9closion des site Internet sp\u00e9cialis\u00e9s<\/strong>&nbsp;qui a entra\u00een\u00e9 une r\u00e9duction des surfaces physiques de vente<br>&#8211;&nbsp;<strong>le succ\u00e8s toujours intacts des foires et salons<br><\/strong>&#8211; la r\u00e9sistance des objets d&rsquo;art mais pas du<strong>&nbsp;mobilier ancien, qui ne trouve plus preneur<\/strong><\/p>\n\n\n\n<p>Article \u00e0 retrouver en int\u00e9gralit\u00e9&nbsp;:&nbsp;Sud-Ouest<\/p>\n","protected":false},"excerpt":{"rendered":"<p>3 tendances sur le march\u00e9 des antiquit\u00e9s Le quotidien Sud-Ouest\u00a0a interview\u00e9 d\u00e9but juillet\u00a0Jacques Dubourg. Il quitte ses fonctions de Pr\u00e9sident de la\u00a0Chambre syndicale des antiquaires et brocanteurs\u00a0de Bordeaux apr\u00e8s 15 ans de service. Il dresse lors de cette interview quelques traits marquants de l&rsquo;\u00e9volution de la profession. En particulier :&#8211;&nbsp;l&rsquo;\u00e9closion des site Internet sp\u00e9cialis\u00e9s&nbsp;qui a [&hellip;]<\/p>\n","protected":false},"author":1,"featured_media":791,"comment_status":"open","ping_status":"open","sticky":false,"template":"","format":"standard","meta":{"footnotes":""},"categories":[32],"tags":[],"yoast_head":"<!-- This site is optimized with the Yoast SEO plugin v15.0 - https:\/\/yoast.com\/wordpress\/plugins\/seo\/ -->\n<title>3 tendances sur le march\u00e9 des antiquit\u00e9s<\/title>\n<meta name=\"description\" content=\"Jacques Dubourg dresse lors de cette interview quelques traits marquants de l&#039;\u00e9volution de la profession.\" \/>\n<meta name=\"robots\" content=\"index, follow, max-snippet:-1, max-image-preview:large, max-video-preview:-1\" \/>\n<link rel=\"canonical\" href=\"https:\/\/essentia-mobilia.com\/blog\/3-tendances-sur-le-marche-des-antiquites\/\" \/>\n<meta property=\"og:locale\" content=\"fr_FR\" \/>\n<meta property=\"og:type\" content=\"article\" \/>\n<meta property=\"og:title\" content=\"3 tendances sur le march\u00e9 des antiquit\u00e9s\" \/>\n<meta property=\"og:description\" content=\"Jacques Dubourg dresse lors de cette interview quelques traits marquants de l&#039;\u00e9volution de la profession.\" \/>\n<meta property=\"og:url\" content=\"https:\/\/essentia-mobilia.com\/blog\/3-tendances-sur-le-marche-des-antiquites\/\" \/>\n<meta property=\"og:site_name\" content=\"Blog d\u00e9coration et design de Essentia MOBILIA\" \/>\n<meta property=\"article:publisher\" content=\"https:\/\/www.facebook.com\/EssentiaMobilia\" \/>\n<meta property=\"article:published_time\" content=\"2012-08-17T20:14:32+00:00\" \/>\n<meta property=\"article:modified_time\" content=\"2026-02-13T19:57:00+00:00\" \/>\n<meta property=\"og:image\" content=\"https:\/\/essentia-mobilia.com\/blog\/wp-content\/uploads\/2012\/11\/60-Marche-des-antiquites-brocante.jpg\" \/>\n\t<meta property=\"og:image:width\" content=\"425\" \/>\n\t<meta property=\"og:image:height\" content=\"283\" \/>\n<meta name=\"twitter:card\" content=\"summary_large_image\" \/>\n<script type=\"application\/ld+json\" class=\"yoast-schema-graph\">{\"@context\":\"https:\/\/schema.org\",\"@graph\":[{\"@type\":\"Organization\",\"@id\":\"https:\/\/essentia-mobilia.com\/blog\/#organization\",\"name\":\"Essentia MOBILIA\",\"url\":\"https:\/\/essentia-mobilia.com\/blog\/\",\"sameAs\":[\"https:\/\/www.facebook.com\/EssentiaMobilia\",\"https:\/\/www.instagram.com\/essentiamobilia\/\",\"https:\/\/fr.pinterest.com\/essentia_mobilia\/\"],\"logo\":{\"@type\":\"ImageObject\",\"@id\":\"https:\/\/essentia-mobilia.com\/blog\/#logo\",\"inLanguage\":\"fr-FR\",\"url\":\"https:\/\/essentia-mobilia.com\/blog\/wp-content\/uploads\/2023\/12\/cropped-essentia-mobilia-logo.jpg\",\"width\":171,\"height\":73,\"caption\":\"Essentia MOBILIA\"},\"image\":{\"@id\":\"https:\/\/essentia-mobilia.com\/blog\/#logo\"}},{\"@type\":\"WebSite\",\"@id\":\"https:\/\/essentia-mobilia.com\/blog\/#website\",\"url\":\"https:\/\/essentia-mobilia.com\/blog\/\",\"name\":\"Blog d\\u00e9coration et design de Essentia MOBILIA\",\"description\":\"\",\"publisher\":{\"@id\":\"https:\/\/essentia-mobilia.com\/blog\/#organization\"},\"potentialAction\":[{\"@type\":\"SearchAction\",\"target\":\"https:\/\/essentia-mobilia.com\/blog\/?s={search_term_string}\",\"query-input\":\"required name=search_term_string\"}],\"inLanguage\":\"fr-FR\"},{\"@type\":\"ImageObject\",\"@id\":\"https:\/\/essentia-mobilia.com\/blog\/3-tendances-sur-le-marche-des-antiquites\/#primaryimage\",\"inLanguage\":\"fr-FR\",\"url\":\"https:\/\/essentia-mobilia.com\/blog\/wp-content\/uploads\/2012\/11\/60-Marche-des-antiquites-brocante.jpg\",\"width\":425,\"height\":283},{\"@type\":\"WebPage\",\"@id\":\"https:\/\/essentia-mobilia.com\/blog\/3-tendances-sur-le-marche-des-antiquites\/#webpage\",\"url\":\"https:\/\/essentia-mobilia.com\/blog\/3-tendances-sur-le-marche-des-antiquites\/\",\"name\":\"3 tendances sur le march\\u00e9 des antiquit\\u00e9s\",\"isPartOf\":{\"@id\":\"https:\/\/essentia-mobilia.com\/blog\/#website\"},\"primaryImageOfPage\":{\"@id\":\"https:\/\/essentia-mobilia.com\/blog\/3-tendances-sur-le-marche-des-antiquites\/#primaryimage\"},\"datePublished\":\"2012-08-17T20:14:32+00:00\",\"dateModified\":\"2026-02-13T19:57:00+00:00\",\"description\":\"Jacques Dubourg dresse lors de cette interview quelques traits marquants de l'\\u00e9volution de la profession.\",\"breadcrumb\":{\"@id\":\"https:\/\/essentia-mobilia.com\/blog\/3-tendances-sur-le-marche-des-antiquites\/#breadcrumb\"},\"inLanguage\":\"fr-FR\",\"potentialAction\":[{\"@type\":\"ReadAction\",\"target\":[\"https:\/\/essentia-mobilia.com\/blog\/3-tendances-sur-le-marche-des-antiquites\/\"]}]},{\"@type\":\"BreadcrumbList\",\"@id\":\"https:\/\/essentia-mobilia.com\/blog\/3-tendances-sur-le-marche-des-antiquites\/#breadcrumb\",\"itemListElement\":[{\"@type\":\"ListItem\",\"position\":1,\"item\":{\"@type\":\"WebPage\",\"@id\":\"https:\/\/essentia-mobilia.com\/blog\/\",\"url\":\"https:\/\/essentia-mobilia.com\/blog\/\",\"name\":\"Accueil\"}},{\"@type\":\"ListItem\",\"position\":2,\"item\":{\"@type\":\"WebPage\",\"@id\":\"https:\/\/essentia-mobilia.com\/blog\/3-tendances-sur-le-marche-des-antiquites\/\",\"url\":\"https:\/\/essentia-mobilia.com\/blog\/3-tendances-sur-le-marche-des-antiquites\/\",\"name\":\"3 tendances sur le march\\u00e9 des antiquit\\u00e9s\"}}]},{\"@type\":\"Article\",\"@id\":\"https:\/\/essentia-mobilia.com\/blog\/3-tendances-sur-le-marche-des-antiquites\/#article\",\"isPartOf\":{\"@id\":\"https:\/\/essentia-mobilia.com\/blog\/3-tendances-sur-le-marche-des-antiquites\/#webpage\"},\"author\":{\"@id\":\"https:\/\/essentia-mobilia.com\/blog\/#\/schema\/person\/f06deeaf73a4baf06738372a688cf68a\"},\"headline\":\"3 tendances sur le march\\u00e9 des antiquit\\u00e9s\",\"datePublished\":\"2012-08-17T20:14:32+00:00\",\"dateModified\":\"2026-02-13T19:57:00+00:00\",\"mainEntityOfPage\":{\"@id\":\"https:\/\/essentia-mobilia.com\/blog\/3-tendances-sur-le-marche-des-antiquites\/#webpage\"},\"commentCount\":0,\"publisher\":{\"@id\":\"https:\/\/essentia-mobilia.com\/blog\/#organization\"},\"image\":{\"@id\":\"https:\/\/essentia-mobilia.com\/blog\/3-tendances-sur-le-marche-des-antiquites\/#primaryimage\"},\"articleSection\":\"Mobilier design\",\"inLanguage\":\"fr-FR\",\"potentialAction\":[{\"@type\":\"CommentAction\",\"name\":\"Comment\",\"target\":[\"https:\/\/essentia-mobilia.com\/blog\/3-tendances-sur-le-marche-des-antiquites\/#respond\"]}]},{\"@type\":\"Person\",\"@id\":\"https:\/\/essentia-mobilia.com\/blog\/#\/schema\/person\/f06deeaf73a4baf06738372a688cf68a\",\"name\":\"myessentiamobilia\",\"image\":{\"@type\":\"ImageObject\",\"@id\":\"https:\/\/essentia-mobilia.com\/blog\/#personlogo\",\"inLanguage\":\"fr-FR\",\"url\":\"https:\/\/secure.gravatar.com\/avatar\/bec63f027f1251faa237003116590784?s=96&d=mm&r=g\",\"caption\":\"myessentiamobilia\"},\"description\":\"A travers ce blog, je partage mes conseils de design et d\\u00e9coration int\\u00e9rieure.\"}]}<\/script>\n<!-- \/ Yoast SEO plugin. -->","_links":{"self":[{"href":"https:\/\/essentia-mobilia.com\/blog\/wp-json\/wp\/v2\/posts\/329"}],"collection":[{"href":"https:\/\/essentia-mobilia.com\/blog\/wp-json\/wp\/v2\/posts"}],"about":[{"href":"https:\/\/essentia-mobilia.com\/blog\/wp-json\/wp\/v2\/types\/post"}],"author":[{"embeddable":true,"href":"https:\/\/essentia-mobilia.com\/blog\/wp-json\/wp\/v2\/users\/1"}],"replies":[{"embeddable":true,"href":"https:\/\/essentia-mobilia.com\/blog\/wp-json\/wp\/v2\/comments?post=329"}],"version-history":[{"count":5,"href":"https:\/\/essentia-mobilia.com\/blog\/wp-json\/wp\/v2\/posts\/329\/revisions"}],"predecessor-version":[{"id":3552,"href":"https:\/\/essentia-mobilia.com\/blog\/wp-json\/wp\/v2\/posts\/329\/revisions\/3552"}],"wp:featuredmedia":[{"embeddable":true,"href":"https:\/\/essentia-mobilia.com\/blog\/wp-json\/wp\/v2\/media\/791"}],"wp:attachment":[{"href":"https:\/\/essentia-mobilia.com\/blog\/wp-json\/wp\/v2\/media?parent=329"}],"wp:term":[{"taxonomy":"category","embeddable":true,"href":"https:\/\/essentia-mobilia.com\/blog\/wp-json\/wp\/v2\/categories?post=329"},{"taxonomy":"post_tag","embeddable":true,"href":"https:\/\/essentia-mobilia.com\/blog\/wp-json\/wp\/v2\/tags?post=329"}],"curies":[{"name":"wp","href":"https:\/\/api.w.org\/{rel}","templated":true}]}}