{"id":327,"date":"2012-08-10T22:14:31","date_gmt":"2012-08-10T20:14:31","guid":{"rendered":"http:\/\/essentia-paris.com\/blog\/?p=327"},"modified":"2026-02-13T20:57:34","modified_gmt":"2026-02-13T19:57:34","slug":"quand-des-entreprises-de-tradition-dialoguent-avec-des-designers","status":"publish","type":"post","link":"https:\/\/essentia-mobilia.com\/blog\/quand-des-entreprises-de-tradition-dialoguent-avec-des-designers\/","title":{"rendered":"Quand des entreprises de tradition dialoguent avec des designers&#8230;"},"content":{"rendered":"\n<h1 class=\"wp-block-heading\">Quand des entreprises de tradition dialoguent avec des designers&#8230;<\/h1>\n\n\n<div class=\"wp-block-image\">\n<figure class=\"alignleft\"><a href=\"\/blog\/wp-content\/uploads\/2012\/07\/le-dessein-du-geste-hotel-de-ville.jpg\"><img decoding=\"async\" src=\"\/blog\/wp-content\/uploads\/2012\/07\/le-dessein-du-geste-hotel-de-ville.jpg\" alt=\"Le Dessein du Geste - Hotel de Ville\" class=\"wp-image-754\" title=\"Le Dessein du Geste - Hotel de Ville\"\/><\/a><\/figure><\/div>\n\n\n<p><strong>L&rsquo;exposition \u00ab\u00a0le Dessein du Geste, savoir faire et design fran\u00e7ais\u00a0\u00bb<\/strong>\u00a0se d\u00e9roule \u00e0 l&rsquo;Hotel de Ville de Paris du 11 septembre au 10 octobre 2012. Concept int\u00e9ressant :\u00a0<strong>26 entreprises de grande tradition ont \u00e9t\u00e9 s\u00e9lectionn\u00e9es. Pour chacune d&rsquo;elles, deux pi\u00e8ces sont mises en dialogue : une issue du patrimoine et une cr\u00e9\u00e9e en collaboration avec un designer fran\u00e7ais.\u00a0<\/strong><\/p>\n\n\n\n<p>Ainsi, l&rsquo;exposition permet de comprendre comment la cr\u00e9ation contemporaine peut aider \u00e0 valoriser et p\u00e9renniser les savoir-faire des entreprises fran\u00e7aises de grande tradition&nbsp;: mat\u00e9riaux, usages, formes, technologies, march\u00e9s etc.<\/p>\n\n\n\n<p>Parmi les soci\u00e9t\u00e9s de meubles s\u00e9lectionn\u00e9es, on retrouvera Alki, Ligne Roset et Tolix.<\/p>\n","protected":false},"excerpt":{"rendered":"<p>Quand des entreprises de tradition dialoguent avec des designers&#8230; L&rsquo;exposition \u00ab\u00a0le Dessein du Geste, savoir faire et design fran\u00e7ais\u00a0\u00bb\u00a0se d\u00e9roule \u00e0 l&rsquo;Hotel de Ville de Paris du 11 septembre au 10 octobre 2012. Concept int\u00e9ressant :\u00a026 entreprises de grande tradition ont \u00e9t\u00e9 s\u00e9lectionn\u00e9es. Pour chacune d&rsquo;elles, deux pi\u00e8ces sont mises en dialogue : une issue [&hellip;]<\/p>\n","protected":false},"author":1,"featured_media":802,"comment_status":"open","ping_status":"open","sticky":false,"template":"","format":"standard","meta":{"footnotes":""},"categories":[32],"tags":[],"yoast_head":"<!-- This site is optimized with the Yoast SEO plugin v15.0 - https:\/\/yoast.com\/wordpress\/plugins\/seo\/ -->\n<title>Quand des entreprises de tradition dialoguent avec des designers...<\/title>\n<meta name=\"description\" content=\"Lors de l&#039;exposition &quot;le Dessein du Geste, savoir faire et design fran\u00e7ais&quot;\u00a0deux pi\u00e8ces sont \u00e0 chaque fois mises en dialogue : une issue du patrimoine et une cr\u00e9\u00e9e en collaboration avec un designer fran\u00e7ais.\u00a0\" \/>\n<meta name=\"robots\" content=\"index, follow, max-snippet:-1, max-image-preview:large, max-video-preview:-1\" \/>\n<link rel=\"canonical\" href=\"https:\/\/essentia-mobilia.com\/blog\/quand-des-entreprises-de-tradition-dialoguent-avec-des-designers\/\" \/>\n<meta property=\"og:locale\" content=\"fr_FR\" \/>\n<meta property=\"og:type\" content=\"article\" \/>\n<meta property=\"og:title\" content=\"Quand des entreprises de tradition dialoguent avec des designers...\" \/>\n<meta property=\"og:description\" content=\"Lors de l&#039;exposition &quot;le Dessein du Geste, savoir faire et design fran\u00e7ais&quot;\u00a0deux pi\u00e8ces sont \u00e0 chaque fois mises en dialogue : une issue du patrimoine et une cr\u00e9\u00e9e en collaboration avec un designer fran\u00e7ais.\u00a0\" \/>\n<meta property=\"og:url\" content=\"https:\/\/essentia-mobilia.com\/blog\/quand-des-entreprises-de-tradition-dialoguent-avec-des-designers\/\" \/>\n<meta property=\"og:site_name\" content=\"Blog d\u00e9coration et design de Essentia MOBILIA\" \/>\n<meta property=\"article:publisher\" content=\"https:\/\/www.facebook.com\/EssentiaMobilia\" \/>\n<meta property=\"article:published_time\" content=\"2012-08-10T20:14:31+00:00\" \/>\n<meta property=\"article:modified_time\" content=\"2026-02-13T19:57:34+00:00\" \/>\n<meta property=\"og:image\" content=\"https:\/\/essentia-mobilia.com\/blog\/wp-content\/uploads\/2012\/11\/71-le-dessein-du-geste-hotel-de-ville.jpg\" \/>\n\t<meta property=\"og:image:width\" content=\"241\" \/>\n\t<meta property=\"og:image:height\" content=\"300\" \/>\n<meta name=\"twitter:card\" content=\"summary_large_image\" \/>\n<script type=\"application\/ld+json\" class=\"yoast-schema-graph\">{\"@context\":\"https:\/\/schema.org\",\"@graph\":[{\"@type\":\"Organization\",\"@id\":\"https:\/\/essentia-mobilia.com\/blog\/#organization\",\"name\":\"Essentia MOBILIA\",\"url\":\"https:\/\/essentia-mobilia.com\/blog\/\",\"sameAs\":[\"https:\/\/www.facebook.com\/EssentiaMobilia\",\"https:\/\/www.instagram.com\/essentiamobilia\/\",\"https:\/\/fr.pinterest.com\/essentia_mobilia\/\"],\"logo\":{\"@type\":\"ImageObject\",\"@id\":\"https:\/\/essentia-mobilia.com\/blog\/#logo\",\"inLanguage\":\"fr-FR\",\"url\":\"https:\/\/essentia-mobilia.com\/blog\/wp-content\/uploads\/2023\/12\/cropped-essentia-mobilia-logo.jpg\",\"width\":171,\"height\":73,\"caption\":\"Essentia MOBILIA\"},\"image\":{\"@id\":\"https:\/\/essentia-mobilia.com\/blog\/#logo\"}},{\"@type\":\"WebSite\",\"@id\":\"https:\/\/essentia-mobilia.com\/blog\/#website\",\"url\":\"https:\/\/essentia-mobilia.com\/blog\/\",\"name\":\"Blog d\\u00e9coration et design de Essentia MOBILIA\",\"description\":\"\",\"publisher\":{\"@id\":\"https:\/\/essentia-mobilia.com\/blog\/#organization\"},\"potentialAction\":[{\"@type\":\"SearchAction\",\"target\":\"https:\/\/essentia-mobilia.com\/blog\/?s={search_term_string}\",\"query-input\":\"required name=search_term_string\"}],\"inLanguage\":\"fr-FR\"},{\"@type\":\"ImageObject\",\"@id\":\"https:\/\/essentia-mobilia.com\/blog\/quand-des-entreprises-de-tradition-dialoguent-avec-des-designers\/#primaryimage\",\"inLanguage\":\"fr-FR\",\"url\":\"https:\/\/essentia-mobilia.com\/blog\/wp-content\/uploads\/2012\/11\/71-le-dessein-du-geste-hotel-de-ville.jpg\",\"width\":241,\"height\":300},{\"@type\":\"WebPage\",\"@id\":\"https:\/\/essentia-mobilia.com\/blog\/quand-des-entreprises-de-tradition-dialoguent-avec-des-designers\/#webpage\",\"url\":\"https:\/\/essentia-mobilia.com\/blog\/quand-des-entreprises-de-tradition-dialoguent-avec-des-designers\/\",\"name\":\"Quand des entreprises de tradition dialoguent avec des designers...\",\"isPartOf\":{\"@id\":\"https:\/\/essentia-mobilia.com\/blog\/#website\"},\"primaryImageOfPage\":{\"@id\":\"https:\/\/essentia-mobilia.com\/blog\/quand-des-entreprises-de-tradition-dialoguent-avec-des-designers\/#primaryimage\"},\"datePublished\":\"2012-08-10T20:14:31+00:00\",\"dateModified\":\"2026-02-13T19:57:34+00:00\",\"description\":\"Lors de l'exposition \\\"le Dessein du Geste, savoir faire et design fran\\u00e7ais\\\"\\u00a0deux pi\\u00e8ces sont \\u00e0 chaque fois mises en dialogue : une issue du patrimoine et une cr\\u00e9\\u00e9e en collaboration avec un designer fran\\u00e7ais.\\u00a0\",\"breadcrumb\":{\"@id\":\"https:\/\/essentia-mobilia.com\/blog\/quand-des-entreprises-de-tradition-dialoguent-avec-des-designers\/#breadcrumb\"},\"inLanguage\":\"fr-FR\",\"potentialAction\":[{\"@type\":\"ReadAction\",\"target\":[\"https:\/\/essentia-mobilia.com\/blog\/quand-des-entreprises-de-tradition-dialoguent-avec-des-designers\/\"]}]},{\"@type\":\"BreadcrumbList\",\"@id\":\"https:\/\/essentia-mobilia.com\/blog\/quand-des-entreprises-de-tradition-dialoguent-avec-des-designers\/#breadcrumb\",\"itemListElement\":[{\"@type\":\"ListItem\",\"position\":1,\"item\":{\"@type\":\"WebPage\",\"@id\":\"https:\/\/essentia-mobilia.com\/blog\/\",\"url\":\"https:\/\/essentia-mobilia.com\/blog\/\",\"name\":\"Accueil\"}},{\"@type\":\"ListItem\",\"position\":2,\"item\":{\"@type\":\"WebPage\",\"@id\":\"https:\/\/essentia-mobilia.com\/blog\/quand-des-entreprises-de-tradition-dialoguent-avec-des-designers\/\",\"url\":\"https:\/\/essentia-mobilia.com\/blog\/quand-des-entreprises-de-tradition-dialoguent-avec-des-designers\/\",\"name\":\"Quand des entreprises de tradition dialoguent avec des designers&#8230;\"}}]},{\"@type\":\"Article\",\"@id\":\"https:\/\/essentia-mobilia.com\/blog\/quand-des-entreprises-de-tradition-dialoguent-avec-des-designers\/#article\",\"isPartOf\":{\"@id\":\"https:\/\/essentia-mobilia.com\/blog\/quand-des-entreprises-de-tradition-dialoguent-avec-des-designers\/#webpage\"},\"author\":{\"@id\":\"https:\/\/essentia-mobilia.com\/blog\/#\/schema\/person\/f06deeaf73a4baf06738372a688cf68a\"},\"headline\":\"Quand des entreprises de tradition dialoguent avec des designers&#8230;\",\"datePublished\":\"2012-08-10T20:14:31+00:00\",\"dateModified\":\"2026-02-13T19:57:34+00:00\",\"mainEntityOfPage\":{\"@id\":\"https:\/\/essentia-mobilia.com\/blog\/quand-des-entreprises-de-tradition-dialoguent-avec-des-designers\/#webpage\"},\"commentCount\":0,\"publisher\":{\"@id\":\"https:\/\/essentia-mobilia.com\/blog\/#organization\"},\"image\":{\"@id\":\"https:\/\/essentia-mobilia.com\/blog\/quand-des-entreprises-de-tradition-dialoguent-avec-des-designers\/#primaryimage\"},\"articleSection\":\"Mobilier design\",\"inLanguage\":\"fr-FR\",\"potentialAction\":[{\"@type\":\"CommentAction\",\"name\":\"Comment\",\"target\":[\"https:\/\/essentia-mobilia.com\/blog\/quand-des-entreprises-de-tradition-dialoguent-avec-des-designers\/#respond\"]}]},{\"@type\":\"Person\",\"@id\":\"https:\/\/essentia-mobilia.com\/blog\/#\/schema\/person\/f06deeaf73a4baf06738372a688cf68a\",\"name\":\"myessentiamobilia\",\"image\":{\"@type\":\"ImageObject\",\"@id\":\"https:\/\/essentia-mobilia.com\/blog\/#personlogo\",\"inLanguage\":\"fr-FR\",\"url\":\"https:\/\/secure.gravatar.com\/avatar\/bec63f027f1251faa237003116590784?s=96&d=mm&r=g\",\"caption\":\"myessentiamobilia\"},\"description\":\"A travers ce blog, je partage mes conseils de design et d\\u00e9coration int\\u00e9rieure.\"}]}<\/script>\n<!-- \/ Yoast SEO plugin. -->","_links":{"self":[{"href":"https:\/\/essentia-mobilia.com\/blog\/wp-json\/wp\/v2\/posts\/327"}],"collection":[{"href":"https:\/\/essentia-mobilia.com\/blog\/wp-json\/wp\/v2\/posts"}],"about":[{"href":"https:\/\/essentia-mobilia.com\/blog\/wp-json\/wp\/v2\/types\/post"}],"author":[{"embeddable":true,"href":"https:\/\/essentia-mobilia.com\/blog\/wp-json\/wp\/v2\/users\/1"}],"replies":[{"embeddable":true,"href":"https:\/\/essentia-mobilia.com\/blog\/wp-json\/wp\/v2\/comments?post=327"}],"version-history":[{"count":4,"href":"https:\/\/essentia-mobilia.com\/blog\/wp-json\/wp\/v2\/posts\/327\/revisions"}],"predecessor-version":[{"id":3556,"href":"https:\/\/essentia-mobilia.com\/blog\/wp-json\/wp\/v2\/posts\/327\/revisions\/3556"}],"wp:featuredmedia":[{"embeddable":true,"href":"https:\/\/essentia-mobilia.com\/blog\/wp-json\/wp\/v2\/media\/802"}],"wp:attachment":[{"href":"https:\/\/essentia-mobilia.com\/blog\/wp-json\/wp\/v2\/media?parent=327"}],"wp:term":[{"taxonomy":"category","embeddable":true,"href":"https:\/\/essentia-mobilia.com\/blog\/wp-json\/wp\/v2\/categories?post=327"},{"taxonomy":"post_tag","embeddable":true,"href":"https:\/\/essentia-mobilia.com\/blog\/wp-json\/wp\/v2\/tags?post=327"}],"curies":[{"name":"wp","href":"https:\/\/api.w.org\/{rel}","templated":true}]}}