{"id":326,"date":"2012-08-07T22:14:30","date_gmt":"2012-08-07T20:14:30","guid":{"rendered":"http:\/\/essentia-paris.com\/blog\/?p=326"},"modified":"2026-02-13T20:57:49","modified_gmt":"2026-02-13T19:57:49","slug":"larrrivee-dune-nouvelle-generation-dartisans-dart","status":"publish","type":"post","link":"https:\/\/essentia-mobilia.com\/blog\/larrrivee-dune-nouvelle-generation-dartisans-dart\/","title":{"rendered":"L&rsquo;arriv\u00e9e d&rsquo;une nouvelle g\u00e9n\u00e9ration d&rsquo;artisans d&rsquo;art"},"content":{"rendered":"\n<h1 class=\"wp-block-heading\">L&rsquo;arriv\u00e9e d&rsquo;une nouvelle g\u00e9n\u00e9ration d&rsquo;artisans d&rsquo;art<\/h1>\n\n\n\n<p>Un article tr\u00e8s int\u00e9ressant sur l&rsquo;artisanat d&rsquo;art est paru dans les Echos mi-juillet. Mal consid\u00e9r\u00e9 dans les ann\u00e9es 1970 et 1980,\u00a0<strong>l&rsquo;artisanat d&rsquo;art fait aujourd&rsquo;hui un retour un force<\/strong>. \u00a0Une nouvelle g\u00e9n\u00e9ration issue de fili\u00e8res g\u00e9n\u00e9rales ou en reconversion professionnelle\u00a0<strong>trouve que ces m\u00e9tiers d&rsquo;art font sens<\/strong>\u00a0: rejet de la surconsommation, d\u00e9veloppement durable, valorisation de mat\u00e9riaux p\u00e9rennes, \u00e9conomie responsable et locale&#8230; De plus, cette g\u00e9n\u00e9ration est pr\u00eate \u00e0 travailler en r\u00e9seau notamment avec les designers.<\/p>\n","protected":false},"excerpt":{"rendered":"<p>L&rsquo;arriv\u00e9e d&rsquo;une nouvelle g\u00e9n\u00e9ration d&rsquo;artisans d&rsquo;art Un article tr\u00e8s int\u00e9ressant sur l&rsquo;artisanat d&rsquo;art est paru dans les Echos mi-juillet. Mal consid\u00e9r\u00e9 dans les ann\u00e9es 1970 et 1980,\u00a0l&rsquo;artisanat d&rsquo;art fait aujourd&rsquo;hui un retour un force. \u00a0Une nouvelle g\u00e9n\u00e9ration issue de fili\u00e8res g\u00e9n\u00e9rales ou en reconversion professionnelle\u00a0trouve que ces m\u00e9tiers d&rsquo;art font sens\u00a0: rejet de la surconsommation, [&hellip;]<\/p>\n","protected":false},"author":1,"featured_media":0,"comment_status":"open","ping_status":"open","sticky":false,"template":"","format":"standard","meta":{"footnotes":""},"categories":[32],"tags":[],"yoast_head":"<!-- This site is optimized with the Yoast SEO plugin v15.0 - https:\/\/yoast.com\/wordpress\/plugins\/seo\/ -->\n<title>L&#039;arriv\u00e9e d&#039;une nouvelle g\u00e9n\u00e9ration d&#039;artisans d&#039;art<\/title>\n<meta name=\"description\" content=\"L&#039;artisanat d&#039;art fait aujourd&#039;hui un retour un force. \u00a0Une nouvelle g\u00e9n\u00e9ration issue de fili\u00e8res g\u00e9n\u00e9rales ou en reconversion professionnelle\u00a0trouve que ces m\u00e9tiers d&#039;art font sens.\" \/>\n<meta name=\"robots\" content=\"index, follow, max-snippet:-1, max-image-preview:large, max-video-preview:-1\" \/>\n<link rel=\"canonical\" href=\"https:\/\/essentia-mobilia.com\/blog\/larrrivee-dune-nouvelle-generation-dartisans-dart\/\" \/>\n<meta property=\"og:locale\" content=\"fr_FR\" \/>\n<meta property=\"og:type\" content=\"article\" \/>\n<meta property=\"og:title\" content=\"L&#039;arriv\u00e9e d&#039;une nouvelle g\u00e9n\u00e9ration d&#039;artisans d&#039;art\" \/>\n<meta property=\"og:description\" content=\"L&#039;artisanat d&#039;art fait aujourd&#039;hui un retour un force. \u00a0Une nouvelle g\u00e9n\u00e9ration issue de fili\u00e8res g\u00e9n\u00e9rales ou en reconversion professionnelle\u00a0trouve que ces m\u00e9tiers d&#039;art font sens.\" \/>\n<meta property=\"og:url\" content=\"https:\/\/essentia-mobilia.com\/blog\/larrrivee-dune-nouvelle-generation-dartisans-dart\/\" \/>\n<meta property=\"og:site_name\" content=\"Blog d\u00e9coration et design de Essentia MOBILIA\" \/>\n<meta property=\"article:publisher\" content=\"https:\/\/www.facebook.com\/EssentiaMobilia\" \/>\n<meta property=\"article:published_time\" content=\"2012-08-07T20:14:30+00:00\" \/>\n<meta property=\"article:modified_time\" content=\"2026-02-13T19:57:49+00:00\" \/>\n<meta name=\"twitter:card\" content=\"summary_large_image\" \/>\n<script type=\"application\/ld+json\" class=\"yoast-schema-graph\">{\"@context\":\"https:\/\/schema.org\",\"@graph\":[{\"@type\":\"Organization\",\"@id\":\"https:\/\/essentia-mobilia.com\/blog\/#organization\",\"name\":\"Essentia MOBILIA\",\"url\":\"https:\/\/essentia-mobilia.com\/blog\/\",\"sameAs\":[\"https:\/\/www.facebook.com\/EssentiaMobilia\",\"https:\/\/www.instagram.com\/essentiamobilia\/\",\"https:\/\/fr.pinterest.com\/essentia_mobilia\/\"],\"logo\":{\"@type\":\"ImageObject\",\"@id\":\"https:\/\/essentia-mobilia.com\/blog\/#logo\",\"inLanguage\":\"fr-FR\",\"url\":\"https:\/\/essentia-mobilia.com\/blog\/wp-content\/uploads\/2023\/12\/cropped-essentia-mobilia-logo.jpg\",\"width\":171,\"height\":73,\"caption\":\"Essentia MOBILIA\"},\"image\":{\"@id\":\"https:\/\/essentia-mobilia.com\/blog\/#logo\"}},{\"@type\":\"WebSite\",\"@id\":\"https:\/\/essentia-mobilia.com\/blog\/#website\",\"url\":\"https:\/\/essentia-mobilia.com\/blog\/\",\"name\":\"Blog d\\u00e9coration et design de Essentia MOBILIA\",\"description\":\"\",\"publisher\":{\"@id\":\"https:\/\/essentia-mobilia.com\/blog\/#organization\"},\"potentialAction\":[{\"@type\":\"SearchAction\",\"target\":\"https:\/\/essentia-mobilia.com\/blog\/?s={search_term_string}\",\"query-input\":\"required name=search_term_string\"}],\"inLanguage\":\"fr-FR\"},{\"@type\":\"WebPage\",\"@id\":\"https:\/\/essentia-mobilia.com\/blog\/larrrivee-dune-nouvelle-generation-dartisans-dart\/#webpage\",\"url\":\"https:\/\/essentia-mobilia.com\/blog\/larrrivee-dune-nouvelle-generation-dartisans-dart\/\",\"name\":\"L'arriv\\u00e9e d'une nouvelle g\\u00e9n\\u00e9ration d'artisans d'art\",\"isPartOf\":{\"@id\":\"https:\/\/essentia-mobilia.com\/blog\/#website\"},\"datePublished\":\"2012-08-07T20:14:30+00:00\",\"dateModified\":\"2026-02-13T19:57:49+00:00\",\"description\":\"L'artisanat d'art fait aujourd'hui un retour un force. \\u00a0Une nouvelle g\\u00e9n\\u00e9ration issue de fili\\u00e8res g\\u00e9n\\u00e9rales ou en reconversion professionnelle\\u00a0trouve que ces m\\u00e9tiers d'art font sens.\",\"breadcrumb\":{\"@id\":\"https:\/\/essentia-mobilia.com\/blog\/larrrivee-dune-nouvelle-generation-dartisans-dart\/#breadcrumb\"},\"inLanguage\":\"fr-FR\",\"potentialAction\":[{\"@type\":\"ReadAction\",\"target\":[\"https:\/\/essentia-mobilia.com\/blog\/larrrivee-dune-nouvelle-generation-dartisans-dart\/\"]}]},{\"@type\":\"BreadcrumbList\",\"@id\":\"https:\/\/essentia-mobilia.com\/blog\/larrrivee-dune-nouvelle-generation-dartisans-dart\/#breadcrumb\",\"itemListElement\":[{\"@type\":\"ListItem\",\"position\":1,\"item\":{\"@type\":\"WebPage\",\"@id\":\"https:\/\/essentia-mobilia.com\/blog\/\",\"url\":\"https:\/\/essentia-mobilia.com\/blog\/\",\"name\":\"Accueil\"}},{\"@type\":\"ListItem\",\"position\":2,\"item\":{\"@type\":\"WebPage\",\"@id\":\"https:\/\/essentia-mobilia.com\/blog\/larrrivee-dune-nouvelle-generation-dartisans-dart\/\",\"url\":\"https:\/\/essentia-mobilia.com\/blog\/larrrivee-dune-nouvelle-generation-dartisans-dart\/\",\"name\":\"L&rsquo;arriv\\u00e9e d&rsquo;une nouvelle g\\u00e9n\\u00e9ration d&rsquo;artisans d&rsquo;art\"}}]},{\"@type\":\"Article\",\"@id\":\"https:\/\/essentia-mobilia.com\/blog\/larrrivee-dune-nouvelle-generation-dartisans-dart\/#article\",\"isPartOf\":{\"@id\":\"https:\/\/essentia-mobilia.com\/blog\/larrrivee-dune-nouvelle-generation-dartisans-dart\/#webpage\"},\"author\":{\"@id\":\"https:\/\/essentia-mobilia.com\/blog\/#\/schema\/person\/f06deeaf73a4baf06738372a688cf68a\"},\"headline\":\"L&rsquo;arriv\\u00e9e d&rsquo;une nouvelle g\\u00e9n\\u00e9ration d&rsquo;artisans d&rsquo;art\",\"datePublished\":\"2012-08-07T20:14:30+00:00\",\"dateModified\":\"2026-02-13T19:57:49+00:00\",\"mainEntityOfPage\":{\"@id\":\"https:\/\/essentia-mobilia.com\/blog\/larrrivee-dune-nouvelle-generation-dartisans-dart\/#webpage\"},\"commentCount\":0,\"publisher\":{\"@id\":\"https:\/\/essentia-mobilia.com\/blog\/#organization\"},\"articleSection\":\"Mobilier design\",\"inLanguage\":\"fr-FR\",\"potentialAction\":[{\"@type\":\"CommentAction\",\"name\":\"Comment\",\"target\":[\"https:\/\/essentia-mobilia.com\/blog\/larrrivee-dune-nouvelle-generation-dartisans-dart\/#respond\"]}]},{\"@type\":\"Person\",\"@id\":\"https:\/\/essentia-mobilia.com\/blog\/#\/schema\/person\/f06deeaf73a4baf06738372a688cf68a\",\"name\":\"myessentiamobilia\",\"image\":{\"@type\":\"ImageObject\",\"@id\":\"https:\/\/essentia-mobilia.com\/blog\/#personlogo\",\"inLanguage\":\"fr-FR\",\"url\":\"https:\/\/secure.gravatar.com\/avatar\/bec63f027f1251faa237003116590784?s=96&d=mm&r=g\",\"caption\":\"myessentiamobilia\"},\"description\":\"A travers ce blog, je partage mes conseils de design et d\\u00e9coration int\\u00e9rieure.\"}]}<\/script>\n<!-- \/ Yoast SEO plugin. -->","_links":{"self":[{"href":"https:\/\/essentia-mobilia.com\/blog\/wp-json\/wp\/v2\/posts\/326"}],"collection":[{"href":"https:\/\/essentia-mobilia.com\/blog\/wp-json\/wp\/v2\/posts"}],"about":[{"href":"https:\/\/essentia-mobilia.com\/blog\/wp-json\/wp\/v2\/types\/post"}],"author":[{"embeddable":true,"href":"https:\/\/essentia-mobilia.com\/blog\/wp-json\/wp\/v2\/users\/1"}],"replies":[{"embeddable":true,"href":"https:\/\/essentia-mobilia.com\/blog\/wp-json\/wp\/v2\/comments?post=326"}],"version-history":[{"count":4,"href":"https:\/\/essentia-mobilia.com\/blog\/wp-json\/wp\/v2\/posts\/326\/revisions"}],"predecessor-version":[{"id":3557,"href":"https:\/\/essentia-mobilia.com\/blog\/wp-json\/wp\/v2\/posts\/326\/revisions\/3557"}],"wp:attachment":[{"href":"https:\/\/essentia-mobilia.com\/blog\/wp-json\/wp\/v2\/media?parent=326"}],"wp:term":[{"taxonomy":"category","embeddable":true,"href":"https:\/\/essentia-mobilia.com\/blog\/wp-json\/wp\/v2\/categories?post=326"},{"taxonomy":"post_tag","embeddable":true,"href":"https:\/\/essentia-mobilia.com\/blog\/wp-json\/wp\/v2\/tags?post=326"}],"curies":[{"name":"wp","href":"https:\/\/api.w.org\/{rel}","templated":true}]}}