{"id":304,"date":"2012-07-31T22:02:03","date_gmt":"2012-07-31T20:02:03","guid":{"rendered":"http:\/\/essentia-paris.com\/blog\/?p=304"},"modified":"2026-02-13T20:58:21","modified_gmt":"2026-02-13T19:58:21","slug":"now-le-off-de-la-paris-design-week","status":"publish","type":"post","link":"https:\/\/essentia-mobilia.com\/blog\/now-le-off-de-la-paris-design-week\/","title":{"rendered":"Now ! Le off de la Paris Design Week"},"content":{"rendered":"\n<h1 class=\"wp-block-heading\">Now ! Le off de la Paris Design Week<\/h1>\n\n\n\n<p><strong>Une centaine de jeunes designers<\/strong>\u00a0sont attendus cette ann\u00e9e aux Docks, Cit\u00e9 de la Mode et du Design pour\u00a0<strong>Now! Le off de l&rsquo;\u00e9dition 2012<\/strong>. Issus des \u00e9coles de design fran\u00e7aises et europ\u00e9ennes les plus prestigieuses,\u00a0ces jeunes talents , pr\u00e9sentent au public leurs cr\u00e9ations. Petit aper\u00e7u de trois cr\u00e9ations qui nous plaisent.<\/p>\n\n\n\n<p>Photos et informations&nbsp;:&nbsp;parisdesignweek<\/p>\n\n\n<div class=\"wp-block-image\">\n<figure class=\"alignleft\"><img decoding=\"async\" src=\"\/blog\/wp-content\/uploads\/2012\/07\/bureau-pour-enfants-agnes-and-agnes-design.jpg\" alt=\"bureau pour enfants - agnes and agnes design - now ! le off - Paris Design Week\" class=\"wp-image-696\" title=\"bureau pour enfants - agnes and agnes design\"\/><\/figure><\/div>\n\n\n<p><strong>Un bureau pour enfant par Agn\u00e8s and Agn\u00e8s Design<\/strong><\/p>\n\n\n\n<p><strong>Collection Mother Mine &amp; All of Us par Anafatia<\/strong>, qui s&rsquo;inspire de l&rsquo;anatomie humaine<\/p>\n\n\n<div class=\"wp-block-image\">\n<figure class=\"alignleft\"><img decoding=\"async\" src=\"\/blog\/wp-content\/uploads\/2012\/07\/Mother-Mine-All-of-Us-par-Anafatia.jpg\" alt=\"Mother Mine &amp; All of Us par Anafatia - Now le off - Paris Design Week\" class=\"wp-image-699\" title=\"Mother Mine &amp; All of Us par Anafatia\"\/><\/figure><\/div>\n\n<div class=\"wp-block-image\">\n<figure class=\"alignleft\"><a href=\"\/blog\/wp-content\/uploads\/2012\/07\/table-basse-par-Different-and-Different.jpg\"><img decoding=\"async\" src=\"\/blog\/wp-content\/uploads\/2012\/07\/table-basse-par-Different-and-Different.jpg\" alt=\"table-basse-par Different and Different - Now le off - Paris Design Week\" class=\"wp-image-702\" title=\"table-basse-par Different and Different\"\/><\/a><\/figure><\/div>\n\n\n<p><strong>Table basse par Different and Different<\/strong>, bois et m\u00e9tal<\/p>\n\n\n\n<p><\/p>\n","protected":false},"excerpt":{"rendered":"<p>Now ! Le off de la Paris Design Week Une centaine de jeunes designers\u00a0sont attendus cette ann\u00e9e aux Docks, Cit\u00e9 de la Mode et du Design pour\u00a0Now! Le off de l&rsquo;\u00e9dition 2012. Issus des \u00e9coles de design fran\u00e7aises et europ\u00e9ennes les plus prestigieuses,\u00a0ces jeunes talents , pr\u00e9sentent au public leurs cr\u00e9ations. Petit aper\u00e7u de trois [&hellip;]<\/p>\n","protected":false},"author":1,"featured_media":804,"comment_status":"open","ping_status":"open","sticky":false,"template":"","format":"standard","meta":{"footnotes":""},"categories":[32],"tags":[],"yoast_head":"<!-- This site is optimized with the Yoast SEO plugin v15.0 - https:\/\/yoast.com\/wordpress\/plugins\/seo\/ -->\n<title>Now ! Le off de la Paris Design Week<\/title>\n<meta name=\"description\" content=\"Une centaine de jeunes designers\u00a0sont attendus cette ann\u00e9e aux Docks, Cit\u00e9 de la Mode et du Design pour\u00a0Now! Le off de l&#039;\u00e9dition 2012.\" \/>\n<meta name=\"robots\" content=\"index, follow, max-snippet:-1, max-image-preview:large, max-video-preview:-1\" \/>\n<link rel=\"canonical\" href=\"https:\/\/essentia-mobilia.com\/blog\/now-le-off-de-la-paris-design-week\/\" \/>\n<meta property=\"og:locale\" content=\"fr_FR\" \/>\n<meta property=\"og:type\" content=\"article\" \/>\n<meta property=\"og:title\" content=\"Now ! Le off de la Paris Design Week\" \/>\n<meta property=\"og:description\" content=\"Une centaine de jeunes designers\u00a0sont attendus cette ann\u00e9e aux Docks, Cit\u00e9 de la Mode et du Design pour\u00a0Now! Le off de l&#039;\u00e9dition 2012.\" \/>\n<meta property=\"og:url\" content=\"https:\/\/essentia-mobilia.com\/blog\/now-le-off-de-la-paris-design-week\/\" \/>\n<meta property=\"og:site_name\" content=\"Blog d\u00e9coration et design de Essentia MOBILIA\" \/>\n<meta property=\"article:publisher\" content=\"https:\/\/www.facebook.com\/EssentiaMobilia\" \/>\n<meta property=\"article:published_time\" content=\"2012-07-31T20:02:03+00:00\" \/>\n<meta property=\"article:modified_time\" content=\"2026-02-13T19:58:21+00:00\" \/>\n<meta property=\"og:image\" content=\"https:\/\/essentia-mobilia.com\/blog\/wp-content\/uploads\/2012\/11\/74-bureau-pour-enfants-agnes-and-agnes-design.jpg\" \/>\n\t<meta property=\"og:image:width\" content=\"508\" \/>\n\t<meta property=\"og:image:height\" content=\"341\" \/>\n<meta name=\"twitter:card\" content=\"summary_large_image\" \/>\n<script type=\"application\/ld+json\" class=\"yoast-schema-graph\">{\"@context\":\"https:\/\/schema.org\",\"@graph\":[{\"@type\":\"Organization\",\"@id\":\"https:\/\/essentia-mobilia.com\/blog\/#organization\",\"name\":\"Essentia MOBILIA\",\"url\":\"https:\/\/essentia-mobilia.com\/blog\/\",\"sameAs\":[\"https:\/\/www.facebook.com\/EssentiaMobilia\",\"https:\/\/www.instagram.com\/essentiamobilia\/\",\"https:\/\/fr.pinterest.com\/essentia_mobilia\/\"],\"logo\":{\"@type\":\"ImageObject\",\"@id\":\"https:\/\/essentia-mobilia.com\/blog\/#logo\",\"inLanguage\":\"fr-FR\",\"url\":\"https:\/\/essentia-mobilia.com\/blog\/wp-content\/uploads\/2023\/12\/cropped-essentia-mobilia-logo.jpg\",\"width\":171,\"height\":73,\"caption\":\"Essentia MOBILIA\"},\"image\":{\"@id\":\"https:\/\/essentia-mobilia.com\/blog\/#logo\"}},{\"@type\":\"WebSite\",\"@id\":\"https:\/\/essentia-mobilia.com\/blog\/#website\",\"url\":\"https:\/\/essentia-mobilia.com\/blog\/\",\"name\":\"Blog d\\u00e9coration et design de Essentia MOBILIA\",\"description\":\"\",\"publisher\":{\"@id\":\"https:\/\/essentia-mobilia.com\/blog\/#organization\"},\"potentialAction\":[{\"@type\":\"SearchAction\",\"target\":\"https:\/\/essentia-mobilia.com\/blog\/?s={search_term_string}\",\"query-input\":\"required name=search_term_string\"}],\"inLanguage\":\"fr-FR\"},{\"@type\":\"ImageObject\",\"@id\":\"https:\/\/essentia-mobilia.com\/blog\/now-le-off-de-la-paris-design-week\/#primaryimage\",\"inLanguage\":\"fr-FR\",\"url\":\"https:\/\/essentia-mobilia.com\/blog\/wp-content\/uploads\/2012\/11\/74-bureau-pour-enfants-agnes-and-agnes-design.jpg\",\"width\":508,\"height\":341},{\"@type\":\"WebPage\",\"@id\":\"https:\/\/essentia-mobilia.com\/blog\/now-le-off-de-la-paris-design-week\/#webpage\",\"url\":\"https:\/\/essentia-mobilia.com\/blog\/now-le-off-de-la-paris-design-week\/\",\"name\":\"Now ! Le off de la Paris Design Week\",\"isPartOf\":{\"@id\":\"https:\/\/essentia-mobilia.com\/blog\/#website\"},\"primaryImageOfPage\":{\"@id\":\"https:\/\/essentia-mobilia.com\/blog\/now-le-off-de-la-paris-design-week\/#primaryimage\"},\"datePublished\":\"2012-07-31T20:02:03+00:00\",\"dateModified\":\"2026-02-13T19:58:21+00:00\",\"description\":\"Une centaine de jeunes designers\\u00a0sont attendus cette ann\\u00e9e aux Docks, Cit\\u00e9 de la Mode et du Design pour\\u00a0Now! Le off de l'\\u00e9dition 2012.\",\"breadcrumb\":{\"@id\":\"https:\/\/essentia-mobilia.com\/blog\/now-le-off-de-la-paris-design-week\/#breadcrumb\"},\"inLanguage\":\"fr-FR\",\"potentialAction\":[{\"@type\":\"ReadAction\",\"target\":[\"https:\/\/essentia-mobilia.com\/blog\/now-le-off-de-la-paris-design-week\/\"]}]},{\"@type\":\"BreadcrumbList\",\"@id\":\"https:\/\/essentia-mobilia.com\/blog\/now-le-off-de-la-paris-design-week\/#breadcrumb\",\"itemListElement\":[{\"@type\":\"ListItem\",\"position\":1,\"item\":{\"@type\":\"WebPage\",\"@id\":\"https:\/\/essentia-mobilia.com\/blog\/\",\"url\":\"https:\/\/essentia-mobilia.com\/blog\/\",\"name\":\"Accueil\"}},{\"@type\":\"ListItem\",\"position\":2,\"item\":{\"@type\":\"WebPage\",\"@id\":\"https:\/\/essentia-mobilia.com\/blog\/now-le-off-de-la-paris-design-week\/\",\"url\":\"https:\/\/essentia-mobilia.com\/blog\/now-le-off-de-la-paris-design-week\/\",\"name\":\"Now ! Le off de la Paris Design Week\"}}]},{\"@type\":\"Article\",\"@id\":\"https:\/\/essentia-mobilia.com\/blog\/now-le-off-de-la-paris-design-week\/#article\",\"isPartOf\":{\"@id\":\"https:\/\/essentia-mobilia.com\/blog\/now-le-off-de-la-paris-design-week\/#webpage\"},\"author\":{\"@id\":\"https:\/\/essentia-mobilia.com\/blog\/#\/schema\/person\/f06deeaf73a4baf06738372a688cf68a\"},\"headline\":\"Now ! Le off de la Paris Design Week\",\"datePublished\":\"2012-07-31T20:02:03+00:00\",\"dateModified\":\"2026-02-13T19:58:21+00:00\",\"mainEntityOfPage\":{\"@id\":\"https:\/\/essentia-mobilia.com\/blog\/now-le-off-de-la-paris-design-week\/#webpage\"},\"commentCount\":0,\"publisher\":{\"@id\":\"https:\/\/essentia-mobilia.com\/blog\/#organization\"},\"image\":{\"@id\":\"https:\/\/essentia-mobilia.com\/blog\/now-le-off-de-la-paris-design-week\/#primaryimage\"},\"articleSection\":\"Mobilier design\",\"inLanguage\":\"fr-FR\",\"potentialAction\":[{\"@type\":\"CommentAction\",\"name\":\"Comment\",\"target\":[\"https:\/\/essentia-mobilia.com\/blog\/now-le-off-de-la-paris-design-week\/#respond\"]}]},{\"@type\":\"Person\",\"@id\":\"https:\/\/essentia-mobilia.com\/blog\/#\/schema\/person\/f06deeaf73a4baf06738372a688cf68a\",\"name\":\"myessentiamobilia\",\"image\":{\"@type\":\"ImageObject\",\"@id\":\"https:\/\/essentia-mobilia.com\/blog\/#personlogo\",\"inLanguage\":\"fr-FR\",\"url\":\"https:\/\/secure.gravatar.com\/avatar\/bec63f027f1251faa237003116590784?s=96&d=mm&r=g\",\"caption\":\"myessentiamobilia\"},\"description\":\"A travers ce blog, je partage mes conseils de design et d\\u00e9coration int\\u00e9rieure.\"}]}<\/script>\n<!-- \/ Yoast SEO plugin. -->","_links":{"self":[{"href":"https:\/\/essentia-mobilia.com\/blog\/wp-json\/wp\/v2\/posts\/304"}],"collection":[{"href":"https:\/\/essentia-mobilia.com\/blog\/wp-json\/wp\/v2\/posts"}],"about":[{"href":"https:\/\/essentia-mobilia.com\/blog\/wp-json\/wp\/v2\/types\/post"}],"author":[{"embeddable":true,"href":"https:\/\/essentia-mobilia.com\/blog\/wp-json\/wp\/v2\/users\/1"}],"replies":[{"embeddable":true,"href":"https:\/\/essentia-mobilia.com\/blog\/wp-json\/wp\/v2\/comments?post=304"}],"version-history":[{"count":4,"href":"https:\/\/essentia-mobilia.com\/blog\/wp-json\/wp\/v2\/posts\/304\/revisions"}],"predecessor-version":[{"id":3560,"href":"https:\/\/essentia-mobilia.com\/blog\/wp-json\/wp\/v2\/posts\/304\/revisions\/3560"}],"wp:featuredmedia":[{"embeddable":true,"href":"https:\/\/essentia-mobilia.com\/blog\/wp-json\/wp\/v2\/media\/804"}],"wp:attachment":[{"href":"https:\/\/essentia-mobilia.com\/blog\/wp-json\/wp\/v2\/media?parent=304"}],"wp:term":[{"taxonomy":"category","embeddable":true,"href":"https:\/\/essentia-mobilia.com\/blog\/wp-json\/wp\/v2\/categories?post=304"},{"taxonomy":"post_tag","embeddable":true,"href":"https:\/\/essentia-mobilia.com\/blog\/wp-json\/wp\/v2\/tags?post=304"}],"curies":[{"name":"wp","href":"https:\/\/api.w.org\/{rel}","templated":true}]}}