{"id":302,"date":"2012-07-24T22:02:02","date_gmt":"2012-07-24T20:02:02","guid":{"rendered":"http:\/\/essentia-paris.com\/blog\/?p=302"},"modified":"2026-02-13T20:58:53","modified_gmt":"2026-02-13T19:58:53","slug":"helsinki-capitale-mondiale-du-design-2012","status":"publish","type":"post","link":"https:\/\/essentia-mobilia.com\/blog\/helsinki-capitale-mondiale-du-design-2012\/","title":{"rendered":"Helsinki : capitale mondiale du Design 2012"},"content":{"rendered":"\n<h1 class=\"wp-block-heading\">Helsinki : capitale mondiale du Design 2012<\/h1>\n\n\n<div class=\"wp-block-image\">\n<figure class=\"alignleft\"><img decoding=\"async\" src=\"\/blog\/wp-content\/uploads\/2012\/07\/Helsinki-world-design-capital-capitale-mondiale-du-design.jpg\" alt=\"Helsinki - world design capital - capitale mondiale du design 2012\" class=\"wp-image-723\" title=\"Helsinki - world design capital - capitale mondiale du design 2012\"\/><\/figure><\/div>\n\n\n<p>Le titre de\u00a0<strong>Capitale mondiale du Design<\/strong>\u00a0est d\u00e9cern\u00e9 tous les 2 ans. Apr\u00e8s Turin en 2008 et S\u00e9oul en 2010, c&rsquo;est Helsinki, capitale de la Finlande, qui d\u00e9tient ce titre pour l&rsquo;ann\u00e9e 2012.<\/p>\n\n\n\n<p>Elle se positionne sur le th\u00e8me : \u00ab\u00a0Open Helsinki \u2013 Embedding Design in Life\u00a0\u00bb c&rsquo;est \u00e0 dire &nbsp;\u00ab\u00a0Helsinki, ville ouverte &#8211; vie quotidienne et design ne font qu&rsquo;un\u00a0\u00bb.&nbsp;<strong>300 \u00e9v\u00e8nements<\/strong>&nbsp;sont organis\u00e9es au cours de l&rsquo;ann\u00e9e 2012 \u00e0 Helsinki et dans son agglom\u00e9ration. Le maire de la ville, Jussi Pajunen,&nbsp;r\u00e9sume les enjeux : il faut \u00ab\u00a0d\u00e9velopper avec le design des villes socialement, culturellement et \u00e9conomiquement meilleures\u00a0\u00bb.<\/p>\n\n\n\n<p>Cet \u00e9t\u00e9, d\u00e9couvrez en particulier les manifestations&nbsp;<strong>HI Design 2012<\/strong>&nbsp;(le design dans le d\u00e9veloppement de produits technologiques),&nbsp;<strong>Hands that draw the future<\/strong>&nbsp;(les designers dans l&rsquo;histoire et le patrimoine),&nbsp;<strong>Finnish design market<\/strong>&nbsp;(espace du march\u00e9 d&rsquo;Helsinki r\u00e9serv\u00e9 aux produits design).<\/p>\n\n\n\n<p>En 2014, rendez-vous au Cap (Afrique du Sud) !<\/p>\n","protected":false},"excerpt":{"rendered":"<p>Helsinki : capitale mondiale du Design 2012 Le titre de\u00a0Capitale mondiale du Design\u00a0est d\u00e9cern\u00e9 tous les 2 ans. Apr\u00e8s Turin en 2008 et S\u00e9oul en 2010, c&rsquo;est Helsinki, capitale de la Finlande, qui d\u00e9tient ce titre pour l&rsquo;ann\u00e9e 2012. Elle se positionne sur le th\u00e8me : \u00ab\u00a0Open Helsinki \u2013 Embedding Design in Life\u00a0\u00bb c&rsquo;est \u00e0 [&hellip;]<\/p>\n","protected":false},"author":1,"featured_media":806,"comment_status":"open","ping_status":"open","sticky":false,"template":"","format":"standard","meta":{"footnotes":""},"categories":[32],"tags":[],"yoast_head":"<!-- This site is optimized with the Yoast SEO plugin v15.0 - https:\/\/yoast.com\/wordpress\/plugins\/seo\/ -->\n<title>Helsinki : capitale mondiale du Design 2012<\/title>\n<meta name=\"description\" content=\"Le titre de\u00a0Capitale mondiale du Design\u00a0est d\u00e9cern\u00e9 tous les 2 ans. Apr\u00e8s Turin en 2008 et S\u00e9oul en 2010, c&#039;est Helsinki cette ann\u00e9e.\" \/>\n<meta name=\"robots\" content=\"index, follow, max-snippet:-1, max-image-preview:large, max-video-preview:-1\" \/>\n<link rel=\"canonical\" href=\"https:\/\/essentia-mobilia.com\/blog\/helsinki-capitale-mondiale-du-design-2012\/\" \/>\n<meta property=\"og:locale\" content=\"fr_FR\" \/>\n<meta property=\"og:type\" content=\"article\" \/>\n<meta property=\"og:title\" content=\"Helsinki : capitale mondiale du Design 2012\" \/>\n<meta property=\"og:description\" content=\"Le titre de\u00a0Capitale mondiale du Design\u00a0est d\u00e9cern\u00e9 tous les 2 ans. Apr\u00e8s Turin en 2008 et S\u00e9oul en 2010, c&#039;est Helsinki cette ann\u00e9e.\" \/>\n<meta property=\"og:url\" content=\"https:\/\/essentia-mobilia.com\/blog\/helsinki-capitale-mondiale-du-design-2012\/\" \/>\n<meta property=\"og:site_name\" content=\"Blog d\u00e9coration et design de Essentia MOBILIA\" \/>\n<meta property=\"article:publisher\" content=\"https:\/\/www.facebook.com\/EssentiaMobilia\" \/>\n<meta property=\"article:published_time\" content=\"2012-07-24T20:02:02+00:00\" \/>\n<meta property=\"article:modified_time\" content=\"2026-02-13T19:58:53+00:00\" \/>\n<meta property=\"og:image\" content=\"https:\/\/essentia-mobilia.com\/blog\/wp-content\/uploads\/2012\/11\/76-Helsinki-world-design-capital-capitale-mondiale-du-design.jpg\" \/>\n\t<meta property=\"og:image:width\" content=\"738\" \/>\n\t<meta property=\"og:image:height\" content=\"429\" \/>\n<meta name=\"twitter:card\" content=\"summary_large_image\" \/>\n<script type=\"application\/ld+json\" class=\"yoast-schema-graph\">{\"@context\":\"https:\/\/schema.org\",\"@graph\":[{\"@type\":\"Organization\",\"@id\":\"https:\/\/essentia-mobilia.com\/blog\/#organization\",\"name\":\"Essentia MOBILIA\",\"url\":\"https:\/\/essentia-mobilia.com\/blog\/\",\"sameAs\":[\"https:\/\/www.facebook.com\/EssentiaMobilia\",\"https:\/\/www.instagram.com\/essentiamobilia\/\",\"https:\/\/fr.pinterest.com\/essentia_mobilia\/\"],\"logo\":{\"@type\":\"ImageObject\",\"@id\":\"https:\/\/essentia-mobilia.com\/blog\/#logo\",\"inLanguage\":\"fr-FR\",\"url\":\"https:\/\/essentia-mobilia.com\/blog\/wp-content\/uploads\/2023\/12\/cropped-essentia-mobilia-logo.jpg\",\"width\":171,\"height\":73,\"caption\":\"Essentia MOBILIA\"},\"image\":{\"@id\":\"https:\/\/essentia-mobilia.com\/blog\/#logo\"}},{\"@type\":\"WebSite\",\"@id\":\"https:\/\/essentia-mobilia.com\/blog\/#website\",\"url\":\"https:\/\/essentia-mobilia.com\/blog\/\",\"name\":\"Blog d\\u00e9coration et design de Essentia MOBILIA\",\"description\":\"\",\"publisher\":{\"@id\":\"https:\/\/essentia-mobilia.com\/blog\/#organization\"},\"potentialAction\":[{\"@type\":\"SearchAction\",\"target\":\"https:\/\/essentia-mobilia.com\/blog\/?s={search_term_string}\",\"query-input\":\"required name=search_term_string\"}],\"inLanguage\":\"fr-FR\"},{\"@type\":\"ImageObject\",\"@id\":\"https:\/\/essentia-mobilia.com\/blog\/helsinki-capitale-mondiale-du-design-2012\/#primaryimage\",\"inLanguage\":\"fr-FR\",\"url\":\"https:\/\/essentia-mobilia.com\/blog\/wp-content\/uploads\/2012\/11\/76-Helsinki-world-design-capital-capitale-mondiale-du-design.jpg\",\"width\":738,\"height\":429},{\"@type\":\"WebPage\",\"@id\":\"https:\/\/essentia-mobilia.com\/blog\/helsinki-capitale-mondiale-du-design-2012\/#webpage\",\"url\":\"https:\/\/essentia-mobilia.com\/blog\/helsinki-capitale-mondiale-du-design-2012\/\",\"name\":\"Helsinki : capitale mondiale du Design 2012\",\"isPartOf\":{\"@id\":\"https:\/\/essentia-mobilia.com\/blog\/#website\"},\"primaryImageOfPage\":{\"@id\":\"https:\/\/essentia-mobilia.com\/blog\/helsinki-capitale-mondiale-du-design-2012\/#primaryimage\"},\"datePublished\":\"2012-07-24T20:02:02+00:00\",\"dateModified\":\"2026-02-13T19:58:53+00:00\",\"description\":\"Le titre de\\u00a0Capitale mondiale du Design\\u00a0est d\\u00e9cern\\u00e9 tous les 2 ans. Apr\\u00e8s Turin en 2008 et S\\u00e9oul en 2010, c'est Helsinki cette ann\\u00e9e.\",\"breadcrumb\":{\"@id\":\"https:\/\/essentia-mobilia.com\/blog\/helsinki-capitale-mondiale-du-design-2012\/#breadcrumb\"},\"inLanguage\":\"fr-FR\",\"potentialAction\":[{\"@type\":\"ReadAction\",\"target\":[\"https:\/\/essentia-mobilia.com\/blog\/helsinki-capitale-mondiale-du-design-2012\/\"]}]},{\"@type\":\"BreadcrumbList\",\"@id\":\"https:\/\/essentia-mobilia.com\/blog\/helsinki-capitale-mondiale-du-design-2012\/#breadcrumb\",\"itemListElement\":[{\"@type\":\"ListItem\",\"position\":1,\"item\":{\"@type\":\"WebPage\",\"@id\":\"https:\/\/essentia-mobilia.com\/blog\/\",\"url\":\"https:\/\/essentia-mobilia.com\/blog\/\",\"name\":\"Accueil\"}},{\"@type\":\"ListItem\",\"position\":2,\"item\":{\"@type\":\"WebPage\",\"@id\":\"https:\/\/essentia-mobilia.com\/blog\/helsinki-capitale-mondiale-du-design-2012\/\",\"url\":\"https:\/\/essentia-mobilia.com\/blog\/helsinki-capitale-mondiale-du-design-2012\/\",\"name\":\"Helsinki : capitale mondiale du Design 2012\"}}]},{\"@type\":\"Article\",\"@id\":\"https:\/\/essentia-mobilia.com\/blog\/helsinki-capitale-mondiale-du-design-2012\/#article\",\"isPartOf\":{\"@id\":\"https:\/\/essentia-mobilia.com\/blog\/helsinki-capitale-mondiale-du-design-2012\/#webpage\"},\"author\":{\"@id\":\"https:\/\/essentia-mobilia.com\/blog\/#\/schema\/person\/f06deeaf73a4baf06738372a688cf68a\"},\"headline\":\"Helsinki : capitale mondiale du Design 2012\",\"datePublished\":\"2012-07-24T20:02:02+00:00\",\"dateModified\":\"2026-02-13T19:58:53+00:00\",\"mainEntityOfPage\":{\"@id\":\"https:\/\/essentia-mobilia.com\/blog\/helsinki-capitale-mondiale-du-design-2012\/#webpage\"},\"commentCount\":0,\"publisher\":{\"@id\":\"https:\/\/essentia-mobilia.com\/blog\/#organization\"},\"image\":{\"@id\":\"https:\/\/essentia-mobilia.com\/blog\/helsinki-capitale-mondiale-du-design-2012\/#primaryimage\"},\"articleSection\":\"Mobilier design\",\"inLanguage\":\"fr-FR\",\"potentialAction\":[{\"@type\":\"CommentAction\",\"name\":\"Comment\",\"target\":[\"https:\/\/essentia-mobilia.com\/blog\/helsinki-capitale-mondiale-du-design-2012\/#respond\"]}]},{\"@type\":\"Person\",\"@id\":\"https:\/\/essentia-mobilia.com\/blog\/#\/schema\/person\/f06deeaf73a4baf06738372a688cf68a\",\"name\":\"myessentiamobilia\",\"image\":{\"@type\":\"ImageObject\",\"@id\":\"https:\/\/essentia-mobilia.com\/blog\/#personlogo\",\"inLanguage\":\"fr-FR\",\"url\":\"https:\/\/secure.gravatar.com\/avatar\/bec63f027f1251faa237003116590784?s=96&d=mm&r=g\",\"caption\":\"myessentiamobilia\"},\"description\":\"A travers ce blog, je partage mes conseils de design et d\\u00e9coration int\\u00e9rieure.\"}]}<\/script>\n<!-- \/ Yoast SEO plugin. -->","_links":{"self":[{"href":"https:\/\/essentia-mobilia.com\/blog\/wp-json\/wp\/v2\/posts\/302"}],"collection":[{"href":"https:\/\/essentia-mobilia.com\/blog\/wp-json\/wp\/v2\/posts"}],"about":[{"href":"https:\/\/essentia-mobilia.com\/blog\/wp-json\/wp\/v2\/types\/post"}],"author":[{"embeddable":true,"href":"https:\/\/essentia-mobilia.com\/blog\/wp-json\/wp\/v2\/users\/1"}],"replies":[{"embeddable":true,"href":"https:\/\/essentia-mobilia.com\/blog\/wp-json\/wp\/v2\/comments?post=302"}],"version-history":[{"count":3,"href":"https:\/\/essentia-mobilia.com\/blog\/wp-json\/wp\/v2\/posts\/302\/revisions"}],"predecessor-version":[{"id":3562,"href":"https:\/\/essentia-mobilia.com\/blog\/wp-json\/wp\/v2\/posts\/302\/revisions\/3562"}],"wp:featuredmedia":[{"embeddable":true,"href":"https:\/\/essentia-mobilia.com\/blog\/wp-json\/wp\/v2\/media\/806"}],"wp:attachment":[{"href":"https:\/\/essentia-mobilia.com\/blog\/wp-json\/wp\/v2\/media?parent=302"}],"wp:term":[{"taxonomy":"category","embeddable":true,"href":"https:\/\/essentia-mobilia.com\/blog\/wp-json\/wp\/v2\/categories?post=302"},{"taxonomy":"post_tag","embeddable":true,"href":"https:\/\/essentia-mobilia.com\/blog\/wp-json\/wp\/v2\/tags?post=302"}],"curies":[{"name":"wp","href":"https:\/\/api.w.org\/{rel}","templated":true}]}}