{"id":297,"date":"2012-07-09T22:02:00","date_gmt":"2012-07-09T20:02:00","guid":{"rendered":"http:\/\/essentia-paris.com\/blog\/?p=297"},"modified":"2026-02-13T21:02:40","modified_gmt":"2026-02-13T20:02:40","slug":"3-expositions-sur-le-paquebot-france-innovations-techniques-et-design","status":"publish","type":"post","link":"https:\/\/essentia-mobilia.com\/blog\/3-expositions-sur-le-paquebot-france-innovations-techniques-et-design\/","title":{"rendered":"3 expositions sur le paquebot France : innovations techniques et design"},"content":{"rendered":"\n<h1 class=\"wp-block-heading\">3 expositions sur le paquebot France : innovations techniques et design<\/h1>\n\n\n<div class=\"wp-block-image\">\n<figure class=\"alignleft\"><a href=\"\/blog\/wp-content\/uploads\/2012\/07\/paquebot-France-%C3%A0-New-York.jpg\"><img decoding=\"async\" src=\"\/blog\/wp-content\/uploads\/2012\/07\/paquebot-France-%C3%A0-New-York.jpg\" alt=\"Paquebot France \u00e0 New York\" class=\"wp-image-643\" title=\"Paquebot France \u00e0 New York\"\/><\/a><\/figure><\/div>\n\n\n<p>Cet \u00e9t\u00e9,&nbsp;<strong>3 expositions sur le paquebot France&nbsp;se tiendront au Havre<\/strong>&nbsp;dans le cadre de la manifestation \u00ab\u00a0un \u00e9t\u00e9 passionn\u00e9ment France\u00a0\u00bb.<\/p>\n\n\n\n<p>&#8211;&nbsp;<strong>Paquebot France<\/strong>&nbsp;au Mus\u00e9e d&rsquo;Art Moderne Andr\u00e9 Malraux<br>&#8211;&nbsp;<strong>France, le roman d\u2019une ville, Le Havre<\/strong>&nbsp;sur la plage : exposition en plein air de photographies retra\u00e7ant la vie sur le paquebot.<br>&#8211;&nbsp;<strong>Mer d\u2019argent, les arts de la table \u00e0 bord des paquebots<\/strong>&nbsp;\u00e0 l\u2019Espace Andr\u00e9 Graillot : L&rsquo;exposition pr\u00e9sente notamment la d\u00e9coration de salles \u00e0 manger et des pi\u00e8ces d&rsquo;argenterie.<\/p>\n\n\n\n<p>Le paquebot transatlantique France a \u00e9t\u00e9 construit par les Chantiers de l&rsquo;Atlantique \u00e0 St Nazaire. Objectif :&nbsp;<strong>refl\u00e9ter le savoir faire et la capacit\u00e9 d&rsquo;innovation de la Franc<\/strong>: chemin\u00e9es au design \u00e9l\u00e9gant qui r\u00e9partissent les fum\u00e9es, ailerons stabilisateurs de roulis, structures l\u00e9g\u00e8res en aluminium, ascenseurs programmables&#8230; &nbsp;<strong>Il est mis en service en 1962 au Havre<\/strong>&nbsp;pour le compte de la Compagnie G\u00e9n\u00e9rale Transatlantique et r\u00e9alise sa premi\u00e8re travers\u00e9e pour New York avec 1800 passagers. Suite \u00e0 de lourdes difficult\u00e9s financi\u00e8res, il est amarr\u00e9 de 1974 \u00e0 1979 au Havre au \u00ab\u00a0quai de l&rsquo;oubli\u00a0\u00bb. Vendu \u00e0 un homme d&rsquo;affaire saoudien en 1977 , il est rachet\u00e9 par un armateur norv\u00e9gien en 1979 : il est alors rebaptis\u00e9 \u00ab\u00a0le Norway\u00a0\u00bb.&nbsp;<strong>Il est finalement d\u00e9mantel\u00e9 en Inde en 2009<\/strong>.<\/p>\n\n\n<div class=\"wp-block-image\">\n<figure class=\"alignleft\"><a href=\"\/blog\/wp-content\/uploads\/2012\/07\/Paquebot-France-D%C3%A9coration-Ameublement.jpg\"><img decoding=\"async\" src=\"\/blog\/wp-content\/uploads\/2012\/07\/Paquebot-France-D%C3%A9coration-Ameublement.jpg\" alt=\"Paquebot France - D\u00e9coration et Ameublement\" class=\"wp-image-642\" title=\"Paquebot France - D\u00e9coration Ameublement\"\/><\/a><\/figure><\/div>\n\n\n<h3 class=\"wp-block-heading\">Ameublement design du Paquebot France<\/h3>\n\n\n\n<p>Le France est une \u0153uvre r\u00e9v\u00e9latrice d\u2019une \u00e9poque. La&nbsp;<strong>d\u00e9coration et l&rsquo;ameu-blement&nbsp;<\/strong>est&nbsp;le fruit de grands d\u00e9corateurs comme&nbsp;Maxime Old,&nbsp;Andr\u00e9 Arbus, Jacques Dumond, Marc Simon,&nbsp;Germaine Darbois-Gaudin, Micheline Willemetz. Le paquebot pr\u00e9sente aussi les&nbsp;<strong>oeuvres d\u2019art<\/strong>&nbsp;de plusieurs artistes tels que&nbsp;Raymond&nbsp;Subes (rampes d&rsquo;escaliers), Jean Picart Le Doux (tapisseries), Picasso (plat c\u00e9ramique).<\/p>\n\n\n\n<p>Photos&nbsp;: Association French Lines (c)<\/p>\n","protected":false},"excerpt":{"rendered":"<p>3 expositions sur le paquebot France : innovations techniques et design Cet \u00e9t\u00e9,&nbsp;3 expositions sur le paquebot France&nbsp;se tiendront au Havre&nbsp;dans le cadre de la manifestation \u00ab\u00a0un \u00e9t\u00e9 passionn\u00e9ment France\u00a0\u00bb. &#8211;&nbsp;Paquebot France&nbsp;au Mus\u00e9e d&rsquo;Art Moderne Andr\u00e9 Malraux&#8211;&nbsp;France, le roman d\u2019une ville, Le Havre&nbsp;sur la plage : exposition en plein air de photographies retra\u00e7ant la vie [&hellip;]<\/p>\n","protected":false},"author":1,"featured_media":811,"comment_status":"open","ping_status":"open","sticky":false,"template":"","format":"standard","meta":{"footnotes":""},"categories":[32],"tags":[],"yoast_head":"<!-- This site is optimized with the Yoast SEO plugin v15.0 - https:\/\/yoast.com\/wordpress\/plugins\/seo\/ -->\n<title>3 expositions sur le paquebot France : innovations techniques et design<\/title>\n<meta name=\"description\" content=\"Cet \u00e9t\u00e9,\u00a03 expositions sur le paquebot France\u00a0se tiendront au Havre\u00a0dans le cadre de la manifestation &quot;un \u00e9t\u00e9 passionn\u00e9ment France&quot;\" \/>\n<meta name=\"robots\" content=\"index, follow, max-snippet:-1, max-image-preview:large, max-video-preview:-1\" \/>\n<link rel=\"canonical\" href=\"https:\/\/essentia-mobilia.com\/blog\/3-expositions-sur-le-paquebot-france-innovations-techniques-et-design\/\" \/>\n<meta property=\"og:locale\" content=\"fr_FR\" \/>\n<meta property=\"og:type\" content=\"article\" \/>\n<meta property=\"og:title\" content=\"3 expositions sur le paquebot France : innovations techniques et design\" \/>\n<meta property=\"og:description\" content=\"Cet \u00e9t\u00e9,\u00a03 expositions sur le paquebot France\u00a0se tiendront au Havre\u00a0dans le cadre de la manifestation &quot;un \u00e9t\u00e9 passionn\u00e9ment France&quot;\" \/>\n<meta property=\"og:url\" content=\"https:\/\/essentia-mobilia.com\/blog\/3-expositions-sur-le-paquebot-france-innovations-techniques-et-design\/\" \/>\n<meta property=\"og:site_name\" content=\"Blog d\u00e9coration et design de Essentia MOBILIA\" \/>\n<meta property=\"article:publisher\" content=\"https:\/\/www.facebook.com\/EssentiaMobilia\" \/>\n<meta property=\"article:published_time\" content=\"2012-07-09T20:02:00+00:00\" \/>\n<meta property=\"article:modified_time\" content=\"2026-02-13T20:02:40+00:00\" \/>\n<meta property=\"og:image\" content=\"https:\/\/essentia-mobilia.com\/blog\/wp-content\/uploads\/2012\/11\/80-paquebot-France-a-New-York.jpg\" \/>\n\t<meta property=\"og:image:width\" content=\"1189\" \/>\n\t<meta property=\"og:image:height\" content=\"589\" \/>\n<meta name=\"twitter:card\" content=\"summary_large_image\" \/>\n<script type=\"application\/ld+json\" class=\"yoast-schema-graph\">{\"@context\":\"https:\/\/schema.org\",\"@graph\":[{\"@type\":\"Organization\",\"@id\":\"https:\/\/essentia-mobilia.com\/blog\/#organization\",\"name\":\"Essentia MOBILIA\",\"url\":\"https:\/\/essentia-mobilia.com\/blog\/\",\"sameAs\":[\"https:\/\/www.facebook.com\/EssentiaMobilia\",\"https:\/\/www.instagram.com\/essentiamobilia\/\",\"https:\/\/fr.pinterest.com\/essentia_mobilia\/\"],\"logo\":{\"@type\":\"ImageObject\",\"@id\":\"https:\/\/essentia-mobilia.com\/blog\/#logo\",\"inLanguage\":\"fr-FR\",\"url\":\"https:\/\/essentia-mobilia.com\/blog\/wp-content\/uploads\/2023\/12\/cropped-essentia-mobilia-logo.jpg\",\"width\":171,\"height\":73,\"caption\":\"Essentia MOBILIA\"},\"image\":{\"@id\":\"https:\/\/essentia-mobilia.com\/blog\/#logo\"}},{\"@type\":\"WebSite\",\"@id\":\"https:\/\/essentia-mobilia.com\/blog\/#website\",\"url\":\"https:\/\/essentia-mobilia.com\/blog\/\",\"name\":\"Blog d\\u00e9coration et design de Essentia MOBILIA\",\"description\":\"\",\"publisher\":{\"@id\":\"https:\/\/essentia-mobilia.com\/blog\/#organization\"},\"potentialAction\":[{\"@type\":\"SearchAction\",\"target\":\"https:\/\/essentia-mobilia.com\/blog\/?s={search_term_string}\",\"query-input\":\"required name=search_term_string\"}],\"inLanguage\":\"fr-FR\"},{\"@type\":\"ImageObject\",\"@id\":\"https:\/\/essentia-mobilia.com\/blog\/3-expositions-sur-le-paquebot-france-innovations-techniques-et-design\/#primaryimage\",\"inLanguage\":\"fr-FR\",\"url\":\"https:\/\/essentia-mobilia.com\/blog\/wp-content\/uploads\/2012\/11\/80-paquebot-France-a-New-York.jpg\",\"width\":1189,\"height\":589},{\"@type\":\"WebPage\",\"@id\":\"https:\/\/essentia-mobilia.com\/blog\/3-expositions-sur-le-paquebot-france-innovations-techniques-et-design\/#webpage\",\"url\":\"https:\/\/essentia-mobilia.com\/blog\/3-expositions-sur-le-paquebot-france-innovations-techniques-et-design\/\",\"name\":\"3 expositions sur le paquebot France : innovations techniques et design\",\"isPartOf\":{\"@id\":\"https:\/\/essentia-mobilia.com\/blog\/#website\"},\"primaryImageOfPage\":{\"@id\":\"https:\/\/essentia-mobilia.com\/blog\/3-expositions-sur-le-paquebot-france-innovations-techniques-et-design\/#primaryimage\"},\"datePublished\":\"2012-07-09T20:02:00+00:00\",\"dateModified\":\"2026-02-13T20:02:40+00:00\",\"description\":\"Cet \\u00e9t\\u00e9,\\u00a03 expositions sur le paquebot France\\u00a0se tiendront au Havre\\u00a0dans le cadre de la manifestation \\\"un \\u00e9t\\u00e9 passionn\\u00e9ment France\\\"\",\"breadcrumb\":{\"@id\":\"https:\/\/essentia-mobilia.com\/blog\/3-expositions-sur-le-paquebot-france-innovations-techniques-et-design\/#breadcrumb\"},\"inLanguage\":\"fr-FR\",\"potentialAction\":[{\"@type\":\"ReadAction\",\"target\":[\"https:\/\/essentia-mobilia.com\/blog\/3-expositions-sur-le-paquebot-france-innovations-techniques-et-design\/\"]}]},{\"@type\":\"BreadcrumbList\",\"@id\":\"https:\/\/essentia-mobilia.com\/blog\/3-expositions-sur-le-paquebot-france-innovations-techniques-et-design\/#breadcrumb\",\"itemListElement\":[{\"@type\":\"ListItem\",\"position\":1,\"item\":{\"@type\":\"WebPage\",\"@id\":\"https:\/\/essentia-mobilia.com\/blog\/\",\"url\":\"https:\/\/essentia-mobilia.com\/blog\/\",\"name\":\"Accueil\"}},{\"@type\":\"ListItem\",\"position\":2,\"item\":{\"@type\":\"WebPage\",\"@id\":\"https:\/\/essentia-mobilia.com\/blog\/3-expositions-sur-le-paquebot-france-innovations-techniques-et-design\/\",\"url\":\"https:\/\/essentia-mobilia.com\/blog\/3-expositions-sur-le-paquebot-france-innovations-techniques-et-design\/\",\"name\":\"3 expositions sur le paquebot France : innovations techniques et design\"}}]},{\"@type\":\"Article\",\"@id\":\"https:\/\/essentia-mobilia.com\/blog\/3-expositions-sur-le-paquebot-france-innovations-techniques-et-design\/#article\",\"isPartOf\":{\"@id\":\"https:\/\/essentia-mobilia.com\/blog\/3-expositions-sur-le-paquebot-france-innovations-techniques-et-design\/#webpage\"},\"author\":{\"@id\":\"https:\/\/essentia-mobilia.com\/blog\/#\/schema\/person\/f06deeaf73a4baf06738372a688cf68a\"},\"headline\":\"3 expositions sur le paquebot France : innovations techniques et design\",\"datePublished\":\"2012-07-09T20:02:00+00:00\",\"dateModified\":\"2026-02-13T20:02:40+00:00\",\"mainEntityOfPage\":{\"@id\":\"https:\/\/essentia-mobilia.com\/blog\/3-expositions-sur-le-paquebot-france-innovations-techniques-et-design\/#webpage\"},\"commentCount\":0,\"publisher\":{\"@id\":\"https:\/\/essentia-mobilia.com\/blog\/#organization\"},\"image\":{\"@id\":\"https:\/\/essentia-mobilia.com\/blog\/3-expositions-sur-le-paquebot-france-innovations-techniques-et-design\/#primaryimage\"},\"articleSection\":\"Mobilier design\",\"inLanguage\":\"fr-FR\",\"potentialAction\":[{\"@type\":\"CommentAction\",\"name\":\"Comment\",\"target\":[\"https:\/\/essentia-mobilia.com\/blog\/3-expositions-sur-le-paquebot-france-innovations-techniques-et-design\/#respond\"]}]},{\"@type\":\"Person\",\"@id\":\"https:\/\/essentia-mobilia.com\/blog\/#\/schema\/person\/f06deeaf73a4baf06738372a688cf68a\",\"name\":\"myessentiamobilia\",\"image\":{\"@type\":\"ImageObject\",\"@id\":\"https:\/\/essentia-mobilia.com\/blog\/#personlogo\",\"inLanguage\":\"fr-FR\",\"url\":\"https:\/\/secure.gravatar.com\/avatar\/bec63f027f1251faa237003116590784?s=96&d=mm&r=g\",\"caption\":\"myessentiamobilia\"},\"description\":\"A travers ce blog, je partage mes conseils de design et d\\u00e9coration int\\u00e9rieure.\"}]}<\/script>\n<!-- \/ Yoast SEO plugin. -->","_links":{"self":[{"href":"https:\/\/essentia-mobilia.com\/blog\/wp-json\/wp\/v2\/posts\/297"}],"collection":[{"href":"https:\/\/essentia-mobilia.com\/blog\/wp-json\/wp\/v2\/posts"}],"about":[{"href":"https:\/\/essentia-mobilia.com\/blog\/wp-json\/wp\/v2\/types\/post"}],"author":[{"embeddable":true,"href":"https:\/\/essentia-mobilia.com\/blog\/wp-json\/wp\/v2\/users\/1"}],"replies":[{"embeddable":true,"href":"https:\/\/essentia-mobilia.com\/blog\/wp-json\/wp\/v2\/comments?post=297"}],"version-history":[{"count":3,"href":"https:\/\/essentia-mobilia.com\/blog\/wp-json\/wp\/v2\/posts\/297\/revisions"}],"predecessor-version":[{"id":3566,"href":"https:\/\/essentia-mobilia.com\/blog\/wp-json\/wp\/v2\/posts\/297\/revisions\/3566"}],"wp:featuredmedia":[{"embeddable":true,"href":"https:\/\/essentia-mobilia.com\/blog\/wp-json\/wp\/v2\/media\/811"}],"wp:attachment":[{"href":"https:\/\/essentia-mobilia.com\/blog\/wp-json\/wp\/v2\/media?parent=297"}],"wp:term":[{"taxonomy":"category","embeddable":true,"href":"https:\/\/essentia-mobilia.com\/blog\/wp-json\/wp\/v2\/categories?post=297"},{"taxonomy":"post_tag","embeddable":true,"href":"https:\/\/essentia-mobilia.com\/blog\/wp-json\/wp\/v2\/tags?post=297"}],"curies":[{"name":"wp","href":"https:\/\/api.w.org\/{rel}","templated":true}]}}