{"id":296,"date":"2012-07-06T22:01:59","date_gmt":"2012-07-06T20:01:59","guid":{"rendered":"http:\/\/essentia-paris.com\/blog\/?p=296"},"modified":"2026-02-13T21:02:52","modified_gmt":"2026-02-13T20:02:52","slug":"une-chapelle-accueille-les-oeuvres-de-la-designer-constance-guisset","status":"publish","type":"post","link":"https:\/\/essentia-mobilia.com\/blog\/une-chapelle-accueille-les-oeuvres-de-la-designer-constance-guisset\/","title":{"rendered":"Une chapelle accueille les oeuvres de la designer Constance Guisset"},"content":{"rendered":"\n<h1 class=\"wp-block-heading\">Une chapelle accueille les oeuvres de la designer Constance Guisset<\/h1>\n\n\n<div class=\"wp-block-image\">\n<figure class=\"alignleft\"><a href=\"\/blog\/wp-content\/uploads\/2012\/06\/Constance-Guisset-Chapelle-des-Calvairiennes.jpg\"><img decoding=\"async\" src=\"\/blog\/wp-content\/uploads\/2012\/06\/Constance-Guisset-Chapelle-des-Calvairiennes.jpg\" alt=\"Constance-Guisset-Chapelle des Calvairiennes\" class=\"wp-image-635\" title=\"Constance-Guisset-Chapelle des Calvairiennes\"\/><\/a><\/figure><\/div>\n\n\n<p><strong>Constance Guisset<\/strong>&nbsp;pr\u00e9sente dans la&nbsp;<strong>Chapelle des Calvairiennes<\/strong>, reconvertie en centre d&rsquo;art contemporain du Pays de la Mayenne, des cr\u00e9ations dans le domaine du&nbsp;<strong>design, de la vid\u00e9o et de la sc\u00e9nographie<\/strong>. Cet \u00e9v\u00e8nement qui a lieu du 27 mai au 8 juillet 2012 permet de d\u00e9couvrir des objets design \u00e9dit\u00e9s tels que Cape Lamp, LampeVertigo, &nbsp;Fauteuil Sol Rocking Chair&#8230;, un film et une installation sc\u00e9nographique en cordes lumineuses.<\/p>\n\n\n\n<p>Nous saluons ici la grande cr\u00e9ativit\u00e9 d&rsquo;une designer au parcours atypique (\u00e9cole de commerce, sciences politiques puis \u00e9tudes de design).<\/p>\n","protected":false},"excerpt":{"rendered":"<p>Une chapelle accueille les oeuvres de la designer Constance Guisset Constance Guisset&nbsp;pr\u00e9sente dans la&nbsp;Chapelle des Calvairiennes, reconvertie en centre d&rsquo;art contemporain du Pays de la Mayenne, des cr\u00e9ations dans le domaine du&nbsp;design, de la vid\u00e9o et de la sc\u00e9nographie. Cet \u00e9v\u00e8nement qui a lieu du 27 mai au 8 juillet 2012 permet de d\u00e9couvrir des [&hellip;]<\/p>\n","protected":false},"author":1,"featured_media":812,"comment_status":"open","ping_status":"open","sticky":false,"template":"","format":"standard","meta":{"footnotes":""},"categories":[32],"tags":[],"yoast_head":"<!-- This site is optimized with the Yoast SEO plugin v15.0 - https:\/\/yoast.com\/wordpress\/plugins\/seo\/ -->\n<title>Une chapelle accueille les oeuvres de la designer Constance Guisset<\/title>\n<meta name=\"description\" content=\"Constance Guisset\u00a0pr\u00e9sente dans la\u00a0Chapelle des Calvairiennes, reconvertie en centre d&#039;art contemporain du Pays de la Mayenne, ses cr\u00e9ations.\" \/>\n<meta name=\"robots\" content=\"index, follow, max-snippet:-1, max-image-preview:large, max-video-preview:-1\" \/>\n<link rel=\"canonical\" href=\"https:\/\/essentia-mobilia.com\/blog\/une-chapelle-accueille-les-oeuvres-de-la-designer-constance-guisset\/\" \/>\n<meta property=\"og:locale\" content=\"fr_FR\" \/>\n<meta property=\"og:type\" content=\"article\" \/>\n<meta property=\"og:title\" content=\"Une chapelle accueille les oeuvres de la designer Constance Guisset\" \/>\n<meta property=\"og:description\" content=\"Constance Guisset\u00a0pr\u00e9sente dans la\u00a0Chapelle des Calvairiennes, reconvertie en centre d&#039;art contemporain du Pays de la Mayenne, ses cr\u00e9ations.\" \/>\n<meta property=\"og:url\" content=\"https:\/\/essentia-mobilia.com\/blog\/une-chapelle-accueille-les-oeuvres-de-la-designer-constance-guisset\/\" \/>\n<meta property=\"og:site_name\" content=\"Blog d\u00e9coration et design de Essentia MOBILIA\" \/>\n<meta property=\"article:publisher\" content=\"https:\/\/www.facebook.com\/EssentiaMobilia\" \/>\n<meta property=\"article:published_time\" content=\"2012-07-06T20:01:59+00:00\" \/>\n<meta property=\"article:modified_time\" content=\"2026-02-13T20:02:52+00:00\" \/>\n<meta property=\"og:image\" content=\"https:\/\/essentia-mobilia.com\/blog\/wp-content\/uploads\/2012\/11\/81-Constance-Guisset-Chapelle-des-Calvairiennes.jpg\" \/>\n\t<meta property=\"og:image:width\" content=\"600\" \/>\n\t<meta property=\"og:image:height\" content=\"416\" \/>\n<meta name=\"twitter:card\" content=\"summary_large_image\" \/>\n<script type=\"application\/ld+json\" class=\"yoast-schema-graph\">{\"@context\":\"https:\/\/schema.org\",\"@graph\":[{\"@type\":\"Organization\",\"@id\":\"https:\/\/essentia-mobilia.com\/blog\/#organization\",\"name\":\"Essentia MOBILIA\",\"url\":\"https:\/\/essentia-mobilia.com\/blog\/\",\"sameAs\":[\"https:\/\/www.facebook.com\/EssentiaMobilia\",\"https:\/\/www.instagram.com\/essentiamobilia\/\",\"https:\/\/fr.pinterest.com\/essentia_mobilia\/\"],\"logo\":{\"@type\":\"ImageObject\",\"@id\":\"https:\/\/essentia-mobilia.com\/blog\/#logo\",\"inLanguage\":\"fr-FR\",\"url\":\"https:\/\/essentia-mobilia.com\/blog\/wp-content\/uploads\/2023\/12\/cropped-essentia-mobilia-logo.jpg\",\"width\":171,\"height\":73,\"caption\":\"Essentia MOBILIA\"},\"image\":{\"@id\":\"https:\/\/essentia-mobilia.com\/blog\/#logo\"}},{\"@type\":\"WebSite\",\"@id\":\"https:\/\/essentia-mobilia.com\/blog\/#website\",\"url\":\"https:\/\/essentia-mobilia.com\/blog\/\",\"name\":\"Blog d\\u00e9coration et design de Essentia MOBILIA\",\"description\":\"\",\"publisher\":{\"@id\":\"https:\/\/essentia-mobilia.com\/blog\/#organization\"},\"potentialAction\":[{\"@type\":\"SearchAction\",\"target\":\"https:\/\/essentia-mobilia.com\/blog\/?s={search_term_string}\",\"query-input\":\"required name=search_term_string\"}],\"inLanguage\":\"fr-FR\"},{\"@type\":\"ImageObject\",\"@id\":\"https:\/\/essentia-mobilia.com\/blog\/une-chapelle-accueille-les-oeuvres-de-la-designer-constance-guisset\/#primaryimage\",\"inLanguage\":\"fr-FR\",\"url\":\"https:\/\/essentia-mobilia.com\/blog\/wp-content\/uploads\/2012\/11\/81-Constance-Guisset-Chapelle-des-Calvairiennes.jpg\",\"width\":600,\"height\":416},{\"@type\":\"WebPage\",\"@id\":\"https:\/\/essentia-mobilia.com\/blog\/une-chapelle-accueille-les-oeuvres-de-la-designer-constance-guisset\/#webpage\",\"url\":\"https:\/\/essentia-mobilia.com\/blog\/une-chapelle-accueille-les-oeuvres-de-la-designer-constance-guisset\/\",\"name\":\"Une chapelle accueille les oeuvres de la designer Constance Guisset\",\"isPartOf\":{\"@id\":\"https:\/\/essentia-mobilia.com\/blog\/#website\"},\"primaryImageOfPage\":{\"@id\":\"https:\/\/essentia-mobilia.com\/blog\/une-chapelle-accueille-les-oeuvres-de-la-designer-constance-guisset\/#primaryimage\"},\"datePublished\":\"2012-07-06T20:01:59+00:00\",\"dateModified\":\"2026-02-13T20:02:52+00:00\",\"description\":\"Constance Guisset\\u00a0pr\\u00e9sente dans la\\u00a0Chapelle des Calvairiennes, reconvertie en centre d'art contemporain du Pays de la Mayenne, ses cr\\u00e9ations.\",\"breadcrumb\":{\"@id\":\"https:\/\/essentia-mobilia.com\/blog\/une-chapelle-accueille-les-oeuvres-de-la-designer-constance-guisset\/#breadcrumb\"},\"inLanguage\":\"fr-FR\",\"potentialAction\":[{\"@type\":\"ReadAction\",\"target\":[\"https:\/\/essentia-mobilia.com\/blog\/une-chapelle-accueille-les-oeuvres-de-la-designer-constance-guisset\/\"]}]},{\"@type\":\"BreadcrumbList\",\"@id\":\"https:\/\/essentia-mobilia.com\/blog\/une-chapelle-accueille-les-oeuvres-de-la-designer-constance-guisset\/#breadcrumb\",\"itemListElement\":[{\"@type\":\"ListItem\",\"position\":1,\"item\":{\"@type\":\"WebPage\",\"@id\":\"https:\/\/essentia-mobilia.com\/blog\/\",\"url\":\"https:\/\/essentia-mobilia.com\/blog\/\",\"name\":\"Accueil\"}},{\"@type\":\"ListItem\",\"position\":2,\"item\":{\"@type\":\"WebPage\",\"@id\":\"https:\/\/essentia-mobilia.com\/blog\/une-chapelle-accueille-les-oeuvres-de-la-designer-constance-guisset\/\",\"url\":\"https:\/\/essentia-mobilia.com\/blog\/une-chapelle-accueille-les-oeuvres-de-la-designer-constance-guisset\/\",\"name\":\"Une chapelle accueille les oeuvres de la designer Constance Guisset\"}}]},{\"@type\":\"Article\",\"@id\":\"https:\/\/essentia-mobilia.com\/blog\/une-chapelle-accueille-les-oeuvres-de-la-designer-constance-guisset\/#article\",\"isPartOf\":{\"@id\":\"https:\/\/essentia-mobilia.com\/blog\/une-chapelle-accueille-les-oeuvres-de-la-designer-constance-guisset\/#webpage\"},\"author\":{\"@id\":\"https:\/\/essentia-mobilia.com\/blog\/#\/schema\/person\/f06deeaf73a4baf06738372a688cf68a\"},\"headline\":\"Une chapelle accueille les oeuvres de la designer Constance Guisset\",\"datePublished\":\"2012-07-06T20:01:59+00:00\",\"dateModified\":\"2026-02-13T20:02:52+00:00\",\"mainEntityOfPage\":{\"@id\":\"https:\/\/essentia-mobilia.com\/blog\/une-chapelle-accueille-les-oeuvres-de-la-designer-constance-guisset\/#webpage\"},\"commentCount\":0,\"publisher\":{\"@id\":\"https:\/\/essentia-mobilia.com\/blog\/#organization\"},\"image\":{\"@id\":\"https:\/\/essentia-mobilia.com\/blog\/une-chapelle-accueille-les-oeuvres-de-la-designer-constance-guisset\/#primaryimage\"},\"articleSection\":\"Mobilier design\",\"inLanguage\":\"fr-FR\",\"potentialAction\":[{\"@type\":\"CommentAction\",\"name\":\"Comment\",\"target\":[\"https:\/\/essentia-mobilia.com\/blog\/une-chapelle-accueille-les-oeuvres-de-la-designer-constance-guisset\/#respond\"]}]},{\"@type\":\"Person\",\"@id\":\"https:\/\/essentia-mobilia.com\/blog\/#\/schema\/person\/f06deeaf73a4baf06738372a688cf68a\",\"name\":\"myessentiamobilia\",\"image\":{\"@type\":\"ImageObject\",\"@id\":\"https:\/\/essentia-mobilia.com\/blog\/#personlogo\",\"inLanguage\":\"fr-FR\",\"url\":\"https:\/\/secure.gravatar.com\/avatar\/bec63f027f1251faa237003116590784?s=96&d=mm&r=g\",\"caption\":\"myessentiamobilia\"},\"description\":\"A travers ce blog, je partage mes conseils de design et d\\u00e9coration int\\u00e9rieure.\"}]}<\/script>\n<!-- \/ Yoast SEO plugin. -->","_links":{"self":[{"href":"https:\/\/essentia-mobilia.com\/blog\/wp-json\/wp\/v2\/posts\/296"}],"collection":[{"href":"https:\/\/essentia-mobilia.com\/blog\/wp-json\/wp\/v2\/posts"}],"about":[{"href":"https:\/\/essentia-mobilia.com\/blog\/wp-json\/wp\/v2\/types\/post"}],"author":[{"embeddable":true,"href":"https:\/\/essentia-mobilia.com\/blog\/wp-json\/wp\/v2\/users\/1"}],"replies":[{"embeddable":true,"href":"https:\/\/essentia-mobilia.com\/blog\/wp-json\/wp\/v2\/comments?post=296"}],"version-history":[{"count":3,"href":"https:\/\/essentia-mobilia.com\/blog\/wp-json\/wp\/v2\/posts\/296\/revisions"}],"predecessor-version":[{"id":3567,"href":"https:\/\/essentia-mobilia.com\/blog\/wp-json\/wp\/v2\/posts\/296\/revisions\/3567"}],"wp:featuredmedia":[{"embeddable":true,"href":"https:\/\/essentia-mobilia.com\/blog\/wp-json\/wp\/v2\/media\/812"}],"wp:attachment":[{"href":"https:\/\/essentia-mobilia.com\/blog\/wp-json\/wp\/v2\/media?parent=296"}],"wp:term":[{"taxonomy":"category","embeddable":true,"href":"https:\/\/essentia-mobilia.com\/blog\/wp-json\/wp\/v2\/categories?post=296"},{"taxonomy":"post_tag","embeddable":true,"href":"https:\/\/essentia-mobilia.com\/blog\/wp-json\/wp\/v2\/tags?post=296"}],"curies":[{"name":"wp","href":"https:\/\/api.w.org\/{rel}","templated":true}]}}