{"id":295,"date":"2012-07-04T22:01:59","date_gmt":"2012-07-04T20:01:59","guid":{"rendered":"http:\/\/essentia-paris.com\/blog\/?p=295"},"modified":"2026-02-13T21:03:04","modified_gmt":"2026-02-13T20:03:04","slug":"de-lart-derriere-les-vitrines-des-galeries-lafayette","status":"publish","type":"post","link":"https:\/\/essentia-mobilia.com\/blog\/de-lart-derriere-les-vitrines-des-galeries-lafayette\/","title":{"rendered":"De l&rsquo;art derri\u00e8re les vitrines des Galeries Lafayette !"},"content":{"rendered":"\n<h1 class=\"wp-block-heading\">De l&rsquo;art derri\u00e8re les vitrines des Galeries Lafayette !<\/h1>\n\n\n<div class=\"wp-block-image\">\n<figure class=\"alignleft\"><img decoding=\"async\" src=\"\/blog\/wp-content\/uploads\/2012\/06\/Vitrines-sur-lart-Galeries-Lafayette-Paris-Marseille-Nantes-Strasbourg.jpg\" alt=\"Vitrines-sur-l'art-Galeries Lafayette-Paris Marseille Nantes Strasbourg\" class=\"wp-image-622\" title=\"Vitrines-sur-l'art-Galeries Lafayette-Paris Marseille Nantes Strasbourg\"\/><\/figure><\/div>\n\n\n<p>Pour la 4\u00e8me ann\u00e9e \u00e0 Paris et pour la premi\u00e8re fois \u00e0 Marseille, Nantes et Strasbourg, les&nbsp;<strong>Galeries Lafayette<\/strong>&nbsp;pr\u00e9sentent dans leurs vitrines&nbsp;<strong>des cr\u00e9ations d&rsquo;institutions culturelles<\/strong>&nbsp;telles que&nbsp;le Centre Pompidou, la Cit\u00e9 de l\u2019Architecture, la Gait\u00e9 lyrique, le Mus\u00e9e d\u2019Art moderne de la ville de Paris, le Palais de Tokyo et le Mus\u00e9e de la Mode de la Ville de Paris, Galliera.<\/p>\n\n\n\n<p>Cet \u00e9v\u00e8nement qui aura lieu&nbsp;du&nbsp;<strong>9 juillet au 4 ao\u00fbt 2012<\/strong>&nbsp;souligne la volont\u00e9 des Galeries Lafayette de jouer un r\u00f4le de m\u00e9diation entre cr\u00e9ation et grand public.<\/p>\n","protected":false},"excerpt":{"rendered":"<p>De l&rsquo;art derri\u00e8re les vitrines des Galeries Lafayette ! Pour la 4\u00e8me ann\u00e9e \u00e0 Paris et pour la premi\u00e8re fois \u00e0 Marseille, Nantes et Strasbourg, les&nbsp;Galeries Lafayette&nbsp;pr\u00e9sentent dans leurs vitrines&nbsp;des cr\u00e9ations d&rsquo;institutions culturelles&nbsp;telles que&nbsp;le Centre Pompidou, la Cit\u00e9 de l\u2019Architecture, la Gait\u00e9 lyrique, le Mus\u00e9e d\u2019Art moderne de la ville de Paris, le Palais de [&hellip;]<\/p>\n","protected":false},"author":1,"featured_media":813,"comment_status":"open","ping_status":"open","sticky":false,"template":"","format":"standard","meta":{"footnotes":""},"categories":[32],"tags":[],"yoast_head":"<!-- This site is optimized with the Yoast SEO plugin v15.0 - https:\/\/yoast.com\/wordpress\/plugins\/seo\/ -->\n<title>De l&#039;art derri\u00e8re les vitrines des Galeries Lafayette !<\/title>\n<meta name=\"description\" content=\"Pour la 4\u00e8me ann\u00e9e \u00e0 Paris et pour la premi\u00e8re fois \u00e0 Marseille, Nantes et Strasbourg, les Galeries Lafayette pr\u00e9sentent dans leurs vitrines des cr\u00e9ations d&#039;institutions culturelles.\" \/>\n<meta name=\"robots\" content=\"index, follow, max-snippet:-1, max-image-preview:large, max-video-preview:-1\" \/>\n<link rel=\"canonical\" href=\"https:\/\/essentia-mobilia.com\/blog\/de-lart-derriere-les-vitrines-des-galeries-lafayette\/\" \/>\n<meta property=\"og:locale\" content=\"fr_FR\" \/>\n<meta property=\"og:type\" content=\"article\" \/>\n<meta property=\"og:title\" content=\"De l&#039;art derri\u00e8re les vitrines des Galeries Lafayette !\" \/>\n<meta property=\"og:description\" content=\"Pour la 4\u00e8me ann\u00e9e \u00e0 Paris et pour la premi\u00e8re fois \u00e0 Marseille, Nantes et Strasbourg, les Galeries Lafayette pr\u00e9sentent dans leurs vitrines des cr\u00e9ations d&#039;institutions culturelles.\" \/>\n<meta property=\"og:url\" content=\"https:\/\/essentia-mobilia.com\/blog\/de-lart-derriere-les-vitrines-des-galeries-lafayette\/\" \/>\n<meta property=\"og:site_name\" content=\"Blog d\u00e9coration et design de Essentia MOBILIA\" \/>\n<meta property=\"article:publisher\" content=\"https:\/\/www.facebook.com\/EssentiaMobilia\" \/>\n<meta property=\"article:published_time\" content=\"2012-07-04T20:01:59+00:00\" \/>\n<meta property=\"article:modified_time\" content=\"2026-02-13T20:03:04+00:00\" \/>\n<meta property=\"og:image\" content=\"https:\/\/essentia-mobilia.com\/blog\/wp-content\/uploads\/2012\/11\/82-Vitrines-sur-lart-Galeries-Lafayette-Paris-Marseille-Nantes-Strasbourg.jpg\" \/>\n\t<meta property=\"og:image:width\" content=\"362\" \/>\n\t<meta property=\"og:image:height\" content=\"360\" \/>\n<meta name=\"twitter:card\" content=\"summary_large_image\" \/>\n<script type=\"application\/ld+json\" class=\"yoast-schema-graph\">{\"@context\":\"https:\/\/schema.org\",\"@graph\":[{\"@type\":\"Organization\",\"@id\":\"https:\/\/essentia-mobilia.com\/blog\/#organization\",\"name\":\"Essentia MOBILIA\",\"url\":\"https:\/\/essentia-mobilia.com\/blog\/\",\"sameAs\":[\"https:\/\/www.facebook.com\/EssentiaMobilia\",\"https:\/\/www.instagram.com\/essentiamobilia\/\",\"https:\/\/fr.pinterest.com\/essentia_mobilia\/\"],\"logo\":{\"@type\":\"ImageObject\",\"@id\":\"https:\/\/essentia-mobilia.com\/blog\/#logo\",\"inLanguage\":\"fr-FR\",\"url\":\"https:\/\/essentia-mobilia.com\/blog\/wp-content\/uploads\/2023\/12\/cropped-essentia-mobilia-logo.jpg\",\"width\":171,\"height\":73,\"caption\":\"Essentia MOBILIA\"},\"image\":{\"@id\":\"https:\/\/essentia-mobilia.com\/blog\/#logo\"}},{\"@type\":\"WebSite\",\"@id\":\"https:\/\/essentia-mobilia.com\/blog\/#website\",\"url\":\"https:\/\/essentia-mobilia.com\/blog\/\",\"name\":\"Blog d\\u00e9coration et design de Essentia MOBILIA\",\"description\":\"\",\"publisher\":{\"@id\":\"https:\/\/essentia-mobilia.com\/blog\/#organization\"},\"potentialAction\":[{\"@type\":\"SearchAction\",\"target\":\"https:\/\/essentia-mobilia.com\/blog\/?s={search_term_string}\",\"query-input\":\"required name=search_term_string\"}],\"inLanguage\":\"fr-FR\"},{\"@type\":\"ImageObject\",\"@id\":\"https:\/\/essentia-mobilia.com\/blog\/de-lart-derriere-les-vitrines-des-galeries-lafayette\/#primaryimage\",\"inLanguage\":\"fr-FR\",\"url\":\"https:\/\/essentia-mobilia.com\/blog\/wp-content\/uploads\/2012\/11\/82-Vitrines-sur-lart-Galeries-Lafayette-Paris-Marseille-Nantes-Strasbourg.jpg\",\"width\":362,\"height\":360},{\"@type\":\"WebPage\",\"@id\":\"https:\/\/essentia-mobilia.com\/blog\/de-lart-derriere-les-vitrines-des-galeries-lafayette\/#webpage\",\"url\":\"https:\/\/essentia-mobilia.com\/blog\/de-lart-derriere-les-vitrines-des-galeries-lafayette\/\",\"name\":\"De l'art derri\\u00e8re les vitrines des Galeries Lafayette !\",\"isPartOf\":{\"@id\":\"https:\/\/essentia-mobilia.com\/blog\/#website\"},\"primaryImageOfPage\":{\"@id\":\"https:\/\/essentia-mobilia.com\/blog\/de-lart-derriere-les-vitrines-des-galeries-lafayette\/#primaryimage\"},\"datePublished\":\"2012-07-04T20:01:59+00:00\",\"dateModified\":\"2026-02-13T20:03:04+00:00\",\"description\":\"Pour la 4\\u00e8me ann\\u00e9e \\u00e0 Paris et pour la premi\\u00e8re fois \\u00e0 Marseille, Nantes et Strasbourg, les Galeries Lafayette pr\\u00e9sentent dans leurs vitrines des cr\\u00e9ations d'institutions culturelles.\",\"breadcrumb\":{\"@id\":\"https:\/\/essentia-mobilia.com\/blog\/de-lart-derriere-les-vitrines-des-galeries-lafayette\/#breadcrumb\"},\"inLanguage\":\"fr-FR\",\"potentialAction\":[{\"@type\":\"ReadAction\",\"target\":[\"https:\/\/essentia-mobilia.com\/blog\/de-lart-derriere-les-vitrines-des-galeries-lafayette\/\"]}]},{\"@type\":\"BreadcrumbList\",\"@id\":\"https:\/\/essentia-mobilia.com\/blog\/de-lart-derriere-les-vitrines-des-galeries-lafayette\/#breadcrumb\",\"itemListElement\":[{\"@type\":\"ListItem\",\"position\":1,\"item\":{\"@type\":\"WebPage\",\"@id\":\"https:\/\/essentia-mobilia.com\/blog\/\",\"url\":\"https:\/\/essentia-mobilia.com\/blog\/\",\"name\":\"Accueil\"}},{\"@type\":\"ListItem\",\"position\":2,\"item\":{\"@type\":\"WebPage\",\"@id\":\"https:\/\/essentia-mobilia.com\/blog\/de-lart-derriere-les-vitrines-des-galeries-lafayette\/\",\"url\":\"https:\/\/essentia-mobilia.com\/blog\/de-lart-derriere-les-vitrines-des-galeries-lafayette\/\",\"name\":\"De l&rsquo;art derri\\u00e8re les vitrines des Galeries Lafayette !\"}}]},{\"@type\":\"Article\",\"@id\":\"https:\/\/essentia-mobilia.com\/blog\/de-lart-derriere-les-vitrines-des-galeries-lafayette\/#article\",\"isPartOf\":{\"@id\":\"https:\/\/essentia-mobilia.com\/blog\/de-lart-derriere-les-vitrines-des-galeries-lafayette\/#webpage\"},\"author\":{\"@id\":\"https:\/\/essentia-mobilia.com\/blog\/#\/schema\/person\/f06deeaf73a4baf06738372a688cf68a\"},\"headline\":\"De l&rsquo;art derri\\u00e8re les vitrines des Galeries Lafayette !\",\"datePublished\":\"2012-07-04T20:01:59+00:00\",\"dateModified\":\"2026-02-13T20:03:04+00:00\",\"mainEntityOfPage\":{\"@id\":\"https:\/\/essentia-mobilia.com\/blog\/de-lart-derriere-les-vitrines-des-galeries-lafayette\/#webpage\"},\"commentCount\":0,\"publisher\":{\"@id\":\"https:\/\/essentia-mobilia.com\/blog\/#organization\"},\"image\":{\"@id\":\"https:\/\/essentia-mobilia.com\/blog\/de-lart-derriere-les-vitrines-des-galeries-lafayette\/#primaryimage\"},\"articleSection\":\"Mobilier design\",\"inLanguage\":\"fr-FR\",\"potentialAction\":[{\"@type\":\"CommentAction\",\"name\":\"Comment\",\"target\":[\"https:\/\/essentia-mobilia.com\/blog\/de-lart-derriere-les-vitrines-des-galeries-lafayette\/#respond\"]}]},{\"@type\":\"Person\",\"@id\":\"https:\/\/essentia-mobilia.com\/blog\/#\/schema\/person\/f06deeaf73a4baf06738372a688cf68a\",\"name\":\"myessentiamobilia\",\"image\":{\"@type\":\"ImageObject\",\"@id\":\"https:\/\/essentia-mobilia.com\/blog\/#personlogo\",\"inLanguage\":\"fr-FR\",\"url\":\"https:\/\/secure.gravatar.com\/avatar\/bec63f027f1251faa237003116590784?s=96&d=mm&r=g\",\"caption\":\"myessentiamobilia\"},\"description\":\"A travers ce blog, je partage mes conseils de design et d\\u00e9coration int\\u00e9rieure.\"}]}<\/script>\n<!-- \/ Yoast SEO plugin. -->","_links":{"self":[{"href":"https:\/\/essentia-mobilia.com\/blog\/wp-json\/wp\/v2\/posts\/295"}],"collection":[{"href":"https:\/\/essentia-mobilia.com\/blog\/wp-json\/wp\/v2\/posts"}],"about":[{"href":"https:\/\/essentia-mobilia.com\/blog\/wp-json\/wp\/v2\/types\/post"}],"author":[{"embeddable":true,"href":"https:\/\/essentia-mobilia.com\/blog\/wp-json\/wp\/v2\/users\/1"}],"replies":[{"embeddable":true,"href":"https:\/\/essentia-mobilia.com\/blog\/wp-json\/wp\/v2\/comments?post=295"}],"version-history":[{"count":3,"href":"https:\/\/essentia-mobilia.com\/blog\/wp-json\/wp\/v2\/posts\/295\/revisions"}],"predecessor-version":[{"id":3568,"href":"https:\/\/essentia-mobilia.com\/blog\/wp-json\/wp\/v2\/posts\/295\/revisions\/3568"}],"wp:featuredmedia":[{"embeddable":true,"href":"https:\/\/essentia-mobilia.com\/blog\/wp-json\/wp\/v2\/media\/813"}],"wp:attachment":[{"href":"https:\/\/essentia-mobilia.com\/blog\/wp-json\/wp\/v2\/media?parent=295"}],"wp:term":[{"taxonomy":"category","embeddable":true,"href":"https:\/\/essentia-mobilia.com\/blog\/wp-json\/wp\/v2\/categories?post=295"},{"taxonomy":"post_tag","embeddable":true,"href":"https:\/\/essentia-mobilia.com\/blog\/wp-json\/wp\/v2\/tags?post=295"}],"curies":[{"name":"wp","href":"https:\/\/api.w.org\/{rel}","templated":true}]}}