{"id":294,"date":"2012-07-02T22:01:58","date_gmt":"2012-07-02T20:01:58","guid":{"rendered":"http:\/\/essentia-paris.com\/blog\/?p=294"},"modified":"2026-02-13T21:03:18","modified_gmt":"2026-02-13T20:03:18","slug":"un-prix-qui-recompense-lechange-fructueux-entre-designers-et-artisans-dart","status":"publish","type":"post","link":"https:\/\/essentia-mobilia.com\/blog\/un-prix-qui-recompense-lechange-fructueux-entre-designers-et-artisans-dart\/","title":{"rendered":"Un prix qui r\u00e9compense l&rsquo;\u00e9change fructueux entre designers et artisans d&rsquo;art"},"content":{"rendered":"\n<h1 class=\"wp-block-heading\">Un prix qui r\u00e9compense l&rsquo;\u00e9change fructueux entre designers et artisans d&rsquo;art<\/h1>\n\n\n\n<p>La Fondation Bettencourt Schueller a cr\u00e9\u00e9 en 1999 le\u00a0<strong>Prix Liliane Bettencourt pour l&rsquo;Intelligence de la Main<\/strong>\u00a0qui r\u00e9compense\u00a0<strong>des artisans d&rsquo;art au savoir faire ma\u00eetris\u00e9<\/strong>\u00a0: innovation, technicit\u00e9, esth\u00e9tisme. Depuis 2010, la Fondation d\u00e9cerne chaque ann\u00e9e 2 distinctions :\u00a0<strong>Talents d&rsquo;exception<\/strong>\u00a0qui r\u00e9compense le chef d&rsquo;oeuvre d&rsquo;un artisan d&rsquo;art et\u00a0<strong>Dialogue<\/strong>\u00a0qui encourage l&rsquo;\u00e9change entre plusieurs artisans d&rsquo;art ou cr\u00e9ateurs.<\/p>\n\n\n\n<h3 class=\"wp-block-heading\">Un canap\u00e9 design cuir : Irregular Bomb<\/h3>\n\n\n\n<p>Cette ann\u00e9e, focus sur les laur\u00e9ats de&nbsp;<strong>Dialogue<\/strong>&nbsp;: Bernadette N&rsquo;Guyen (couturi\u00e8re), Maurice Barnab\u00e9 (menuisier, sellier), Jean-Paul Mah\u00e9 (sellier), Robert Stadler (designer)&nbsp;<strong>pour leur canap\u00e9 \u00ab\u00a0Irregular Bomb\u00a0\u00bb<\/strong>. Ce canap\u00e9 poss\u00e8de une structure en bois, un rev\u00eatement en mousse et une finition en cuir. Il se pr\u00e9sente en un seul bloc et s&rsquo;utilise d&rsquo;un c\u00f4t\u00e9 ou de l&rsquo;autre.<\/p>\n\n\n<div class=\"wp-block-image\">\n<figure class=\"alignleft\"><a href=\"\/blog\/wp-content\/uploads\/2012\/06\/Canape-Irregular-Bomb-Dialogues-Intelligence-de-la-Main-Fondation-Bettencourt.jpg\"><img decoding=\"async\" src=\"\/blog\/wp-content\/uploads\/2012\/06\/Canape-Irregular-Bomb-Dialogues-Intelligence-de-la-Main-Fondation-Bettencourt.jpg\" alt=\"Canape Irregular Bomb-Dialogues-Intelligence de la Main-Fondation Bettencourt\" class=\"wp-image-617\" title=\"Canape Irregular Bomb-Dialogues-Intelligence de la Main-Fondation Bettencourt\"\/><\/a><\/figure><\/div>","protected":false},"excerpt":{"rendered":"<p>Un prix qui r\u00e9compense l&rsquo;\u00e9change fructueux entre designers et artisans d&rsquo;art La Fondation Bettencourt Schueller a cr\u00e9\u00e9 en 1999 le\u00a0Prix Liliane Bettencourt pour l&rsquo;Intelligence de la Main\u00a0qui r\u00e9compense\u00a0des artisans d&rsquo;art au savoir faire ma\u00eetris\u00e9\u00a0: innovation, technicit\u00e9, esth\u00e9tisme. Depuis 2010, la Fondation d\u00e9cerne chaque ann\u00e9e 2 distinctions :\u00a0Talents d&rsquo;exception\u00a0qui r\u00e9compense le chef d&rsquo;oeuvre d&rsquo;un artisan d&rsquo;art [&hellip;]<\/p>\n","protected":false},"author":1,"featured_media":815,"comment_status":"open","ping_status":"open","sticky":false,"template":"","format":"standard","meta":{"footnotes":""},"categories":[32],"tags":[],"yoast_head":"<!-- This site is optimized with the Yoast SEO plugin v15.0 - https:\/\/yoast.com\/wordpress\/plugins\/seo\/ -->\n<title>Un prix qui r\u00e9compense l&#039;\u00e9change fructueux entre designers et artisans d&#039;art<\/title>\n<meta name=\"description\" content=\"La Fondation Bettencourt Schueller a cr\u00e9\u00e9 en 1999 le\u00a0Prix Liliane Bettencourt pour l&#039;Intelligence de la Main\u00a0qui r\u00e9compense\u00a0des artisans d&#039;art au savoir faire ma\u00eetris\u00e9.\" \/>\n<meta name=\"robots\" content=\"index, follow, max-snippet:-1, max-image-preview:large, max-video-preview:-1\" \/>\n<link rel=\"canonical\" href=\"https:\/\/essentia-mobilia.com\/blog\/un-prix-qui-recompense-lechange-fructueux-entre-designers-et-artisans-dart\/\" \/>\n<meta property=\"og:locale\" content=\"fr_FR\" \/>\n<meta property=\"og:type\" content=\"article\" \/>\n<meta property=\"og:title\" content=\"Un prix qui r\u00e9compense l&#039;\u00e9change fructueux entre designers et artisans d&#039;art\" \/>\n<meta property=\"og:description\" content=\"La Fondation Bettencourt Schueller a cr\u00e9\u00e9 en 1999 le\u00a0Prix Liliane Bettencourt pour l&#039;Intelligence de la Main\u00a0qui r\u00e9compense\u00a0des artisans d&#039;art au savoir faire ma\u00eetris\u00e9.\" \/>\n<meta property=\"og:url\" content=\"https:\/\/essentia-mobilia.com\/blog\/un-prix-qui-recompense-lechange-fructueux-entre-designers-et-artisans-dart\/\" \/>\n<meta property=\"og:site_name\" content=\"Blog d\u00e9coration et design de Essentia MOBILIA\" \/>\n<meta property=\"article:publisher\" content=\"https:\/\/www.facebook.com\/EssentiaMobilia\" \/>\n<meta property=\"article:published_time\" content=\"2012-07-02T20:01:58+00:00\" \/>\n<meta property=\"article:modified_time\" content=\"2026-02-13T20:03:18+00:00\" \/>\n<meta property=\"og:image\" content=\"https:\/\/essentia-mobilia.com\/blog\/wp-content\/uploads\/2012\/11\/83-Canape-Irregular-Bomb-Dialogues-Intelligence-de-la-Main-Fondation-Bettencourt.jpg\" \/>\n\t<meta property=\"og:image:width\" content=\"439\" \/>\n\t<meta property=\"og:image:height\" content=\"323\" \/>\n<meta name=\"twitter:card\" content=\"summary_large_image\" \/>\n<script type=\"application\/ld+json\" class=\"yoast-schema-graph\">{\"@context\":\"https:\/\/schema.org\",\"@graph\":[{\"@type\":\"Organization\",\"@id\":\"https:\/\/essentia-mobilia.com\/blog\/#organization\",\"name\":\"Essentia MOBILIA\",\"url\":\"https:\/\/essentia-mobilia.com\/blog\/\",\"sameAs\":[\"https:\/\/www.facebook.com\/EssentiaMobilia\",\"https:\/\/www.instagram.com\/essentiamobilia\/\",\"https:\/\/fr.pinterest.com\/essentia_mobilia\/\"],\"logo\":{\"@type\":\"ImageObject\",\"@id\":\"https:\/\/essentia-mobilia.com\/blog\/#logo\",\"inLanguage\":\"fr-FR\",\"url\":\"https:\/\/essentia-mobilia.com\/blog\/wp-content\/uploads\/2023\/12\/cropped-essentia-mobilia-logo.jpg\",\"width\":171,\"height\":73,\"caption\":\"Essentia MOBILIA\"},\"image\":{\"@id\":\"https:\/\/essentia-mobilia.com\/blog\/#logo\"}},{\"@type\":\"WebSite\",\"@id\":\"https:\/\/essentia-mobilia.com\/blog\/#website\",\"url\":\"https:\/\/essentia-mobilia.com\/blog\/\",\"name\":\"Blog d\\u00e9coration et design de Essentia MOBILIA\",\"description\":\"\",\"publisher\":{\"@id\":\"https:\/\/essentia-mobilia.com\/blog\/#organization\"},\"potentialAction\":[{\"@type\":\"SearchAction\",\"target\":\"https:\/\/essentia-mobilia.com\/blog\/?s={search_term_string}\",\"query-input\":\"required name=search_term_string\"}],\"inLanguage\":\"fr-FR\"},{\"@type\":\"ImageObject\",\"@id\":\"https:\/\/essentia-mobilia.com\/blog\/un-prix-qui-recompense-lechange-fructueux-entre-designers-et-artisans-dart\/#primaryimage\",\"inLanguage\":\"fr-FR\",\"url\":\"https:\/\/essentia-mobilia.com\/blog\/wp-content\/uploads\/2012\/11\/83-Canape-Irregular-Bomb-Dialogues-Intelligence-de-la-Main-Fondation-Bettencourt.jpg\",\"width\":439,\"height\":323},{\"@type\":\"WebPage\",\"@id\":\"https:\/\/essentia-mobilia.com\/blog\/un-prix-qui-recompense-lechange-fructueux-entre-designers-et-artisans-dart\/#webpage\",\"url\":\"https:\/\/essentia-mobilia.com\/blog\/un-prix-qui-recompense-lechange-fructueux-entre-designers-et-artisans-dart\/\",\"name\":\"Un prix qui r\\u00e9compense l'\\u00e9change fructueux entre designers et artisans d'art\",\"isPartOf\":{\"@id\":\"https:\/\/essentia-mobilia.com\/blog\/#website\"},\"primaryImageOfPage\":{\"@id\":\"https:\/\/essentia-mobilia.com\/blog\/un-prix-qui-recompense-lechange-fructueux-entre-designers-et-artisans-dart\/#primaryimage\"},\"datePublished\":\"2012-07-02T20:01:58+00:00\",\"dateModified\":\"2026-02-13T20:03:18+00:00\",\"description\":\"La Fondation Bettencourt Schueller a cr\\u00e9\\u00e9 en 1999 le\\u00a0Prix Liliane Bettencourt pour l'Intelligence de la Main\\u00a0qui r\\u00e9compense\\u00a0des artisans d'art au savoir faire ma\\u00eetris\\u00e9.\",\"breadcrumb\":{\"@id\":\"https:\/\/essentia-mobilia.com\/blog\/un-prix-qui-recompense-lechange-fructueux-entre-designers-et-artisans-dart\/#breadcrumb\"},\"inLanguage\":\"fr-FR\",\"potentialAction\":[{\"@type\":\"ReadAction\",\"target\":[\"https:\/\/essentia-mobilia.com\/blog\/un-prix-qui-recompense-lechange-fructueux-entre-designers-et-artisans-dart\/\"]}]},{\"@type\":\"BreadcrumbList\",\"@id\":\"https:\/\/essentia-mobilia.com\/blog\/un-prix-qui-recompense-lechange-fructueux-entre-designers-et-artisans-dart\/#breadcrumb\",\"itemListElement\":[{\"@type\":\"ListItem\",\"position\":1,\"item\":{\"@type\":\"WebPage\",\"@id\":\"https:\/\/essentia-mobilia.com\/blog\/\",\"url\":\"https:\/\/essentia-mobilia.com\/blog\/\",\"name\":\"Accueil\"}},{\"@type\":\"ListItem\",\"position\":2,\"item\":{\"@type\":\"WebPage\",\"@id\":\"https:\/\/essentia-mobilia.com\/blog\/un-prix-qui-recompense-lechange-fructueux-entre-designers-et-artisans-dart\/\",\"url\":\"https:\/\/essentia-mobilia.com\/blog\/un-prix-qui-recompense-lechange-fructueux-entre-designers-et-artisans-dart\/\",\"name\":\"Un prix qui r\\u00e9compense l&rsquo;\\u00e9change fructueux entre designers et artisans d&rsquo;art\"}}]},{\"@type\":\"Article\",\"@id\":\"https:\/\/essentia-mobilia.com\/blog\/un-prix-qui-recompense-lechange-fructueux-entre-designers-et-artisans-dart\/#article\",\"isPartOf\":{\"@id\":\"https:\/\/essentia-mobilia.com\/blog\/un-prix-qui-recompense-lechange-fructueux-entre-designers-et-artisans-dart\/#webpage\"},\"author\":{\"@id\":\"https:\/\/essentia-mobilia.com\/blog\/#\/schema\/person\/f06deeaf73a4baf06738372a688cf68a\"},\"headline\":\"Un prix qui r\\u00e9compense l&rsquo;\\u00e9change fructueux entre designers et artisans d&rsquo;art\",\"datePublished\":\"2012-07-02T20:01:58+00:00\",\"dateModified\":\"2026-02-13T20:03:18+00:00\",\"mainEntityOfPage\":{\"@id\":\"https:\/\/essentia-mobilia.com\/blog\/un-prix-qui-recompense-lechange-fructueux-entre-designers-et-artisans-dart\/#webpage\"},\"commentCount\":0,\"publisher\":{\"@id\":\"https:\/\/essentia-mobilia.com\/blog\/#organization\"},\"image\":{\"@id\":\"https:\/\/essentia-mobilia.com\/blog\/un-prix-qui-recompense-lechange-fructueux-entre-designers-et-artisans-dart\/#primaryimage\"},\"articleSection\":\"Mobilier design\",\"inLanguage\":\"fr-FR\",\"potentialAction\":[{\"@type\":\"CommentAction\",\"name\":\"Comment\",\"target\":[\"https:\/\/essentia-mobilia.com\/blog\/un-prix-qui-recompense-lechange-fructueux-entre-designers-et-artisans-dart\/#respond\"]}]},{\"@type\":\"Person\",\"@id\":\"https:\/\/essentia-mobilia.com\/blog\/#\/schema\/person\/f06deeaf73a4baf06738372a688cf68a\",\"name\":\"myessentiamobilia\",\"image\":{\"@type\":\"ImageObject\",\"@id\":\"https:\/\/essentia-mobilia.com\/blog\/#personlogo\",\"inLanguage\":\"fr-FR\",\"url\":\"https:\/\/secure.gravatar.com\/avatar\/bec63f027f1251faa237003116590784?s=96&d=mm&r=g\",\"caption\":\"myessentiamobilia\"},\"description\":\"A travers ce blog, je partage mes conseils de design et d\\u00e9coration int\\u00e9rieure.\"}]}<\/script>\n<!-- \/ Yoast SEO plugin. -->","_links":{"self":[{"href":"https:\/\/essentia-mobilia.com\/blog\/wp-json\/wp\/v2\/posts\/294"}],"collection":[{"href":"https:\/\/essentia-mobilia.com\/blog\/wp-json\/wp\/v2\/posts"}],"about":[{"href":"https:\/\/essentia-mobilia.com\/blog\/wp-json\/wp\/v2\/types\/post"}],"author":[{"embeddable":true,"href":"https:\/\/essentia-mobilia.com\/blog\/wp-json\/wp\/v2\/users\/1"}],"replies":[{"embeddable":true,"href":"https:\/\/essentia-mobilia.com\/blog\/wp-json\/wp\/v2\/comments?post=294"}],"version-history":[{"count":3,"href":"https:\/\/essentia-mobilia.com\/blog\/wp-json\/wp\/v2\/posts\/294\/revisions"}],"predecessor-version":[{"id":3569,"href":"https:\/\/essentia-mobilia.com\/blog\/wp-json\/wp\/v2\/posts\/294\/revisions\/3569"}],"wp:featuredmedia":[{"embeddable":true,"href":"https:\/\/essentia-mobilia.com\/blog\/wp-json\/wp\/v2\/media\/815"}],"wp:attachment":[{"href":"https:\/\/essentia-mobilia.com\/blog\/wp-json\/wp\/v2\/media?parent=294"}],"wp:term":[{"taxonomy":"category","embeddable":true,"href":"https:\/\/essentia-mobilia.com\/blog\/wp-json\/wp\/v2\/categories?post=294"},{"taxonomy":"post_tag","embeddable":true,"href":"https:\/\/essentia-mobilia.com\/blog\/wp-json\/wp\/v2\/tags?post=294"}],"curies":[{"name":"wp","href":"https:\/\/api.w.org\/{rel}","templated":true}]}}