{"id":272,"date":"2012-06-04T21:52:16","date_gmt":"2012-06-04T19:52:16","guid":{"rendered":"http:\/\/essentia-paris.com\/blog\/?p=272"},"modified":"2026-02-13T21:05:17","modified_gmt":"2026-02-13T20:05:17","slug":"naissance-du-webzine-de-decoration-m-comme-maison","status":"publish","type":"post","link":"https:\/\/essentia-mobilia.com\/blog\/naissance-du-webzine-de-decoration-m-comme-maison\/","title":{"rendered":"Naissance du Webzine de d\u00e9coration M comme Maison"},"content":{"rendered":"\n<h1 class=\"wp-block-heading\">Naissance du Webzine de d\u00e9coration M comme Maison<\/h1>\n\n\n<div class=\"wp-block-image\">\n<figure class=\"alignleft\"><img decoding=\"async\" src=\"\/blog\/wp-content\/uploads\/2012\/06\/magazine-decoration-m-comme-maison.jpg\" alt=\"magazine-decoration-m-comme-maison\" class=\"wp-image-488\" title=\"magazine-decoration-m-comme-maison\"\/><\/figure><\/div>\n\n\n<p>Aujourd&rsquo;hui, coup de projecteur sur le&nbsp;<strong>Webzine de d\u00e9coration M comme Maison<\/strong>&nbsp;! Ce nouveau magazine num\u00e9rique d\u00e9di\u00e9 \u00e0 l&rsquo;univers de la maison (d\u00e9coration, ameublement, construction..) a \u00e9t\u00e9 lanc\u00e9 ce vendredi 1er Juin. Il pr\u00e9sente un fonctionnement&nbsp;<strong>enti\u00e8rement interactif<\/strong>&nbsp;: il se lit<strong>&nbsp;sur tout support num\u00e9rique<\/strong>(ordinateur, smartphones, tablettes&#8230;), il int\u00e8gre des&nbsp;<strong>m\u00e9dias enrichis<\/strong>&nbsp;tels que photos, vid\u00e9os, diaporama, il permet&nbsp;<strong>d&rsquo;acc\u00e9der par simple clic<\/strong>&nbsp;aux sites et articles pr\u00e9sent\u00e9s.<\/p>\n\n\n\n<p>Nous vous invitons \u00e0 le consulter sans plus tarder et \u00e0 vous rendre&nbsp;<strong>sur la 4\u00e8me de couverture<\/strong>&nbsp;(page 70). Bonne lecture !<\/p>\n","protected":false},"excerpt":{"rendered":"<p>Naissance du Webzine de d\u00e9coration M comme Maison Aujourd&rsquo;hui, coup de projecteur sur le&nbsp;Webzine de d\u00e9coration M comme Maison&nbsp;! Ce nouveau magazine num\u00e9rique d\u00e9di\u00e9 \u00e0 l&rsquo;univers de la maison (d\u00e9coration, ameublement, construction..) a \u00e9t\u00e9 lanc\u00e9 ce vendredi 1er Juin. Il pr\u00e9sente un fonctionnement&nbsp;enti\u00e8rement interactif&nbsp;: il se lit&nbsp;sur tout support num\u00e9rique(ordinateur, smartphones, tablettes&#8230;), il int\u00e8gre des&nbsp;m\u00e9dias [&hellip;]<\/p>\n","protected":false},"author":1,"featured_media":824,"comment_status":"open","ping_status":"open","sticky":false,"template":"","format":"standard","meta":{"footnotes":""},"categories":[32],"tags":[],"yoast_head":"<!-- This site is optimized with the Yoast SEO plugin v15.0 - https:\/\/yoast.com\/wordpress\/plugins\/seo\/ -->\n<title>Naissance du Webzine de d\u00e9coration M comme Maison<\/title>\n<meta name=\"description\" content=\"Aujourd&#039;hui, coup de projecteur sur le Webzine de d\u00e9coration M comme Maison !\" \/>\n<meta name=\"robots\" content=\"index, follow, max-snippet:-1, max-image-preview:large, max-video-preview:-1\" \/>\n<link rel=\"canonical\" href=\"https:\/\/essentia-mobilia.com\/blog\/naissance-du-webzine-de-decoration-m-comme-maison\/\" \/>\n<meta property=\"og:locale\" content=\"fr_FR\" \/>\n<meta property=\"og:type\" content=\"article\" \/>\n<meta property=\"og:title\" content=\"Naissance du Webzine de d\u00e9coration M comme Maison\" \/>\n<meta property=\"og:description\" content=\"Aujourd&#039;hui, coup de projecteur sur le Webzine de d\u00e9coration M comme Maison !\" \/>\n<meta property=\"og:url\" content=\"https:\/\/essentia-mobilia.com\/blog\/naissance-du-webzine-de-decoration-m-comme-maison\/\" \/>\n<meta property=\"og:site_name\" content=\"Blog d\u00e9coration et design de Essentia MOBILIA\" \/>\n<meta property=\"article:publisher\" content=\"https:\/\/www.facebook.com\/EssentiaMobilia\" \/>\n<meta property=\"article:published_time\" content=\"2012-06-04T19:52:16+00:00\" \/>\n<meta property=\"article:modified_time\" content=\"2026-02-13T20:05:17+00:00\" \/>\n<meta property=\"og:image\" content=\"https:\/\/essentia-mobilia.com\/blog\/wp-content\/uploads\/2012\/11\/92-magazine-decoration-m-comme-maison.jpg\" \/>\n\t<meta property=\"og:image:width\" content=\"453\" \/>\n\t<meta property=\"og:image:height\" content=\"630\" \/>\n<meta name=\"twitter:card\" content=\"summary_large_image\" \/>\n<script type=\"application\/ld+json\" class=\"yoast-schema-graph\">{\"@context\":\"https:\/\/schema.org\",\"@graph\":[{\"@type\":\"Organization\",\"@id\":\"https:\/\/essentia-mobilia.com\/blog\/#organization\",\"name\":\"Essentia MOBILIA\",\"url\":\"https:\/\/essentia-mobilia.com\/blog\/\",\"sameAs\":[\"https:\/\/www.facebook.com\/EssentiaMobilia\",\"https:\/\/www.instagram.com\/essentiamobilia\/\",\"https:\/\/fr.pinterest.com\/essentia_mobilia\/\"],\"logo\":{\"@type\":\"ImageObject\",\"@id\":\"https:\/\/essentia-mobilia.com\/blog\/#logo\",\"inLanguage\":\"fr-FR\",\"url\":\"https:\/\/essentia-mobilia.com\/blog\/wp-content\/uploads\/2023\/12\/cropped-essentia-mobilia-logo.jpg\",\"width\":171,\"height\":73,\"caption\":\"Essentia MOBILIA\"},\"image\":{\"@id\":\"https:\/\/essentia-mobilia.com\/blog\/#logo\"}},{\"@type\":\"WebSite\",\"@id\":\"https:\/\/essentia-mobilia.com\/blog\/#website\",\"url\":\"https:\/\/essentia-mobilia.com\/blog\/\",\"name\":\"Blog d\\u00e9coration et design de Essentia MOBILIA\",\"description\":\"\",\"publisher\":{\"@id\":\"https:\/\/essentia-mobilia.com\/blog\/#organization\"},\"potentialAction\":[{\"@type\":\"SearchAction\",\"target\":\"https:\/\/essentia-mobilia.com\/blog\/?s={search_term_string}\",\"query-input\":\"required name=search_term_string\"}],\"inLanguage\":\"fr-FR\"},{\"@type\":\"ImageObject\",\"@id\":\"https:\/\/essentia-mobilia.com\/blog\/naissance-du-webzine-de-decoration-m-comme-maison\/#primaryimage\",\"inLanguage\":\"fr-FR\",\"url\":\"https:\/\/essentia-mobilia.com\/blog\/wp-content\/uploads\/2012\/11\/92-magazine-decoration-m-comme-maison.jpg\",\"width\":453,\"height\":630},{\"@type\":\"WebPage\",\"@id\":\"https:\/\/essentia-mobilia.com\/blog\/naissance-du-webzine-de-decoration-m-comme-maison\/#webpage\",\"url\":\"https:\/\/essentia-mobilia.com\/blog\/naissance-du-webzine-de-decoration-m-comme-maison\/\",\"name\":\"Naissance du Webzine de d\\u00e9coration M comme Maison\",\"isPartOf\":{\"@id\":\"https:\/\/essentia-mobilia.com\/blog\/#website\"},\"primaryImageOfPage\":{\"@id\":\"https:\/\/essentia-mobilia.com\/blog\/naissance-du-webzine-de-decoration-m-comme-maison\/#primaryimage\"},\"datePublished\":\"2012-06-04T19:52:16+00:00\",\"dateModified\":\"2026-02-13T20:05:17+00:00\",\"description\":\"Aujourd'hui, coup de projecteur sur le Webzine de d\\u00e9coration M comme Maison !\",\"breadcrumb\":{\"@id\":\"https:\/\/essentia-mobilia.com\/blog\/naissance-du-webzine-de-decoration-m-comme-maison\/#breadcrumb\"},\"inLanguage\":\"fr-FR\",\"potentialAction\":[{\"@type\":\"ReadAction\",\"target\":[\"https:\/\/essentia-mobilia.com\/blog\/naissance-du-webzine-de-decoration-m-comme-maison\/\"]}]},{\"@type\":\"BreadcrumbList\",\"@id\":\"https:\/\/essentia-mobilia.com\/blog\/naissance-du-webzine-de-decoration-m-comme-maison\/#breadcrumb\",\"itemListElement\":[{\"@type\":\"ListItem\",\"position\":1,\"item\":{\"@type\":\"WebPage\",\"@id\":\"https:\/\/essentia-mobilia.com\/blog\/\",\"url\":\"https:\/\/essentia-mobilia.com\/blog\/\",\"name\":\"Accueil\"}},{\"@type\":\"ListItem\",\"position\":2,\"item\":{\"@type\":\"WebPage\",\"@id\":\"https:\/\/essentia-mobilia.com\/blog\/naissance-du-webzine-de-decoration-m-comme-maison\/\",\"url\":\"https:\/\/essentia-mobilia.com\/blog\/naissance-du-webzine-de-decoration-m-comme-maison\/\",\"name\":\"Naissance du Webzine de d\\u00e9coration M comme Maison\"}}]},{\"@type\":\"Article\",\"@id\":\"https:\/\/essentia-mobilia.com\/blog\/naissance-du-webzine-de-decoration-m-comme-maison\/#article\",\"isPartOf\":{\"@id\":\"https:\/\/essentia-mobilia.com\/blog\/naissance-du-webzine-de-decoration-m-comme-maison\/#webpage\"},\"author\":{\"@id\":\"https:\/\/essentia-mobilia.com\/blog\/#\/schema\/person\/f06deeaf73a4baf06738372a688cf68a\"},\"headline\":\"Naissance du Webzine de d\\u00e9coration M comme Maison\",\"datePublished\":\"2012-06-04T19:52:16+00:00\",\"dateModified\":\"2026-02-13T20:05:17+00:00\",\"mainEntityOfPage\":{\"@id\":\"https:\/\/essentia-mobilia.com\/blog\/naissance-du-webzine-de-decoration-m-comme-maison\/#webpage\"},\"commentCount\":0,\"publisher\":{\"@id\":\"https:\/\/essentia-mobilia.com\/blog\/#organization\"},\"image\":{\"@id\":\"https:\/\/essentia-mobilia.com\/blog\/naissance-du-webzine-de-decoration-m-comme-maison\/#primaryimage\"},\"articleSection\":\"Mobilier design\",\"inLanguage\":\"fr-FR\",\"potentialAction\":[{\"@type\":\"CommentAction\",\"name\":\"Comment\",\"target\":[\"https:\/\/essentia-mobilia.com\/blog\/naissance-du-webzine-de-decoration-m-comme-maison\/#respond\"]}]},{\"@type\":\"Person\",\"@id\":\"https:\/\/essentia-mobilia.com\/blog\/#\/schema\/person\/f06deeaf73a4baf06738372a688cf68a\",\"name\":\"myessentiamobilia\",\"image\":{\"@type\":\"ImageObject\",\"@id\":\"https:\/\/essentia-mobilia.com\/blog\/#personlogo\",\"inLanguage\":\"fr-FR\",\"url\":\"https:\/\/secure.gravatar.com\/avatar\/bec63f027f1251faa237003116590784?s=96&d=mm&r=g\",\"caption\":\"myessentiamobilia\"},\"description\":\"A travers ce blog, je partage mes conseils de design et d\\u00e9coration int\\u00e9rieure.\"}]}<\/script>\n<!-- \/ Yoast SEO plugin. -->","_links":{"self":[{"href":"https:\/\/essentia-mobilia.com\/blog\/wp-json\/wp\/v2\/posts\/272"}],"collection":[{"href":"https:\/\/essentia-mobilia.com\/blog\/wp-json\/wp\/v2\/posts"}],"about":[{"href":"https:\/\/essentia-mobilia.com\/blog\/wp-json\/wp\/v2\/types\/post"}],"author":[{"embeddable":true,"href":"https:\/\/essentia-mobilia.com\/blog\/wp-json\/wp\/v2\/users\/1"}],"replies":[{"embeddable":true,"href":"https:\/\/essentia-mobilia.com\/blog\/wp-json\/wp\/v2\/comments?post=272"}],"version-history":[{"count":5,"href":"https:\/\/essentia-mobilia.com\/blog\/wp-json\/wp\/v2\/posts\/272\/revisions"}],"predecessor-version":[{"id":3580,"href":"https:\/\/essentia-mobilia.com\/blog\/wp-json\/wp\/v2\/posts\/272\/revisions\/3580"}],"wp:featuredmedia":[{"embeddable":true,"href":"https:\/\/essentia-mobilia.com\/blog\/wp-json\/wp\/v2\/media\/824"}],"wp:attachment":[{"href":"https:\/\/essentia-mobilia.com\/blog\/wp-json\/wp\/v2\/media?parent=272"}],"wp:term":[{"taxonomy":"category","embeddable":true,"href":"https:\/\/essentia-mobilia.com\/blog\/wp-json\/wp\/v2\/categories?post=272"},{"taxonomy":"post_tag","embeddable":true,"href":"https:\/\/essentia-mobilia.com\/blog\/wp-json\/wp\/v2\/tags?post=272"}],"curies":[{"name":"wp","href":"https:\/\/api.w.org\/{rel}","templated":true}]}}