{"id":271,"date":"2012-06-02T21:52:16","date_gmt":"2012-06-02T19:52:16","guid":{"rendered":"http:\/\/essentia-paris.com\/blog\/?p=271"},"modified":"2026-02-13T21:05:32","modified_gmt":"2026-02-13T20:05:32","slug":"dmy-festival-international-du-design-a-berlin-du-6-au-10-juin-2012","status":"publish","type":"post","link":"https:\/\/essentia-mobilia.com\/blog\/dmy-festival-international-du-design-a-berlin-du-6-au-10-juin-2012\/","title":{"rendered":"DMY : Festival International du Design \u00e0 Berlin : du 6 au 10 Juin 2012"},"content":{"rendered":"\n<h1 class=\"wp-block-heading\">DMY : Festival International du Design \u00e0 Berlin : du 6 au 10 Juin 2012<\/h1>\n\n\n<div class=\"wp-block-image\">\n<figure class=\"alignleft\"><a href=\"\/blog\/wp-content\/uploads\/2012\/05\/dmy.jpg\"><img decoding=\"async\" src=\"\/blog\/wp-content\/uploads\/2012\/05\/dmy-300x265.jpg\" alt=\"DMY - Festival International du Design - Berlin\" class=\"wp-image-424\" title=\"DMY - Festival International du Design - Berlin\"\/><\/a><\/figure><\/div>\n\n\n<p><strong>La 10\u00e8me \u00e9dition du DMY<\/strong>&nbsp;se tient sur l&rsquo;a\u00e9roport historique de&nbsp;<strong>Berlin<\/strong>&nbsp;Tempelhof du&nbsp;<strong>6 au 10 Juin 2012<\/strong>&nbsp;: pendant 5 jours, des designers et des cr\u00e9atifs pr\u00e9sentent&nbsp;<strong>les nouveaut\u00e9s du design contemporain<\/strong>. Ce Festival du Design encourage les projets interdisciplinaires, les designs utopiques, les approches artistiques. Pour la premi\u00e8re fois, le&nbsp;<strong>Prix de la R\u00e9publique F\u00e9d\u00e9rale Allemande<\/strong>&nbsp;(Designpreis der Bundesrepublik Deutschland)&nbsp;sera d\u00e9cern\u00e9 lors de cet \u00e9v\u00e8nement.<\/p>\n\n\n\n<figure class=\"wp-block-table\"><table><tbody><tr><td><a href=\"\/blog\/wp-content\/uploads\/2012\/05\/Strak-by-PaulVerstraete-Gent.png\"><\/a><\/td><td><strong>Strak de Paul Verstraete<\/strong><br>Banc \/ table en acier<br>Gent, Belgique<br>Photo&nbsp;: dmy-berlin<\/td><\/tr><tr><td><a href=\"\/blog\/wp-content\/uploads\/2012\/05\/okay-project-Philipp-K%C3%A4fer-Berlin.png\"><\/a><\/td><td><strong>\u00d6KAY?! de Philipp K\u00e4fer<\/strong><br>Mobilier \u00e0 l&rsquo;apparence de carton mais r\u00e9alis\u00e9 avec une fine feuille de m\u00e9tal<br>Berlin, Allemagne<br>Photo&nbsp;: dmy-berlin<\/td><\/tr><tr><td><a href=\"\/blog\/wp-content\/uploads\/2012\/05\/Chair23D-de-Gustav-Duesing.png\"><\/a><\/td><td><strong>Chair 23D de Gustav D\u00fcsing<\/strong><br>Chaise en bois de multiplis assembl\u00e9e sans colle ni vis<br>Berlin, Allemagne<br>Photo&nbsp;: dmy-berlin<\/td><\/tr><\/tbody><\/table><\/figure>\n","protected":false},"excerpt":{"rendered":"<p>DMY : Festival International du Design \u00e0 Berlin : du 6 au 10 Juin 2012 La 10\u00e8me \u00e9dition du DMY&nbsp;se tient sur l&rsquo;a\u00e9roport historique de&nbsp;Berlin&nbsp;Tempelhof du&nbsp;6 au 10 Juin 2012&nbsp;: pendant 5 jours, des designers et des cr\u00e9atifs pr\u00e9sentent&nbsp;les nouveaut\u00e9s du design contemporain. Ce Festival du Design encourage les projets interdisciplinaires, les designs utopiques, les [&hellip;]<\/p>\n","protected":false},"author":1,"featured_media":825,"comment_status":"open","ping_status":"open","sticky":false,"template":"","format":"standard","meta":{"footnotes":""},"categories":[32],"tags":[],"yoast_head":"<!-- This site is optimized with the Yoast SEO plugin v15.0 - https:\/\/yoast.com\/wordpress\/plugins\/seo\/ -->\n<title>DMY : Festival International du Design \u00e0 Berlin : du 6 au 10 Juin 2012<\/title>\n<meta name=\"description\" content=\"La 10\u00e8me \u00e9dition du DMY\u00a0se tient sur l&#039;a\u00e9roport historique de\u00a0Berlin\u00a0Tempelhof du\u00a06 au 10 Juin 2012.\" \/>\n<meta name=\"robots\" content=\"index, follow, max-snippet:-1, max-image-preview:large, max-video-preview:-1\" \/>\n<link rel=\"canonical\" href=\"https:\/\/essentia-mobilia.com\/blog\/dmy-festival-international-du-design-a-berlin-du-6-au-10-juin-2012\/\" \/>\n<meta property=\"og:locale\" content=\"fr_FR\" \/>\n<meta property=\"og:type\" content=\"article\" \/>\n<meta property=\"og:title\" content=\"DMY : Festival International du Design \u00e0 Berlin : du 6 au 10 Juin 2012\" \/>\n<meta property=\"og:description\" content=\"La 10\u00e8me \u00e9dition du DMY\u00a0se tient sur l&#039;a\u00e9roport historique de\u00a0Berlin\u00a0Tempelhof du\u00a06 au 10 Juin 2012.\" \/>\n<meta property=\"og:url\" content=\"https:\/\/essentia-mobilia.com\/blog\/dmy-festival-international-du-design-a-berlin-du-6-au-10-juin-2012\/\" \/>\n<meta property=\"og:site_name\" content=\"Blog d\u00e9coration et design de Essentia MOBILIA\" \/>\n<meta property=\"article:publisher\" content=\"https:\/\/www.facebook.com\/EssentiaMobilia\" \/>\n<meta property=\"article:published_time\" content=\"2012-06-02T19:52:16+00:00\" \/>\n<meta property=\"article:modified_time\" content=\"2026-02-13T20:05:32+00:00\" \/>\n<meta property=\"og:image\" content=\"https:\/\/essentia-mobilia.com\/blog\/wp-content\/uploads\/2012\/11\/93-dmy-300x265-1.jpg\" \/>\n\t<meta property=\"og:image:width\" content=\"300\" \/>\n\t<meta property=\"og:image:height\" content=\"265\" \/>\n<meta name=\"twitter:card\" content=\"summary_large_image\" \/>\n<script type=\"application\/ld+json\" class=\"yoast-schema-graph\">{\"@context\":\"https:\/\/schema.org\",\"@graph\":[{\"@type\":\"Organization\",\"@id\":\"https:\/\/essentia-mobilia.com\/blog\/#organization\",\"name\":\"Essentia MOBILIA\",\"url\":\"https:\/\/essentia-mobilia.com\/blog\/\",\"sameAs\":[\"https:\/\/www.facebook.com\/EssentiaMobilia\",\"https:\/\/www.instagram.com\/essentiamobilia\/\",\"https:\/\/fr.pinterest.com\/essentia_mobilia\/\"],\"logo\":{\"@type\":\"ImageObject\",\"@id\":\"https:\/\/essentia-mobilia.com\/blog\/#logo\",\"inLanguage\":\"fr-FR\",\"url\":\"https:\/\/essentia-mobilia.com\/blog\/wp-content\/uploads\/2023\/12\/cropped-essentia-mobilia-logo.jpg\",\"width\":171,\"height\":73,\"caption\":\"Essentia MOBILIA\"},\"image\":{\"@id\":\"https:\/\/essentia-mobilia.com\/blog\/#logo\"}},{\"@type\":\"WebSite\",\"@id\":\"https:\/\/essentia-mobilia.com\/blog\/#website\",\"url\":\"https:\/\/essentia-mobilia.com\/blog\/\",\"name\":\"Blog d\\u00e9coration et design de Essentia MOBILIA\",\"description\":\"\",\"publisher\":{\"@id\":\"https:\/\/essentia-mobilia.com\/blog\/#organization\"},\"potentialAction\":[{\"@type\":\"SearchAction\",\"target\":\"https:\/\/essentia-mobilia.com\/blog\/?s={search_term_string}\",\"query-input\":\"required name=search_term_string\"}],\"inLanguage\":\"fr-FR\"},{\"@type\":\"ImageObject\",\"@id\":\"https:\/\/essentia-mobilia.com\/blog\/dmy-festival-international-du-design-a-berlin-du-6-au-10-juin-2012\/#primaryimage\",\"inLanguage\":\"fr-FR\",\"url\":\"https:\/\/essentia-mobilia.com\/blog\/wp-content\/uploads\/2012\/11\/93-dmy-300x265-1.jpg\",\"width\":300,\"height\":265},{\"@type\":\"WebPage\",\"@id\":\"https:\/\/essentia-mobilia.com\/blog\/dmy-festival-international-du-design-a-berlin-du-6-au-10-juin-2012\/#webpage\",\"url\":\"https:\/\/essentia-mobilia.com\/blog\/dmy-festival-international-du-design-a-berlin-du-6-au-10-juin-2012\/\",\"name\":\"DMY : Festival International du Design \\u00e0 Berlin : du 6 au 10 Juin 2012\",\"isPartOf\":{\"@id\":\"https:\/\/essentia-mobilia.com\/blog\/#website\"},\"primaryImageOfPage\":{\"@id\":\"https:\/\/essentia-mobilia.com\/blog\/dmy-festival-international-du-design-a-berlin-du-6-au-10-juin-2012\/#primaryimage\"},\"datePublished\":\"2012-06-02T19:52:16+00:00\",\"dateModified\":\"2026-02-13T20:05:32+00:00\",\"description\":\"La 10\\u00e8me \\u00e9dition du DMY\\u00a0se tient sur l'a\\u00e9roport historique de\\u00a0Berlin\\u00a0Tempelhof du\\u00a06 au 10 Juin 2012.\",\"breadcrumb\":{\"@id\":\"https:\/\/essentia-mobilia.com\/blog\/dmy-festival-international-du-design-a-berlin-du-6-au-10-juin-2012\/#breadcrumb\"},\"inLanguage\":\"fr-FR\",\"potentialAction\":[{\"@type\":\"ReadAction\",\"target\":[\"https:\/\/essentia-mobilia.com\/blog\/dmy-festival-international-du-design-a-berlin-du-6-au-10-juin-2012\/\"]}]},{\"@type\":\"BreadcrumbList\",\"@id\":\"https:\/\/essentia-mobilia.com\/blog\/dmy-festival-international-du-design-a-berlin-du-6-au-10-juin-2012\/#breadcrumb\",\"itemListElement\":[{\"@type\":\"ListItem\",\"position\":1,\"item\":{\"@type\":\"WebPage\",\"@id\":\"https:\/\/essentia-mobilia.com\/blog\/\",\"url\":\"https:\/\/essentia-mobilia.com\/blog\/\",\"name\":\"Accueil\"}},{\"@type\":\"ListItem\",\"position\":2,\"item\":{\"@type\":\"WebPage\",\"@id\":\"https:\/\/essentia-mobilia.com\/blog\/dmy-festival-international-du-design-a-berlin-du-6-au-10-juin-2012\/\",\"url\":\"https:\/\/essentia-mobilia.com\/blog\/dmy-festival-international-du-design-a-berlin-du-6-au-10-juin-2012\/\",\"name\":\"DMY : Festival International du Design \\u00e0 Berlin : du 6 au 10 Juin 2012\"}}]},{\"@type\":\"Article\",\"@id\":\"https:\/\/essentia-mobilia.com\/blog\/dmy-festival-international-du-design-a-berlin-du-6-au-10-juin-2012\/#article\",\"isPartOf\":{\"@id\":\"https:\/\/essentia-mobilia.com\/blog\/dmy-festival-international-du-design-a-berlin-du-6-au-10-juin-2012\/#webpage\"},\"author\":{\"@id\":\"https:\/\/essentia-mobilia.com\/blog\/#\/schema\/person\/f06deeaf73a4baf06738372a688cf68a\"},\"headline\":\"DMY : Festival International du Design \\u00e0 Berlin : du 6 au 10 Juin 2012\",\"datePublished\":\"2012-06-02T19:52:16+00:00\",\"dateModified\":\"2026-02-13T20:05:32+00:00\",\"mainEntityOfPage\":{\"@id\":\"https:\/\/essentia-mobilia.com\/blog\/dmy-festival-international-du-design-a-berlin-du-6-au-10-juin-2012\/#webpage\"},\"commentCount\":0,\"publisher\":{\"@id\":\"https:\/\/essentia-mobilia.com\/blog\/#organization\"},\"image\":{\"@id\":\"https:\/\/essentia-mobilia.com\/blog\/dmy-festival-international-du-design-a-berlin-du-6-au-10-juin-2012\/#primaryimage\"},\"articleSection\":\"Mobilier design\",\"inLanguage\":\"fr-FR\",\"potentialAction\":[{\"@type\":\"CommentAction\",\"name\":\"Comment\",\"target\":[\"https:\/\/essentia-mobilia.com\/blog\/dmy-festival-international-du-design-a-berlin-du-6-au-10-juin-2012\/#respond\"]}]},{\"@type\":\"Person\",\"@id\":\"https:\/\/essentia-mobilia.com\/blog\/#\/schema\/person\/f06deeaf73a4baf06738372a688cf68a\",\"name\":\"myessentiamobilia\",\"image\":{\"@type\":\"ImageObject\",\"@id\":\"https:\/\/essentia-mobilia.com\/blog\/#personlogo\",\"inLanguage\":\"fr-FR\",\"url\":\"https:\/\/secure.gravatar.com\/avatar\/bec63f027f1251faa237003116590784?s=96&d=mm&r=g\",\"caption\":\"myessentiamobilia\"},\"description\":\"A travers ce blog, je partage mes conseils de design et d\\u00e9coration int\\u00e9rieure.\"}]}<\/script>\n<!-- \/ Yoast SEO plugin. -->","_links":{"self":[{"href":"https:\/\/essentia-mobilia.com\/blog\/wp-json\/wp\/v2\/posts\/271"}],"collection":[{"href":"https:\/\/essentia-mobilia.com\/blog\/wp-json\/wp\/v2\/posts"}],"about":[{"href":"https:\/\/essentia-mobilia.com\/blog\/wp-json\/wp\/v2\/types\/post"}],"author":[{"embeddable":true,"href":"https:\/\/essentia-mobilia.com\/blog\/wp-json\/wp\/v2\/users\/1"}],"replies":[{"embeddable":true,"href":"https:\/\/essentia-mobilia.com\/blog\/wp-json\/wp\/v2\/comments?post=271"}],"version-history":[{"count":3,"href":"https:\/\/essentia-mobilia.com\/blog\/wp-json\/wp\/v2\/posts\/271\/revisions"}],"predecessor-version":[{"id":3581,"href":"https:\/\/essentia-mobilia.com\/blog\/wp-json\/wp\/v2\/posts\/271\/revisions\/3581"}],"wp:featuredmedia":[{"embeddable":true,"href":"https:\/\/essentia-mobilia.com\/blog\/wp-json\/wp\/v2\/media\/825"}],"wp:attachment":[{"href":"https:\/\/essentia-mobilia.com\/blog\/wp-json\/wp\/v2\/media?parent=271"}],"wp:term":[{"taxonomy":"category","embeddable":true,"href":"https:\/\/essentia-mobilia.com\/blog\/wp-json\/wp\/v2\/categories?post=271"},{"taxonomy":"post_tag","embeddable":true,"href":"https:\/\/essentia-mobilia.com\/blog\/wp-json\/wp\/v2\/tags?post=271"}],"curies":[{"name":"wp","href":"https:\/\/api.w.org\/{rel}","templated":true}]}}