{"id":269,"date":"2012-05-05T21:52:15","date_gmt":"2012-05-05T19:52:15","guid":{"rendered":"http:\/\/essentia-paris.com\/blog\/?p=269"},"modified":"2026-02-16T10:57:19","modified_gmt":"2026-02-16T09:57:19","slug":"redecouvrir-eileen-gray-a-paris","status":"publish","type":"post","link":"https:\/\/essentia-mobilia.com\/blog\/redecouvrir-eileen-gray-a-paris\/","title":{"rendered":"Red\u00e9couvrir Eileen Gray \u00e0 Paris"},"content":{"rendered":"\n<h1 class=\"wp-block-heading\">Red\u00e9couvrir Eileen Gray \u00e0 Paris<\/h1>\n\n\n\n<h3 class=\"wp-block-heading\">Du mobilier avec laque au \u00a0mobilier \u00e0 structure tubulaire<\/h3>\n\n\n\n<p>Sp\u00e9cialiste de la laque, designer et architecte d&rsquo;origine irlandaise,&nbsp;<strong>Eileen Gray<\/strong>&nbsp;s&rsquo;installe \u00e0 Paris en 1902.&nbsp;Dans les ann\u00e9es 10, elle cr\u00e9e&nbsp;<strong>du mobilier alliant bois rares et laque<\/strong> tel que des paravents et la table Lotus. Dans les ann\u00e9es 20 elle imagine&nbsp;<strong>du mobilier \u00e0 structure tubulaire<\/strong>&nbsp;\u00e0 la fois fonctionnel et l\u00e9ger tel que la table ajustable E-1027 devenue une r\u00e9f\u00e9rence. &nbsp;Eileen Gray s&rsquo;int\u00e9resse \u00e9galement \u00e0 l&rsquo;architecture : elle con\u00e7oit notamment des&nbsp;<strong>villas<\/strong>&nbsp;telle que la villa E-1027 \u00e0 Roquebrune-Cap-Martin dans le Sud de la France.<\/p>\n\n\n\n<p>Il est possible de d\u00e9couvrir certaines oeuvres de Eileen Gray au&nbsp;Centre Georges Pompidou \u00e0 Paris (fauteuil Transat) et au&nbsp;Mus\u00e9e des Arts d\u00e9coratifs \u00e0 Paris&nbsp;(coiffeuse, gu\u00e9ridon, paravent).<\/p>\n\n\n\n<img decoding=\"async\" src=\"\/blog\/wp-content\/uploads\/2012\/05\/Table-Lotus-par-Eileen-gray-.jpg\" alt=\"Table Lotus par Eileen Gray\"><a><\/BR>Table Lotus par Eileen Gray<\/strong><br>1915<\/br>Photo&nbsp;: antique-marks.com&nbsp;<\/a><\/br>\n\n<img decoding=\"async\" src=\"\/blog\/wp-content\/uploads\/2012\/05\/Fauteuil-Bibendum-Eileen-Gray.jpg\" alt=\"Fauteuil Bibendum par Eileen Gray\"><a><\/BR>strong>Fauteuil Bibendum par Eileen Gray<\/strong><br>1925<br>Photo&nbsp;: aroots.org&nbsp;<\/a><\/br>\n\n<img decoding=\"async\" src=\"\/blog\/wp-content\/uploads\/2012\/05\/table-E-1027-par-Eileen-Gray.jpg\" alt=\"Table ajustable E-1027 par Eileen Gray\"><a><\/BR><strong>Table ajustable E-1027 par Eileen Gray<\/strong><br>1927- 1929<br>Photo&nbsp;:&nbsp;Geheimnistr\u00e4gerin&nbsp;<\/a>\n","protected":false},"excerpt":{"rendered":"<p>Red\u00e9couvrir Eileen Gray \u00e0 Paris Du mobilier avec laque au \u00a0mobilier \u00e0 structure tubulaire Sp\u00e9cialiste de la laque, designer et architecte d&rsquo;origine irlandaise,&nbsp;Eileen Gray&nbsp;s&rsquo;installe \u00e0 Paris en 1902.&nbsp;Dans les ann\u00e9es 10, elle cr\u00e9e&nbsp;du mobilier alliant bois rares et laque tel que des paravents et la table Lotus. Dans les ann\u00e9es 20 elle imagine&nbsp;du mobilier \u00e0 [&hellip;]<\/p>\n","protected":false},"author":1,"featured_media":835,"comment_status":"open","ping_status":"open","sticky":false,"template":"","format":"standard","meta":{"footnotes":""},"categories":[32],"tags":[],"yoast_head":"<!-- This site is optimized with the Yoast SEO plugin v15.0 - https:\/\/yoast.com\/wordpress\/plugins\/seo\/ -->\n<title>Red\u00e9couvrir Eileen Gray \u00e0 Paris<\/title>\n<meta name=\"description\" content=\"Sp\u00e9cialiste de la laque, designer et architecte d&#039;origine irlandaise,\u00a0Eileen Gray\u00a0s&#039;installe \u00e0 Paris en 1902.\u00a0Dans les ann\u00e9es 10, elle cr\u00e9e\u00a0du mobilier alliant bois rares et laqu\u00e9s.\" \/>\n<meta name=\"robots\" content=\"index, follow, max-snippet:-1, max-image-preview:large, max-video-preview:-1\" \/>\n<link rel=\"canonical\" href=\"https:\/\/essentia-mobilia.com\/blog\/redecouvrir-eileen-gray-a-paris\/\" \/>\n<meta property=\"og:locale\" content=\"fr_FR\" \/>\n<meta property=\"og:type\" content=\"article\" \/>\n<meta property=\"og:title\" content=\"Red\u00e9couvrir Eileen Gray \u00e0 Paris\" \/>\n<meta property=\"og:description\" content=\"Sp\u00e9cialiste de la laque, designer et architecte d&#039;origine irlandaise,\u00a0Eileen Gray\u00a0s&#039;installe \u00e0 Paris en 1902.\u00a0Dans les ann\u00e9es 10, elle cr\u00e9e\u00a0du mobilier alliant bois rares et laqu\u00e9s.\" \/>\n<meta property=\"og:url\" content=\"https:\/\/essentia-mobilia.com\/blog\/redecouvrir-eileen-gray-a-paris\/\" \/>\n<meta property=\"og:site_name\" content=\"Blog d\u00e9coration et design de Essentia MOBILIA\" \/>\n<meta property=\"article:publisher\" content=\"https:\/\/www.facebook.com\/EssentiaMobilia\" \/>\n<meta property=\"article:published_time\" content=\"2012-05-05T19:52:15+00:00\" \/>\n<meta property=\"article:modified_time\" content=\"2026-02-16T09:57:19+00:00\" \/>\n<meta property=\"og:image\" content=\"https:\/\/essentia-mobilia.com\/blog\/wp-content\/uploads\/2012\/11\/103-Fauteuil-Bibendum-Eileen-Gray.jpg\" \/>\n\t<meta property=\"og:image:width\" content=\"219\" \/>\n\t<meta property=\"og:image:height\" content=\"213\" \/>\n<meta name=\"twitter:card\" content=\"summary_large_image\" \/>\n<script type=\"application\/ld+json\" class=\"yoast-schema-graph\">{\"@context\":\"https:\/\/schema.org\",\"@graph\":[{\"@type\":\"Organization\",\"@id\":\"https:\/\/essentia-mobilia.com\/blog\/#organization\",\"name\":\"Essentia MOBILIA\",\"url\":\"https:\/\/essentia-mobilia.com\/blog\/\",\"sameAs\":[\"https:\/\/www.facebook.com\/EssentiaMobilia\",\"https:\/\/www.instagram.com\/essentiamobilia\/\",\"https:\/\/fr.pinterest.com\/essentia_mobilia\/\"],\"logo\":{\"@type\":\"ImageObject\",\"@id\":\"https:\/\/essentia-mobilia.com\/blog\/#logo\",\"inLanguage\":\"fr-FR\",\"url\":\"https:\/\/essentia-mobilia.com\/blog\/wp-content\/uploads\/2023\/12\/cropped-essentia-mobilia-logo.jpg\",\"width\":171,\"height\":73,\"caption\":\"Essentia MOBILIA\"},\"image\":{\"@id\":\"https:\/\/essentia-mobilia.com\/blog\/#logo\"}},{\"@type\":\"WebSite\",\"@id\":\"https:\/\/essentia-mobilia.com\/blog\/#website\",\"url\":\"https:\/\/essentia-mobilia.com\/blog\/\",\"name\":\"Blog d\\u00e9coration et design de Essentia MOBILIA\",\"description\":\"\",\"publisher\":{\"@id\":\"https:\/\/essentia-mobilia.com\/blog\/#organization\"},\"potentialAction\":[{\"@type\":\"SearchAction\",\"target\":\"https:\/\/essentia-mobilia.com\/blog\/?s={search_term_string}\",\"query-input\":\"required name=search_term_string\"}],\"inLanguage\":\"fr-FR\"},{\"@type\":\"ImageObject\",\"@id\":\"https:\/\/essentia-mobilia.com\/blog\/redecouvrir-eileen-gray-a-paris\/#primaryimage\",\"inLanguage\":\"fr-FR\",\"url\":\"https:\/\/essentia-mobilia.com\/blog\/wp-content\/uploads\/2012\/11\/103-Fauteuil-Bibendum-Eileen-Gray.jpg\",\"width\":219,\"height\":213},{\"@type\":\"WebPage\",\"@id\":\"https:\/\/essentia-mobilia.com\/blog\/redecouvrir-eileen-gray-a-paris\/#webpage\",\"url\":\"https:\/\/essentia-mobilia.com\/blog\/redecouvrir-eileen-gray-a-paris\/\",\"name\":\"Red\\u00e9couvrir Eileen Gray \\u00e0 Paris\",\"isPartOf\":{\"@id\":\"https:\/\/essentia-mobilia.com\/blog\/#website\"},\"primaryImageOfPage\":{\"@id\":\"https:\/\/essentia-mobilia.com\/blog\/redecouvrir-eileen-gray-a-paris\/#primaryimage\"},\"datePublished\":\"2012-05-05T19:52:15+00:00\",\"dateModified\":\"2026-02-16T09:57:19+00:00\",\"description\":\"Sp\\u00e9cialiste de la laque, designer et architecte d'origine irlandaise,\\u00a0Eileen Gray\\u00a0s'installe \\u00e0 Paris en 1902.\\u00a0Dans les ann\\u00e9es 10, elle cr\\u00e9e\\u00a0du mobilier alliant bois rares et laqu\\u00e9s.\",\"breadcrumb\":{\"@id\":\"https:\/\/essentia-mobilia.com\/blog\/redecouvrir-eileen-gray-a-paris\/#breadcrumb\"},\"inLanguage\":\"fr-FR\",\"potentialAction\":[{\"@type\":\"ReadAction\",\"target\":[\"https:\/\/essentia-mobilia.com\/blog\/redecouvrir-eileen-gray-a-paris\/\"]}]},{\"@type\":\"BreadcrumbList\",\"@id\":\"https:\/\/essentia-mobilia.com\/blog\/redecouvrir-eileen-gray-a-paris\/#breadcrumb\",\"itemListElement\":[{\"@type\":\"ListItem\",\"position\":1,\"item\":{\"@type\":\"WebPage\",\"@id\":\"https:\/\/essentia-mobilia.com\/blog\/\",\"url\":\"https:\/\/essentia-mobilia.com\/blog\/\",\"name\":\"Accueil\"}},{\"@type\":\"ListItem\",\"position\":2,\"item\":{\"@type\":\"WebPage\",\"@id\":\"https:\/\/essentia-mobilia.com\/blog\/redecouvrir-eileen-gray-a-paris\/\",\"url\":\"https:\/\/essentia-mobilia.com\/blog\/redecouvrir-eileen-gray-a-paris\/\",\"name\":\"Red\\u00e9couvrir Eileen Gray \\u00e0 Paris\"}}]},{\"@type\":\"Article\",\"@id\":\"https:\/\/essentia-mobilia.com\/blog\/redecouvrir-eileen-gray-a-paris\/#article\",\"isPartOf\":{\"@id\":\"https:\/\/essentia-mobilia.com\/blog\/redecouvrir-eileen-gray-a-paris\/#webpage\"},\"author\":{\"@id\":\"https:\/\/essentia-mobilia.com\/blog\/#\/schema\/person\/f06deeaf73a4baf06738372a688cf68a\"},\"headline\":\"Red\\u00e9couvrir Eileen Gray \\u00e0 Paris\",\"datePublished\":\"2012-05-05T19:52:15+00:00\",\"dateModified\":\"2026-02-16T09:57:19+00:00\",\"mainEntityOfPage\":{\"@id\":\"https:\/\/essentia-mobilia.com\/blog\/redecouvrir-eileen-gray-a-paris\/#webpage\"},\"commentCount\":0,\"publisher\":{\"@id\":\"https:\/\/essentia-mobilia.com\/blog\/#organization\"},\"image\":{\"@id\":\"https:\/\/essentia-mobilia.com\/blog\/redecouvrir-eileen-gray-a-paris\/#primaryimage\"},\"articleSection\":\"Mobilier design\",\"inLanguage\":\"fr-FR\",\"potentialAction\":[{\"@type\":\"CommentAction\",\"name\":\"Comment\",\"target\":[\"https:\/\/essentia-mobilia.com\/blog\/redecouvrir-eileen-gray-a-paris\/#respond\"]}]},{\"@type\":\"Person\",\"@id\":\"https:\/\/essentia-mobilia.com\/blog\/#\/schema\/person\/f06deeaf73a4baf06738372a688cf68a\",\"name\":\"myessentiamobilia\",\"image\":{\"@type\":\"ImageObject\",\"@id\":\"https:\/\/essentia-mobilia.com\/blog\/#personlogo\",\"inLanguage\":\"fr-FR\",\"url\":\"https:\/\/secure.gravatar.com\/avatar\/bec63f027f1251faa237003116590784?s=96&d=mm&r=g\",\"caption\":\"myessentiamobilia\"},\"description\":\"A travers ce blog, je partage mes conseils de design et d\\u00e9coration int\\u00e9rieure.\"}]}<\/script>\n<!-- \/ Yoast SEO plugin. -->","_links":{"self":[{"href":"https:\/\/essentia-mobilia.com\/blog\/wp-json\/wp\/v2\/posts\/269"}],"collection":[{"href":"https:\/\/essentia-mobilia.com\/blog\/wp-json\/wp\/v2\/posts"}],"about":[{"href":"https:\/\/essentia-mobilia.com\/blog\/wp-json\/wp\/v2\/types\/post"}],"author":[{"embeddable":true,"href":"https:\/\/essentia-mobilia.com\/blog\/wp-json\/wp\/v2\/users\/1"}],"replies":[{"embeddable":true,"href":"https:\/\/essentia-mobilia.com\/blog\/wp-json\/wp\/v2\/comments?post=269"}],"version-history":[{"count":8,"href":"https:\/\/essentia-mobilia.com\/blog\/wp-json\/wp\/v2\/posts\/269\/revisions"}],"predecessor-version":[{"id":3592,"href":"https:\/\/essentia-mobilia.com\/blog\/wp-json\/wp\/v2\/posts\/269\/revisions\/3592"}],"wp:featuredmedia":[{"embeddable":true,"href":"https:\/\/essentia-mobilia.com\/blog\/wp-json\/wp\/v2\/media\/835"}],"wp:attachment":[{"href":"https:\/\/essentia-mobilia.com\/blog\/wp-json\/wp\/v2\/media?parent=269"}],"wp:term":[{"taxonomy":"category","embeddable":true,"href":"https:\/\/essentia-mobilia.com\/blog\/wp-json\/wp\/v2\/categories?post=269"},{"taxonomy":"post_tag","embeddable":true,"href":"https:\/\/essentia-mobilia.com\/blog\/wp-json\/wp\/v2\/tags?post=269"}],"curies":[{"name":"wp","href":"https:\/\/api.w.org\/{rel}","templated":true}]}}