{"id":268,"date":"2012-05-25T21:52:14","date_gmt":"2012-05-25T19:52:14","guid":{"rendered":"http:\/\/essentia-paris.com\/blog\/?p=268"},"modified":"2026-02-13T21:05:58","modified_gmt":"2026-02-13T20:05:58","slug":"du-mobilier-gonflable-pour-les-professionnels","status":"publish","type":"post","link":"https:\/\/essentia-mobilia.com\/blog\/du-mobilier-gonflable-pour-les-professionnels\/","title":{"rendered":"Du Mobilier gonflable pour les professionnels"},"content":{"rendered":"\n<h1 class=\"wp-block-heading\">Du Mobilier gonflable pour les professionnels<\/h1>\n\n\n<div class=\"wp-block-image\">\n<figure class=\"alignleft\"><a href=\"\/blog\/wp-content\/uploads\/2012\/05\/mobilier_gonflable.jpg\"><img decoding=\"async\" src=\"\/blog\/wp-content\/uploads\/2012\/05\/mobilier_gonflable-300x224.jpg\" alt=\"mobilier gonflable Bubble Pro\" class=\"wp-image-398\" title=\"mobilier gonflable Bubble Pro\"\/><\/a><\/figure><\/div>\n\n<div class=\"wp-block-image\">\n<figure class=\"alignleft\"><a href=\"\/blog\/wp-content\/uploads\/2012\/05\/mobilier_gonflable2.jpg\"><img decoding=\"async\" src=\"\/blog\/wp-content\/uploads\/2012\/05\/mobilier_gonflable2-300x255.jpg\" alt=\"mobilier gonflable Bubble Pro\" class=\"wp-image-399\" title=\"mobilier gonflable Bubble Pro\"\/><\/a><\/figure><\/div>\n\n\n<h3 class=\"wp-block-heading\">Du mobilier personnalisable gonflable pour les entreprises<\/h3>\n\n\n\n<p>Lanc\u00e9e en 2011, l&rsquo;entreprise&nbsp;Bubble Pro&nbsp;propose du&nbsp;<strong>mobilier gonflable<\/strong>&nbsp;\u00e0 la location pour des \u00e9v\u00e8nements d&rsquo;entreprise. Ce mobilier est&nbsp;<strong>personnalisable<\/strong>&nbsp;gr\u00e2ce \u00e0 des housses textiles imprim\u00e9es \u00e0 l&rsquo;effigie de l&rsquo;entreprise (logo, charte graphique&#8230;) : simplicit\u00e9 pour le transport (\u00e0 l&rsquo;\u00e9tat d\u00e9gonfl\u00e9), support de communication impactant pour messages publicitaires, cr\u00e9ativit\u00e9 du produit. L&rsquo;entreprise a fait appel \u00e0 des&nbsp;<strong>designers de talent<\/strong>. Nous aimons l&rsquo;initiative.<\/p>\n","protected":false},"excerpt":{"rendered":"<p>Du Mobilier gonflable pour les professionnels Du mobilier personnalisable gonflable pour les entreprises Lanc\u00e9e en 2011, l&rsquo;entreprise&nbsp;Bubble Pro&nbsp;propose du&nbsp;mobilier gonflable&nbsp;\u00e0 la location pour des \u00e9v\u00e8nements d&rsquo;entreprise. Ce mobilier est&nbsp;personnalisable&nbsp;gr\u00e2ce \u00e0 des housses textiles imprim\u00e9es \u00e0 l&rsquo;effigie de l&rsquo;entreprise (logo, charte graphique&#8230;) : simplicit\u00e9 pour le transport (\u00e0 l&rsquo;\u00e9tat d\u00e9gonfl\u00e9), support de communication impactant pour messages [&hellip;]<\/p>\n","protected":false},"author":1,"featured_media":827,"comment_status":"open","ping_status":"open","sticky":false,"template":"","format":"standard","meta":{"footnotes":""},"categories":[32],"tags":[],"yoast_head":"<!-- This site is optimized with the Yoast SEO plugin v15.0 - https:\/\/yoast.com\/wordpress\/plugins\/seo\/ -->\n<title>Du Mobilier gonflable pour les professionnels<\/title>\n<meta name=\"description\" content=\"Lanc\u00e9e en 2011, l&#039;entreprise\u00a0Bubble Pro\u00a0propose du\u00a0mobilier gonflable\u00a0\u00e0 la location pour des \u00e9v\u00e8nements d&#039;entreprise.\" \/>\n<meta name=\"robots\" content=\"index, follow, max-snippet:-1, max-image-preview:large, max-video-preview:-1\" \/>\n<link rel=\"canonical\" href=\"https:\/\/essentia-mobilia.com\/blog\/du-mobilier-gonflable-pour-les-professionnels\/\" \/>\n<meta property=\"og:locale\" content=\"fr_FR\" \/>\n<meta property=\"og:type\" content=\"article\" \/>\n<meta property=\"og:title\" content=\"Du Mobilier gonflable pour les professionnels\" \/>\n<meta property=\"og:description\" content=\"Lanc\u00e9e en 2011, l&#039;entreprise\u00a0Bubble Pro\u00a0propose du\u00a0mobilier gonflable\u00a0\u00e0 la location pour des \u00e9v\u00e8nements d&#039;entreprise.\" \/>\n<meta property=\"og:url\" content=\"https:\/\/essentia-mobilia.com\/blog\/du-mobilier-gonflable-pour-les-professionnels\/\" \/>\n<meta property=\"og:site_name\" content=\"Blog d\u00e9coration et design de Essentia MOBILIA\" \/>\n<meta property=\"article:publisher\" content=\"https:\/\/www.facebook.com\/EssentiaMobilia\" \/>\n<meta property=\"article:published_time\" content=\"2012-05-25T19:52:14+00:00\" \/>\n<meta property=\"article:modified_time\" content=\"2026-02-13T20:05:58+00:00\" \/>\n<meta property=\"og:image\" content=\"https:\/\/essentia-mobilia.com\/blog\/wp-content\/uploads\/2012\/11\/95-mobilier_gonflable2-300x255-1.jpg\" \/>\n\t<meta property=\"og:image:width\" content=\"300\" \/>\n\t<meta property=\"og:image:height\" content=\"255\" \/>\n<meta name=\"twitter:card\" content=\"summary_large_image\" \/>\n<script type=\"application\/ld+json\" class=\"yoast-schema-graph\">{\"@context\":\"https:\/\/schema.org\",\"@graph\":[{\"@type\":\"Organization\",\"@id\":\"https:\/\/essentia-mobilia.com\/blog\/#organization\",\"name\":\"Essentia MOBILIA\",\"url\":\"https:\/\/essentia-mobilia.com\/blog\/\",\"sameAs\":[\"https:\/\/www.facebook.com\/EssentiaMobilia\",\"https:\/\/www.instagram.com\/essentiamobilia\/\",\"https:\/\/fr.pinterest.com\/essentia_mobilia\/\"],\"logo\":{\"@type\":\"ImageObject\",\"@id\":\"https:\/\/essentia-mobilia.com\/blog\/#logo\",\"inLanguage\":\"fr-FR\",\"url\":\"https:\/\/essentia-mobilia.com\/blog\/wp-content\/uploads\/2023\/12\/cropped-essentia-mobilia-logo.jpg\",\"width\":171,\"height\":73,\"caption\":\"Essentia MOBILIA\"},\"image\":{\"@id\":\"https:\/\/essentia-mobilia.com\/blog\/#logo\"}},{\"@type\":\"WebSite\",\"@id\":\"https:\/\/essentia-mobilia.com\/blog\/#website\",\"url\":\"https:\/\/essentia-mobilia.com\/blog\/\",\"name\":\"Blog d\\u00e9coration et design de Essentia MOBILIA\",\"description\":\"\",\"publisher\":{\"@id\":\"https:\/\/essentia-mobilia.com\/blog\/#organization\"},\"potentialAction\":[{\"@type\":\"SearchAction\",\"target\":\"https:\/\/essentia-mobilia.com\/blog\/?s={search_term_string}\",\"query-input\":\"required name=search_term_string\"}],\"inLanguage\":\"fr-FR\"},{\"@type\":\"ImageObject\",\"@id\":\"https:\/\/essentia-mobilia.com\/blog\/du-mobilier-gonflable-pour-les-professionnels\/#primaryimage\",\"inLanguage\":\"fr-FR\",\"url\":\"https:\/\/essentia-mobilia.com\/blog\/wp-content\/uploads\/2012\/11\/95-mobilier_gonflable2-300x255-1.jpg\",\"width\":300,\"height\":255},{\"@type\":\"WebPage\",\"@id\":\"https:\/\/essentia-mobilia.com\/blog\/du-mobilier-gonflable-pour-les-professionnels\/#webpage\",\"url\":\"https:\/\/essentia-mobilia.com\/blog\/du-mobilier-gonflable-pour-les-professionnels\/\",\"name\":\"Du Mobilier gonflable pour les professionnels\",\"isPartOf\":{\"@id\":\"https:\/\/essentia-mobilia.com\/blog\/#website\"},\"primaryImageOfPage\":{\"@id\":\"https:\/\/essentia-mobilia.com\/blog\/du-mobilier-gonflable-pour-les-professionnels\/#primaryimage\"},\"datePublished\":\"2012-05-25T19:52:14+00:00\",\"dateModified\":\"2026-02-13T20:05:58+00:00\",\"description\":\"Lanc\\u00e9e en 2011, l'entreprise\\u00a0Bubble Pro\\u00a0propose du\\u00a0mobilier gonflable\\u00a0\\u00e0 la location pour des \\u00e9v\\u00e8nements d'entreprise.\",\"breadcrumb\":{\"@id\":\"https:\/\/essentia-mobilia.com\/blog\/du-mobilier-gonflable-pour-les-professionnels\/#breadcrumb\"},\"inLanguage\":\"fr-FR\",\"potentialAction\":[{\"@type\":\"ReadAction\",\"target\":[\"https:\/\/essentia-mobilia.com\/blog\/du-mobilier-gonflable-pour-les-professionnels\/\"]}]},{\"@type\":\"BreadcrumbList\",\"@id\":\"https:\/\/essentia-mobilia.com\/blog\/du-mobilier-gonflable-pour-les-professionnels\/#breadcrumb\",\"itemListElement\":[{\"@type\":\"ListItem\",\"position\":1,\"item\":{\"@type\":\"WebPage\",\"@id\":\"https:\/\/essentia-mobilia.com\/blog\/\",\"url\":\"https:\/\/essentia-mobilia.com\/blog\/\",\"name\":\"Accueil\"}},{\"@type\":\"ListItem\",\"position\":2,\"item\":{\"@type\":\"WebPage\",\"@id\":\"https:\/\/essentia-mobilia.com\/blog\/du-mobilier-gonflable-pour-les-professionnels\/\",\"url\":\"https:\/\/essentia-mobilia.com\/blog\/du-mobilier-gonflable-pour-les-professionnels\/\",\"name\":\"Du Mobilier gonflable pour les professionnels\"}}]},{\"@type\":\"Article\",\"@id\":\"https:\/\/essentia-mobilia.com\/blog\/du-mobilier-gonflable-pour-les-professionnels\/#article\",\"isPartOf\":{\"@id\":\"https:\/\/essentia-mobilia.com\/blog\/du-mobilier-gonflable-pour-les-professionnels\/#webpage\"},\"author\":{\"@id\":\"https:\/\/essentia-mobilia.com\/blog\/#\/schema\/person\/f06deeaf73a4baf06738372a688cf68a\"},\"headline\":\"Du Mobilier gonflable pour les professionnels\",\"datePublished\":\"2012-05-25T19:52:14+00:00\",\"dateModified\":\"2026-02-13T20:05:58+00:00\",\"mainEntityOfPage\":{\"@id\":\"https:\/\/essentia-mobilia.com\/blog\/du-mobilier-gonflable-pour-les-professionnels\/#webpage\"},\"commentCount\":0,\"publisher\":{\"@id\":\"https:\/\/essentia-mobilia.com\/blog\/#organization\"},\"image\":{\"@id\":\"https:\/\/essentia-mobilia.com\/blog\/du-mobilier-gonflable-pour-les-professionnels\/#primaryimage\"},\"articleSection\":\"Mobilier design\",\"inLanguage\":\"fr-FR\",\"potentialAction\":[{\"@type\":\"CommentAction\",\"name\":\"Comment\",\"target\":[\"https:\/\/essentia-mobilia.com\/blog\/du-mobilier-gonflable-pour-les-professionnels\/#respond\"]}]},{\"@type\":\"Person\",\"@id\":\"https:\/\/essentia-mobilia.com\/blog\/#\/schema\/person\/f06deeaf73a4baf06738372a688cf68a\",\"name\":\"myessentiamobilia\",\"image\":{\"@type\":\"ImageObject\",\"@id\":\"https:\/\/essentia-mobilia.com\/blog\/#personlogo\",\"inLanguage\":\"fr-FR\",\"url\":\"https:\/\/secure.gravatar.com\/avatar\/bec63f027f1251faa237003116590784?s=96&d=mm&r=g\",\"caption\":\"myessentiamobilia\"},\"description\":\"A travers ce blog, je partage mes conseils de design et d\\u00e9coration int\\u00e9rieure.\"}]}<\/script>\n<!-- \/ Yoast SEO plugin. -->","_links":{"self":[{"href":"https:\/\/essentia-mobilia.com\/blog\/wp-json\/wp\/v2\/posts\/268"}],"collection":[{"href":"https:\/\/essentia-mobilia.com\/blog\/wp-json\/wp\/v2\/posts"}],"about":[{"href":"https:\/\/essentia-mobilia.com\/blog\/wp-json\/wp\/v2\/types\/post"}],"author":[{"embeddable":true,"href":"https:\/\/essentia-mobilia.com\/blog\/wp-json\/wp\/v2\/users\/1"}],"replies":[{"embeddable":true,"href":"https:\/\/essentia-mobilia.com\/blog\/wp-json\/wp\/v2\/comments?post=268"}],"version-history":[{"count":3,"href":"https:\/\/essentia-mobilia.com\/blog\/wp-json\/wp\/v2\/posts\/268\/revisions"}],"predecessor-version":[{"id":3583,"href":"https:\/\/essentia-mobilia.com\/blog\/wp-json\/wp\/v2\/posts\/268\/revisions\/3583"}],"wp:featuredmedia":[{"embeddable":true,"href":"https:\/\/essentia-mobilia.com\/blog\/wp-json\/wp\/v2\/media\/827"}],"wp:attachment":[{"href":"https:\/\/essentia-mobilia.com\/blog\/wp-json\/wp\/v2\/media?parent=268"}],"wp:term":[{"taxonomy":"category","embeddable":true,"href":"https:\/\/essentia-mobilia.com\/blog\/wp-json\/wp\/v2\/categories?post=268"},{"taxonomy":"post_tag","embeddable":true,"href":"https:\/\/essentia-mobilia.com\/blog\/wp-json\/wp\/v2\/tags?post=268"}],"curies":[{"name":"wp","href":"https:\/\/api.w.org\/{rel}","templated":true}]}}