{"id":247,"date":"2012-04-24T21:42:43","date_gmt":"2012-04-24T19:42:43","guid":{"rendered":"http:\/\/essentia-paris.com\/blog\/?p=247"},"modified":"2026-02-16T10:58:08","modified_gmt":"2026-02-16T09:58:08","slug":"3eme-triennale-dart-contemporain-a-paris","status":"publish","type":"post","link":"https:\/\/essentia-mobilia.com\/blog\/3eme-triennale-dart-contemporain-a-paris\/","title":{"rendered":"3\u00e8me triennale d&rsquo;Art Contemporain \u00e0 Paris"},"content":{"rendered":"\n<h1 class=\"wp-block-heading\">3\u00e8me triennale d&rsquo;Art Contemporain \u00e0 Paris<\/h1>\n\n\n<div class=\"wp-block-image\">\n<figure class=\"alignleft\"><a href=\"\/blog\/wp-content\/uploads\/2012\/04\/Intense-proximite-Palais-de-Tokyo-Paris.jpg\"><img decoding=\"async\" src=\"\/blog\/wp-content\/uploads\/2012\/04\/Intense-proximite-Palais-de-Tokyo-Paris-300x127.jpg\" alt=\"Intense Proximite Palais de Tokyo Paris\" class=\"wp-image-312\" title=\"Intense Proximite Palais de Tokyo Paris\"\/><\/a><\/figure><\/div>\n\n\n<p><strong>Du 20 avril au 26 ao\u00fbt 2012<\/strong>&nbsp;se tient au&nbsp;<strong>Palais de Tokyo<\/strong>&nbsp;et dans 7 autres lieux du Grand Paris (Mus\u00e9e Galliera, Mus\u00e9e du Louvre, B\u00e9tonsalon, Cr\u00e9dac d\u2019Ivry, Instants Chavir\u00e9s de Montreuil, Laboratoires d\u2019Aubervilliers, Mus\u00e9e de la Mode de la Ville de Paris) la&nbsp;<strong>3\u00e8me \u00e9dition de la Triennale d&rsquo;Art Contemporain<\/strong>. Des films, concerts, visites, d\u00e9bats&#8230; \u00e9mailleront cette manifestation.<\/p>\n\n\n\n<p>Le th\u00e8me \u00ab\u00a0<strong>Intense Proximit\u00e9<\/strong>\u00a0\u00bb a \u00e9t\u00e9 choisi par son commissaire g\u00e9n\u00e9ral, Okwui Enwezor: qu&rsquo;est-ce que cela signifie de cr\u00e9er aujourd&rsquo;hui dans le contexte d&rsquo;une&nbsp;sc\u00e8ne artistique fran\u00e7aise&nbsp;mondialis\u00e9e et diversifi\u00e9e ?<\/p>\n","protected":false},"excerpt":{"rendered":"<p>3\u00e8me triennale d&rsquo;Art Contemporain \u00e0 Paris Du 20 avril au 26 ao\u00fbt 2012&nbsp;se tient au&nbsp;Palais de Tokyo&nbsp;et dans 7 autres lieux du Grand Paris (Mus\u00e9e Galliera, Mus\u00e9e du Louvre, B\u00e9tonsalon, Cr\u00e9dac d\u2019Ivry, Instants Chavir\u00e9s de Montreuil, Laboratoires d\u2019Aubervilliers, Mus\u00e9e de la Mode de la Ville de Paris) la&nbsp;3\u00e8me \u00e9dition de la Triennale d&rsquo;Art Contemporain. Des [&hellip;]<\/p>\n","protected":false},"author":1,"featured_media":839,"comment_status":"open","ping_status":"open","sticky":false,"template":"","format":"standard","meta":{"footnotes":""},"categories":[32],"tags":[],"yoast_head":"<!-- This site is optimized with the Yoast SEO plugin v15.0 - https:\/\/yoast.com\/wordpress\/plugins\/seo\/ -->\n<title>3\u00e8me triennale d&#039;Art Contemporain \u00e0 Paris<\/title>\n<meta name=\"description\" content=\"Du 20 avril au 26 ao\u00fbt 2012\u00a0se tient au\u00a0Palais de Tokyo\u00a0et dans 7 autres lieux du Grand Paris\" \/>\n<meta name=\"robots\" content=\"index, follow, max-snippet:-1, max-image-preview:large, max-video-preview:-1\" \/>\n<link rel=\"canonical\" href=\"https:\/\/essentia-mobilia.com\/blog\/3eme-triennale-dart-contemporain-a-paris\/\" \/>\n<meta property=\"og:locale\" content=\"fr_FR\" \/>\n<meta property=\"og:type\" content=\"article\" \/>\n<meta property=\"og:title\" content=\"3\u00e8me triennale d&#039;Art Contemporain \u00e0 Paris\" \/>\n<meta property=\"og:description\" content=\"Du 20 avril au 26 ao\u00fbt 2012\u00a0se tient au\u00a0Palais de Tokyo\u00a0et dans 7 autres lieux du Grand Paris\" \/>\n<meta property=\"og:url\" content=\"https:\/\/essentia-mobilia.com\/blog\/3eme-triennale-dart-contemporain-a-paris\/\" \/>\n<meta property=\"og:site_name\" content=\"Blog d\u00e9coration et design de Essentia MOBILIA\" \/>\n<meta property=\"article:publisher\" content=\"https:\/\/www.facebook.com\/EssentiaMobilia\" \/>\n<meta property=\"article:published_time\" content=\"2012-04-24T19:42:43+00:00\" \/>\n<meta property=\"article:modified_time\" content=\"2026-02-16T09:58:08+00:00\" \/>\n<meta property=\"og:image\" content=\"https:\/\/essentia-mobilia.com\/blog\/wp-content\/uploads\/2012\/11\/107-Intense-proximite-Palais-de-Tokyo-Paris-300x127-1.jpg\" \/>\n\t<meta property=\"og:image:width\" content=\"300\" \/>\n\t<meta property=\"og:image:height\" content=\"127\" \/>\n<meta name=\"twitter:card\" content=\"summary_large_image\" \/>\n<script type=\"application\/ld+json\" class=\"yoast-schema-graph\">{\"@context\":\"https:\/\/schema.org\",\"@graph\":[{\"@type\":\"Organization\",\"@id\":\"https:\/\/essentia-mobilia.com\/blog\/#organization\",\"name\":\"Essentia MOBILIA\",\"url\":\"https:\/\/essentia-mobilia.com\/blog\/\",\"sameAs\":[\"https:\/\/www.facebook.com\/EssentiaMobilia\",\"https:\/\/www.instagram.com\/essentiamobilia\/\",\"https:\/\/fr.pinterest.com\/essentia_mobilia\/\"],\"logo\":{\"@type\":\"ImageObject\",\"@id\":\"https:\/\/essentia-mobilia.com\/blog\/#logo\",\"inLanguage\":\"fr-FR\",\"url\":\"https:\/\/essentia-mobilia.com\/blog\/wp-content\/uploads\/2023\/12\/cropped-essentia-mobilia-logo.jpg\",\"width\":171,\"height\":73,\"caption\":\"Essentia MOBILIA\"},\"image\":{\"@id\":\"https:\/\/essentia-mobilia.com\/blog\/#logo\"}},{\"@type\":\"WebSite\",\"@id\":\"https:\/\/essentia-mobilia.com\/blog\/#website\",\"url\":\"https:\/\/essentia-mobilia.com\/blog\/\",\"name\":\"Blog d\\u00e9coration et design de Essentia MOBILIA\",\"description\":\"\",\"publisher\":{\"@id\":\"https:\/\/essentia-mobilia.com\/blog\/#organization\"},\"potentialAction\":[{\"@type\":\"SearchAction\",\"target\":\"https:\/\/essentia-mobilia.com\/blog\/?s={search_term_string}\",\"query-input\":\"required name=search_term_string\"}],\"inLanguage\":\"fr-FR\"},{\"@type\":\"ImageObject\",\"@id\":\"https:\/\/essentia-mobilia.com\/blog\/3eme-triennale-dart-contemporain-a-paris\/#primaryimage\",\"inLanguage\":\"fr-FR\",\"url\":\"https:\/\/essentia-mobilia.com\/blog\/wp-content\/uploads\/2012\/11\/107-Intense-proximite-Palais-de-Tokyo-Paris-300x127-1.jpg\",\"width\":300,\"height\":127},{\"@type\":\"WebPage\",\"@id\":\"https:\/\/essentia-mobilia.com\/blog\/3eme-triennale-dart-contemporain-a-paris\/#webpage\",\"url\":\"https:\/\/essentia-mobilia.com\/blog\/3eme-triennale-dart-contemporain-a-paris\/\",\"name\":\"3\\u00e8me triennale d'Art Contemporain \\u00e0 Paris\",\"isPartOf\":{\"@id\":\"https:\/\/essentia-mobilia.com\/blog\/#website\"},\"primaryImageOfPage\":{\"@id\":\"https:\/\/essentia-mobilia.com\/blog\/3eme-triennale-dart-contemporain-a-paris\/#primaryimage\"},\"datePublished\":\"2012-04-24T19:42:43+00:00\",\"dateModified\":\"2026-02-16T09:58:08+00:00\",\"description\":\"Du 20 avril au 26 ao\\u00fbt 2012\\u00a0se tient au\\u00a0Palais de Tokyo\\u00a0et dans 7 autres lieux du Grand Paris\",\"breadcrumb\":{\"@id\":\"https:\/\/essentia-mobilia.com\/blog\/3eme-triennale-dart-contemporain-a-paris\/#breadcrumb\"},\"inLanguage\":\"fr-FR\",\"potentialAction\":[{\"@type\":\"ReadAction\",\"target\":[\"https:\/\/essentia-mobilia.com\/blog\/3eme-triennale-dart-contemporain-a-paris\/\"]}]},{\"@type\":\"BreadcrumbList\",\"@id\":\"https:\/\/essentia-mobilia.com\/blog\/3eme-triennale-dart-contemporain-a-paris\/#breadcrumb\",\"itemListElement\":[{\"@type\":\"ListItem\",\"position\":1,\"item\":{\"@type\":\"WebPage\",\"@id\":\"https:\/\/essentia-mobilia.com\/blog\/\",\"url\":\"https:\/\/essentia-mobilia.com\/blog\/\",\"name\":\"Accueil\"}},{\"@type\":\"ListItem\",\"position\":2,\"item\":{\"@type\":\"WebPage\",\"@id\":\"https:\/\/essentia-mobilia.com\/blog\/3eme-triennale-dart-contemporain-a-paris\/\",\"url\":\"https:\/\/essentia-mobilia.com\/blog\/3eme-triennale-dart-contemporain-a-paris\/\",\"name\":\"3\\u00e8me triennale d&rsquo;Art Contemporain \\u00e0 Paris\"}}]},{\"@type\":\"Article\",\"@id\":\"https:\/\/essentia-mobilia.com\/blog\/3eme-triennale-dart-contemporain-a-paris\/#article\",\"isPartOf\":{\"@id\":\"https:\/\/essentia-mobilia.com\/blog\/3eme-triennale-dart-contemporain-a-paris\/#webpage\"},\"author\":{\"@id\":\"https:\/\/essentia-mobilia.com\/blog\/#\/schema\/person\/f06deeaf73a4baf06738372a688cf68a\"},\"headline\":\"3\\u00e8me triennale d&rsquo;Art Contemporain \\u00e0 Paris\",\"datePublished\":\"2012-04-24T19:42:43+00:00\",\"dateModified\":\"2026-02-16T09:58:08+00:00\",\"mainEntityOfPage\":{\"@id\":\"https:\/\/essentia-mobilia.com\/blog\/3eme-triennale-dart-contemporain-a-paris\/#webpage\"},\"commentCount\":0,\"publisher\":{\"@id\":\"https:\/\/essentia-mobilia.com\/blog\/#organization\"},\"image\":{\"@id\":\"https:\/\/essentia-mobilia.com\/blog\/3eme-triennale-dart-contemporain-a-paris\/#primaryimage\"},\"articleSection\":\"Mobilier design\",\"inLanguage\":\"fr-FR\",\"potentialAction\":[{\"@type\":\"CommentAction\",\"name\":\"Comment\",\"target\":[\"https:\/\/essentia-mobilia.com\/blog\/3eme-triennale-dart-contemporain-a-paris\/#respond\"]}]},{\"@type\":\"Person\",\"@id\":\"https:\/\/essentia-mobilia.com\/blog\/#\/schema\/person\/f06deeaf73a4baf06738372a688cf68a\",\"name\":\"myessentiamobilia\",\"image\":{\"@type\":\"ImageObject\",\"@id\":\"https:\/\/essentia-mobilia.com\/blog\/#personlogo\",\"inLanguage\":\"fr-FR\",\"url\":\"https:\/\/secure.gravatar.com\/avatar\/bec63f027f1251faa237003116590784?s=96&d=mm&r=g\",\"caption\":\"myessentiamobilia\"},\"description\":\"A travers ce blog, je partage mes conseils de design et d\\u00e9coration int\\u00e9rieure.\"}]}<\/script>\n<!-- \/ Yoast SEO plugin. -->","_links":{"self":[{"href":"https:\/\/essentia-mobilia.com\/blog\/wp-json\/wp\/v2\/posts\/247"}],"collection":[{"href":"https:\/\/essentia-mobilia.com\/blog\/wp-json\/wp\/v2\/posts"}],"about":[{"href":"https:\/\/essentia-mobilia.com\/blog\/wp-json\/wp\/v2\/types\/post"}],"author":[{"embeddable":true,"href":"https:\/\/essentia-mobilia.com\/blog\/wp-json\/wp\/v2\/users\/1"}],"replies":[{"embeddable":true,"href":"https:\/\/essentia-mobilia.com\/blog\/wp-json\/wp\/v2\/comments?post=247"}],"version-history":[{"count":3,"href":"https:\/\/essentia-mobilia.com\/blog\/wp-json\/wp\/v2\/posts\/247\/revisions"}],"predecessor-version":[{"id":3597,"href":"https:\/\/essentia-mobilia.com\/blog\/wp-json\/wp\/v2\/posts\/247\/revisions\/3597"}],"wp:featuredmedia":[{"embeddable":true,"href":"https:\/\/essentia-mobilia.com\/blog\/wp-json\/wp\/v2\/media\/839"}],"wp:attachment":[{"href":"https:\/\/essentia-mobilia.com\/blog\/wp-json\/wp\/v2\/media?parent=247"}],"wp:term":[{"taxonomy":"category","embeddable":true,"href":"https:\/\/essentia-mobilia.com\/blog\/wp-json\/wp\/v2\/categories?post=247"},{"taxonomy":"post_tag","embeddable":true,"href":"https:\/\/essentia-mobilia.com\/blog\/wp-json\/wp\/v2\/tags?post=247"}],"curies":[{"name":"wp","href":"https:\/\/api.w.org\/{rel}","templated":true}]}}