{"id":2226,"date":"2024-04-10T16:41:29","date_gmt":"2024-04-10T14:41:29","guid":{"rendered":"https:\/\/essentia-mobilia.com\/blog\/?p=2226"},"modified":"2026-02-13T16:33:32","modified_gmt":"2026-02-13T15:33:32","slug":"pourquoi-acheter-des-meubles-fabriques-en-france","status":"publish","type":"post","link":"https:\/\/essentia-mobilia.com\/blog\/pourquoi-acheter-des-meubles-fabriques-en-france\/","title":{"rendered":"Pourquoi acheter des meubles fabriqu\u00e9s en France ?"},"content":{"rendered":"\n<h1 class=\"wp-block-heading\">Pourquoi acheter des meubles fabriqu\u00e9s en France ?<\/h1>\n\n\n\n<p>Vous \u00eates \u00e0 la recherche de nouveaux meubles pour votre int\u00e9rieur ? Vous h\u00e9sitez face \u00e0 l&rsquo;offre pl\u00e9thorique qui se pr\u00e9sente \u00e0 vous ? Faut-il privil\u00e9gier les <strong><a href=\"https:\/\/essentia-mobilia.com\/\">meubles fabriqu\u00e9s en France ?<\/a><\/strong> Au-del\u00e0 des aspects purement esth\u00e9tiques et fonctionnels, <strong>les meubles \u00ab\u00a0made in France\u00a0\u00bb <\/strong>r\u00e9pondent \u00e0 des consid\u00e9rations plus profondes. Comment pr\u00e9server l&rsquo;\u00e9conomie locale dans un contexte de concurrence mondialis\u00e9e ? Comment respecter l&rsquo;environnement et le climat alors que les normes environnementales ne sont pas homog\u00e8nes partout ? Comment b\u00e9n\u00e9ficier \u00e0 la fois d&rsquo;un savoir faire du meuble ancestral et des derni\u00e8res innovations en terme de design ? <\/p>\n\n\n\n<figure class=\"wp-block-image size-full\"><a href=\"https:\/\/essentia-mobilia.com\/\"><img loading=\"lazy\" decoding=\"async\" width=\"789\" height=\"189\" src=\"https:\/\/essentia-mobilia.com\/blog\/wp-content\/uploads\/2024\/04\/mobilier-made-in-France-expo-design-durable-desirable-credits-VIA.jpg\" alt=\"mobilier made in France - expo design durable desirable - cr\u00e9dits VIA\" class=\"wp-image-2266\" srcset=\"https:\/\/essentia-mobilia.com\/blog\/wp-content\/uploads\/2024\/04\/mobilier-made-in-France-expo-design-durable-desirable-credits-VIA.jpg 789w, https:\/\/essentia-mobilia.com\/blog\/wp-content\/uploads\/2024\/04\/mobilier-made-in-France-expo-design-durable-desirable-credits-VIA-300x72.jpg 300w, https:\/\/essentia-mobilia.com\/blog\/wp-content\/uploads\/2024\/04\/mobilier-made-in-France-expo-design-durable-desirable-credits-VIA-768x184.jpg 768w\" sizes=\"(max-width: 789px) 100vw, 789px\" \/><\/a><figcaption class=\"wp-element-caption\">Mobilier made in France &#8211; Exposition Design durable desirable &#8211; Cr\u00e9dits VIA<\/figcaption><\/figure>\n\n\n\n<p><strong><a href=\"https:\/\/essentia-mobilia.com\/content\/4-qui-sommes-nous#valeurs-essentia-mobilia\">Les meubles de fabrication fran\u00e7aise<\/a><\/strong>, c&rsquo;est le <strong>choix assum\u00e9 de <a href=\"https:\/\/essentia-mobilia.com\/\">Essentia MOBILIA<\/a><\/strong>. D\u00e9couvrez \u00e0 travers cet article <strong>5 raisons <\/strong>pour lesquelles les meubles fran\u00e7ais m\u00e9ritent une place de choix dans votre maison !<\/p>\n\n\n\n<p><strong>Au sommaire<\/strong><\/p>\n<ul>\n<li><strong><a href=\"#support-economie-locale\">1. Support \u00e0 l&rsquo;\u00e9conomie locale<\/a><\/strong><\/li>\n<li><strong><a href=\"#respect-normes\">2. Respect des normes environnementales<\/a><\/strong><\/li>\n<li><strong><a href=\"#bilan-carbone\">3. Bilan carbone r\u00e9duit<\/a><\/strong><\/li>\n<li><strong><a href=\"#tradition-savoir-faire\">4. Tradition et savoir-faire<\/a><\/strong><\/li>\n<li><strong><a href=\"#innovation-design\">5. Innovation et design<\/a><\/strong><\/li>\n<\/ul>\n<p><\/p>\n\n\n\n<h2 class=\"wp-block-heading\" id=\"support-economie-locale\"><strong>1. Support \u00e0 l&rsquo;\u00e9conomie locale<\/strong><\/h2>\n\n\n\n<p>L&rsquo;achat de meubles fabriqu\u00e9s en France ne se limite pas \u00e0 un simple achat de biens d&rsquo;\u00e9quipement.  Cela repr\u00e9sente \u00e9galement un soutien direct \u00e0 <strong>l&rsquo;\u00e9conomie locale.<\/strong> En effet, cette d\u00e9cision contribue de mani\u00e8re significative au <strong>maintien des emplois dans le secteur de la fabrication et de l&rsquo;artisanat<\/strong> en France regroup\u00e9 dans la fili\u00e8re <strong>l&rsquo;<a href=\"https:\/\/www.ameublement.com\/\" target=\"_blank\" rel=\"noreferrer noopener nofollow\">Ameublement fran\u00e7ais<\/a><\/strong>. Chaque achat de meuble fabriqu\u00e9 en France soutient directement ces emplois, permettant aux artisans et aux ouvriers des revenus et contribuant \u00e0 la croissance \u00e9conomique nationale. <\/p>\n\n\n\n<p>De plus, choisir des meubles fabriqu\u00e9s en France signifie souvent opter pour des mat\u00e9riaux locaux, ce qui stimule \u00e9galement <strong>d&rsquo;autres secteurs de l&rsquo;\u00e9conomie nationale,<\/strong> tels que l<strong>&lsquo;exploitation foresti\u00e8re<\/strong> et la<strong> production de mat\u00e9riaux de construction<\/strong>. En fin de compte, chaque euro d\u00e9pens\u00e9 pour un meuble fran\u00e7ais circule \u00e0 travers l&rsquo;\u00e9conomie locale, cr\u00e9ant ainsi un effet multiplicateur qui profite \u00e0 l&rsquo;ensemble de la communaut\u00e9. <\/p>\n\n\n\n<p>Ainsi la r\u00e9gion Grand Est, connue pour son industrie du meuble dynamique abrite de nombreux fabricants qui emploient des centaines de travailleurs qualifi\u00e9s dans ses usines. Ces fabricants font travailler \u00e9galement des artisans ind\u00e9pendants. Du c\u00f4t\u00e9 d&rsquo;<strong>Essentia MOBILIA<\/strong>, nous travaillons avec une dizaine d&rsquo;ateliers au savoir-faire \u00e9prouv\u00e9 la plupart localis\u00e9s en Ile-de-France par exemple dans le quartier des \u00e9b\u00e9nistes \u00e0 Paris. <\/p>\n\n\n\n<p>En soutenant les fabricants de meubles fran\u00e7ais, vous contribuez donc \u00e0 pr\u00e9server un tissu \u00e9conomique essentiel, favorisant la cr\u00e9ation d&#8217;emplois durables et le dynamisme des r\u00e9gions \u00e0 travers le pays.<\/p>\n\n\n\n<h2 class=\"wp-block-heading\" id=\"respect-normes\"><strong>2. Respect des normes environnementales<\/strong><\/h2>\n\n\n\n<p>Acheter des meubles fabriqu\u00e9s en France d\u00e9passe la seule satisfaction esth\u00e9tique. Cela repr\u00e9sente \u00e9galement un <strong>engagement pour le respect de l&rsquo;environnement<\/strong>. Les fabricants de meubles en France sont soumis \u00e0 des <strong>normes environnementales strictes<\/strong>, ce qui garantit d&rsquo;une part que les mat\u00e9riaux utilis\u00e9s et les m\u00e9thodes de production sont plus respectueux de l&rsquo;environnement que ceux provenant d&rsquo;autres r\u00e9gions du monde.<\/p>\n\n\n\n<p>Par exemple, la <strong>certification PEFC <\/strong>(Programme de reconnaissance des certifications foresti\u00e8res) est largement utilis\u00e9e par les fabricants de meubles fran\u00e7ais pour garantir que le <strong>bois utilis\u00e9 provient de for\u00eats g\u00e9r\u00e9es de mani\u00e8re durable<\/strong>. Cette certification assure non seulement la tra\u00e7abilit\u00e9 des mat\u00e9riaux, mais elle t\u00e9moigne \u00e9galement de l&rsquo;engagement des fabricants envers la pr\u00e9servation des \u00e9cosyst\u00e8mes forestiers.<\/p>\n\n\n\n<p>L&rsquo;utilisation de peintures, de solvants et de r\u00e9sines est tr\u00e8s contr\u00f4l\u00e9e. Par exemple, la l\u00e9gislation fran\u00e7aise a impos\u00e9 des <strong>contr\u00f4les stricts sur l\u2019utilisation des COV<\/strong> (compos\u00e9s organiques volatils) dans les industries afin de diminuer la quantit\u00e9 de COV utilis\u00e9s et \u00e9mis dans l&rsquo;atmosph\u00e8re. <\/p>\n\n\n\n<p>Certaines entreprises comme notre marque Essentia MOBILIA se sont engag\u00e9es \u00e0 utiliser des mat\u00e9riaux \u00e9cologiques tels que <strong>le bois naturel, acier, verre<\/strong> : <a href=\"https:\/\/essentia-mobilia.com\/91-bibliotheques-bois-massif-sur-mesure\">biblioth\u00e8ques en bois massif<\/a>, <a href=\"https:\/\/essentia-mobilia.com\/etageres-murales-sur-mesure\/130-etagere-murale-metal-sur-mesure-pour-livres-cd-dvd-delta-3701456201795.html\">\u00e9tag\u00e8res murales en m\u00e9tal<\/a>, <a href=\"https:\/\/essentia-mobilia.com\/109-tables-basses-verre-design\">tables basses en verre design<\/a>&#8230; Ces initiatives visent \u00e0 minimiser l&rsquo;impact environnemental de l&rsquo;industrie du meuble tout en garantissant des produits de haute qualit\u00e9 pour les consommateurs conscients de l&rsquo;environnement.<\/p>\n\n\n\n<h2 class=\"wp-block-heading\" id=\"bilan-carbone\"><strong>3. Bilan carbone r\u00e9duit<\/strong><\/h2>\n\n\n\n<figure class=\"wp-block-image size-full\"><a href=\"https:\/\/essentia-mobilia.com\/content\/4-qui-sommes-nous#valeurs-essentia-mobilia\"><img loading=\"lazy\" decoding=\"async\" width=\"789\" height=\"189\" src=\"https:\/\/essentia-mobilia.com\/blog\/wp-content\/uploads\/2024\/04\/ameublement-francais-meubles-made-in-France-Gautier-Api-Up-Matiere-Grise-Dizy.jpg\" alt=\"Ameublement fran\u00e7ais - Meubles made in France - Gautier - Api Up - Mati\u00e8re Grise - Dizy\" class=\"wp-image-2270\" srcset=\"https:\/\/essentia-mobilia.com\/blog\/wp-content\/uploads\/2024\/04\/ameublement-francais-meubles-made-in-France-Gautier-Api-Up-Matiere-Grise-Dizy.jpg 789w, https:\/\/essentia-mobilia.com\/blog\/wp-content\/uploads\/2024\/04\/ameublement-francais-meubles-made-in-France-Gautier-Api-Up-Matiere-Grise-Dizy-300x72.jpg 300w, https:\/\/essentia-mobilia.com\/blog\/wp-content\/uploads\/2024\/04\/ameublement-francais-meubles-made-in-France-Gautier-Api-Up-Matiere-Grise-Dizy-768x184.jpg 768w\" sizes=\"(max-width: 789px) 100vw, 789px\" \/><\/a><figcaption class=\"wp-element-caption\">Ameublement fran\u00e7ais &#8211; Meubles made in France &#8211; Gautier &#8211; Api Up &#8211; Mati\u00e8re Grise &#8211; Dizy<\/figcaption><\/figure>\n\n\n\n<p>Choisir des meubles fabriqu\u00e9s en France permet de r\u00e9duire le <strong>bilan carbone <\/strong>et permet ainsi de  <strong>lutter contre le changement climatique<\/strong>. La r\u00e9duction de l&#8217;empreinte carbone est due \u00e0 la <strong>proximit\u00e9 g\u00e9ographique<\/strong> entre les <strong>lieux de fabrication<\/strong> et les <strong>lieux de vente<\/strong>. En fabriquant l\u00e0 o\u00f9 les meubles sont vendus, la distance parcourue par les meubles est ainsi r\u00e9duite. Une \u00e9tude r\u00e9alis\u00e9e par l&rsquo;ADEME a montr\u00e9 que le transport des meubles repr\u00e9sentait en moyenne 25% des \u00e9missions totales de gaz \u00e0 effet de serre de l&rsquo;ensemble du processus de fabrication. En privil\u00e9giant les meubles fabriqu\u00e9s localement, les consommateurs peuvent donc contribuer \u00e0 r\u00e9duire ces \u00e9missions et \u00e0 att\u00e9nuer leur impact sur le climat. <\/p>\n\n\n\n<p>Ainsi l&rsquo;entreprise <strong>Gautier<\/strong> fabrique ses meubles en bois dans ses 3 usines de la r\u00e9gion de la Vend\u00e9e. En choisissant des mat\u00e9riaux locaux et en produisant \u00e0 proximit\u00e9 de sa client\u00e8le, Gautier r\u00e9duit significativement les \u00e9missions de gaz \u00e0 effet de serre associ\u00e9es au transport des mat\u00e9riaux de fabrication et au transport des produits finis. De m\u00eame, l&rsquo;entreprise <strong>Cinna,<\/strong> bas\u00e9e en Rh\u00f4ne-Alpes, a mis en place des strat\u00e9gies logistiques pour minimiser les distances de transport de ses meubles et pour utiliser des modes de transport plus respectueux de l&rsquo;environnement tel que le rail. Elle r\u00e9duit ainsi son empreinte carbone. <strong>Essentia MOBILIA<\/strong> fabrique principalement en Ile-de-France pour une distribution essentiellement fran\u00e7aise. <\/p>\n\n\n\n<h2 class=\"wp-block-heading\" id=\"tradition-savoir-faire\"><strong>4. Tradition et savoir-faire<\/strong><\/h2>\n\n\n\n<p>L&rsquo;achat de meubles fabriqu\u00e9s en France est une <strong>reconnaissance de la tradition et du savoir-faire artisanal<\/strong> transmis de g\u00e9n\u00e9ration en g\u00e9n\u00e9ration. La France jouit d&rsquo;une <strong>riche histoire dans les m\u00e9tiers de l&rsquo;artisanat<\/strong>. La fabrication de meubles ne fait pas exception. En choisissant des meubles fabriqu\u00e9s en France, vous soutenez cette tradition. Vous contribuez \u00e0 la pr\u00e9servation d&rsquo;un <strong>patrimoine culturel<\/strong> pr\u00e9cieux. Vous participez \u00e0 la promotion du savoir-faire fran\u00e7ais \u00e0 travers le monde. <\/p>\n\n\n\n<p>Par exemple le <strong>quartier Saint Antoine \u00e0 Paris<\/strong> est r\u00e9put\u00e9 pour ses ateliers de fabrication. Il regroupe des artisans d&rsquo;art tels que des \u00e9b\u00e9nistes, des sculpteurs, des doreurs \u00e0 la feuille.  Autre exemple : la r\u00e9gion de Provence est r\u00e9put\u00e9e pour ses <strong>meubles en fer forg\u00e9<\/strong>. Cette technique artisanale traditionnelle remonte \u00e0 des si\u00e8cles et continue de captiver. Des ferronniers perp\u00e9tuent cet h\u00e9ritage en cr\u00e9ant des pi\u00e8ces uniques, fa\u00e7onn\u00e9es \u00e0 la main. Dernier exemple : la r\u00e9gion des Vosges est connue pour ses <strong>meubles en bois sculpt\u00e9<\/strong>. Les \u00e9b\u00e9nistes de cette r\u00e9gion sont r\u00e9put\u00e9s pour leur ma\u00eetrise de la sculpture sur bois, et chaque pi\u00e8ce est le fruit d&rsquo;un travail minutieux<\/p>\n\n\n\n<h2 class=\"wp-block-heading\" id=\"innovation-design\"><strong>5. Innovation et design<\/strong><\/h2>\n\n\n\n<figure class=\"wp-block-image size-full\"><a href=\"https:\/\/essentia-mobilia.com\/\"><img loading=\"lazy\" decoding=\"async\" width=\"789\" height=\"189\" src=\"https:\/\/essentia-mobilia.com\/blog\/wp-content\/uploads\/2024\/04\/ameublement-francais-fabricants-made-in-France-Airborne-Delavelle-Tolix-Instead.jpg\" alt=\"Ameublement fran\u00e7ais - Fabricants en France - Airborne Delavelle Tolix Instead\" class=\"wp-image-2268\" srcset=\"https:\/\/essentia-mobilia.com\/blog\/wp-content\/uploads\/2024\/04\/ameublement-francais-fabricants-made-in-France-Airborne-Delavelle-Tolix-Instead.jpg 789w, https:\/\/essentia-mobilia.com\/blog\/wp-content\/uploads\/2024\/04\/ameublement-francais-fabricants-made-in-France-Airborne-Delavelle-Tolix-Instead-300x72.jpg 300w, https:\/\/essentia-mobilia.com\/blog\/wp-content\/uploads\/2024\/04\/ameublement-francais-fabricants-made-in-France-Airborne-Delavelle-Tolix-Instead-768x184.jpg 768w\" sizes=\"(max-width: 789px) 100vw, 789px\" \/><\/a><figcaption class=\"wp-element-caption\">Ameublement fran\u00e7ais &#8211; Fabricants en France &#8211; Airborne Delavelle Tolix Instead<\/figcaption><\/figure>\n\n\n\n<p>La France est depuis longtemps reconnue comme un terreau fertile pour l&rsquo;innovation et le design, et cela se refl\u00e8te dans l&rsquo;industrie du meuble. En choisissant des meubles fabriqu\u00e9s en France, vous avez acc\u00e8s \u00e0 une vaste gamme de styles et de designs contemporains, con\u00e7us par des cr\u00e9ateurs de renomm\u00e9e internationale.<\/p>\n\n\n\n<p>Des marques embl\u00e9matiques comme <strong>Ligne Roset<\/strong> et <strong>Cinna<\/strong> collaborent avec des designers pour cr\u00e9er des pi\u00e8ces uniques qui allient esth\u00e9tique, fonctionnalit\u00e9 et innovation. Des designers renomm\u00e9s tels que <strong>Philippe Starck<\/strong>, <strong>Ronan et Erwan Bouroullec<\/strong>, ou encore <strong>Patricia Urquiola<\/strong> ont apport\u00e9 leur touche distinctive \u00e0 des collections de meubles qui sont devenues des r\u00e9f\u00e9rences dans le monde entier. Des entreprises comme <strong>Roche Bobois<\/strong> et son \u00ab\u00a0<strong>French Art de Vivre<\/strong>\u00a0\u00bb ont su allier tradition et modernit\u00e9 en proposant des designs contemporains associ\u00e9s \u00e0 des mat\u00e9riaux qualitatifs.  <\/p>\n\n\n\n<p>Des communaut\u00e9s (comme le <strong>French Design by VIA<\/strong>, <strong>#Meublezvousfrancais<\/strong>, la <strong>French Tech<\/strong>), des salons (comme la biennale <strong>R\u00e9v\u00e9lations<\/strong> au Grand Palais, <strong>Maison &amp; Objet<\/strong> \u00e0 Villepinte, le <strong>salon MIF<\/strong>, la <strong>Foire de Paris<\/strong> \u00e0 Porte de Versailles) font vivre le design \u00e0 la fran\u00e7aise.  <\/p>\n\n\n\n<h2 class=\"wp-block-heading\">Conclusion<\/h2>\n\n\n\n<p>La prochaine fois que vous envisagez d&#8217;embellir votre int\u00e9rieur, songez \u00e0 <strong>l&rsquo;impact positif<\/strong> que vous pouvez avoir en choisissant des <strong>meubles fabriqu\u00e9s en France<\/strong>. <\/p>\n\n\n\n<p><strong>Vous serez peut \u00eatre aussi int\u00e9ress\u00e9 par ces articles :<\/strong><br><a href=\"https:\/\/essentia-mobilia.com\/blog\/comment-choisir-un-meuble-eco-responsable\/\">Comment choisir un meuble \u00e9co-responsable<\/a><br><a href=\"https:\/\/essentia-mobilia.com\/blog\/le-slow-design-quest-ce-que-cest\/\">Le Slow design, qu&rsquo;est-ce que c&rsquo;est ?<\/a><br><a href=\"https:\/\/essentia-mobilia.com\/blog\/quatre-moyens-de-reconnaitre-le-bois-massif-dans-un-meuble\/\">Quatre moyens de reconna\u00eetre le bois massif dans un meuble<\/a><\/p>\n\n\n\n<figure class=\"wp-block-image size-full\"><a href=\"https:\/\/essentia-mobilia.com\/\"><img loading=\"lazy\" decoding=\"async\" width=\"789\" height=\"245\" src=\"https:\/\/essentia-mobilia.com\/blog\/wp-content\/uploads\/2024\/03\/image.jpeg\" alt=\"D\u00e9couvrir Essentia MOBILIA - Collection de meubles personnalisables, durables, made in France\" class=\"wp-image-2207\" srcset=\"https:\/\/essentia-mobilia.com\/blog\/wp-content\/uploads\/2024\/03\/image.jpeg 789w, https:\/\/essentia-mobilia.com\/blog\/wp-content\/uploads\/2024\/03\/image-300x93.jpeg 300w, https:\/\/essentia-mobilia.com\/blog\/wp-content\/uploads\/2024\/03\/image-768x238.jpeg 768w\" sizes=\"(max-width: 789px) 100vw, 789px\" \/><\/a><\/figure>\n\n\n\n<script type=\"application\/ld+json\">\n{\n\"@context\": \"https:\/\/schema.org\",\n\"@type\": \"FAQPage\",\n\"mainEntity\":\t\n[\n\n\n\n{\"@type\": \"Question\",\n\"name\": \"Pourquoi acheter des meubles fabriqu\u00e9s en France ?\",\n\"acceptedAnswer\": \n{\n\"@type\": \"Answer\",\n\"text\": \"Il y a 5 raisons principales d'acheter des meubles fabriqu\u00e9s en France : \n1) Support \u00e0 l\u2019\u00e9conomie locale\n2) Respect des normes environnementales\n3) Bilan carbone r\u00e9duit\n4) Tradition et savoir-faire\n5) Innovation et design\"\n}}\n\n\n\n]\n}\n<\/script>\n","protected":false},"excerpt":{"rendered":"<p>Pourquoi acheter des meubles fabriqu\u00e9s en France ? Vous \u00eates \u00e0 la recherche de nouveaux meubles pour votre int\u00e9rieur ? Vous h\u00e9sitez face \u00e0 l&rsquo;offre pl\u00e9thorique qui se pr\u00e9sente \u00e0 vous ? Faut-il privil\u00e9gier les meubles fabriqu\u00e9s en France ? Au-del\u00e0 des aspects purement esth\u00e9tiques et fonctionnels, les meubles \u00ab\u00a0made in France\u00a0\u00bb r\u00e9pondent \u00e0 des [&hellip;]<\/p>\n","protected":false},"author":1,"featured_media":2266,"comment_status":"open","ping_status":"open","sticky":false,"template":"","format":"standard","meta":{"footnotes":""},"categories":[35],"tags":[],"yoast_head":"<!-- This site is optimized with the Yoast SEO plugin v15.0 - https:\/\/yoast.com\/wordpress\/plugins\/seo\/ -->\n<title>Pourquoi acheter des meubles fabriqu\u00e9s en France ?<\/title>\n<meta name=\"description\" content=\"Essentia MOBILIA promeut les meubles &quot;Made in France&quot;. D\u00e9couvrez 5 raisons de pr\u00e9f\u00e9rer les meubles de fabrication fran\u00e7aise\" \/>\n<meta name=\"robots\" content=\"index, follow, max-snippet:-1, max-image-preview:large, max-video-preview:-1\" \/>\n<link rel=\"canonical\" href=\"https:\/\/essentia-mobilia.com\/blog\/pourquoi-acheter-des-meubles-fabriques-en-france\/\" \/>\n<meta property=\"og:locale\" content=\"fr_FR\" \/>\n<meta property=\"og:type\" content=\"article\" \/>\n<meta property=\"og:title\" content=\"Pourquoi acheter des meubles fabriqu\u00e9s en France ?\" \/>\n<meta property=\"og:description\" content=\"Essentia MOBILIA promeut les meubles &quot;Made in France&quot;. D\u00e9couvrez 5 raisons de pr\u00e9f\u00e9rer les meubles de fabrication fran\u00e7aise\" \/>\n<meta property=\"og:url\" content=\"https:\/\/essentia-mobilia.com\/blog\/pourquoi-acheter-des-meubles-fabriques-en-france\/\" \/>\n<meta property=\"og:site_name\" content=\"Blog d\u00e9coration et design de Essentia MOBILIA\" \/>\n<meta property=\"article:publisher\" content=\"https:\/\/www.facebook.com\/EssentiaMobilia\" \/>\n<meta property=\"article:published_time\" content=\"2024-04-10T14:41:29+00:00\" \/>\n<meta property=\"article:modified_time\" content=\"2026-02-13T15:33:32+00:00\" \/>\n<meta property=\"og:image\" content=\"https:\/\/essentia-mobilia.com\/blog\/wp-content\/uploads\/2024\/04\/mobilier-made-in-France-expo-design-durable-desirable-credits-VIA.jpg\" \/>\n\t<meta property=\"og:image:width\" content=\"789\" \/>\n\t<meta property=\"og:image:height\" content=\"189\" \/>\n<meta name=\"twitter:card\" content=\"summary_large_image\" \/>\n<script type=\"application\/ld+json\" class=\"yoast-schema-graph\">{\"@context\":\"https:\/\/schema.org\",\"@graph\":[{\"@type\":\"Organization\",\"@id\":\"https:\/\/essentia-mobilia.com\/blog\/#organization\",\"name\":\"Essentia MOBILIA\",\"url\":\"https:\/\/essentia-mobilia.com\/blog\/\",\"sameAs\":[\"https:\/\/www.facebook.com\/EssentiaMobilia\",\"https:\/\/www.instagram.com\/essentiamobilia\/\",\"https:\/\/fr.pinterest.com\/essentia_mobilia\/\"],\"logo\":{\"@type\":\"ImageObject\",\"@id\":\"https:\/\/essentia-mobilia.com\/blog\/#logo\",\"inLanguage\":\"fr-FR\",\"url\":\"https:\/\/essentia-mobilia.com\/blog\/wp-content\/uploads\/2023\/12\/cropped-essentia-mobilia-logo.jpg\",\"width\":171,\"height\":73,\"caption\":\"Essentia MOBILIA\"},\"image\":{\"@id\":\"https:\/\/essentia-mobilia.com\/blog\/#logo\"}},{\"@type\":\"WebSite\",\"@id\":\"https:\/\/essentia-mobilia.com\/blog\/#website\",\"url\":\"https:\/\/essentia-mobilia.com\/blog\/\",\"name\":\"Blog d\\u00e9coration et design de Essentia MOBILIA\",\"description\":\"\",\"publisher\":{\"@id\":\"https:\/\/essentia-mobilia.com\/blog\/#organization\"},\"potentialAction\":[{\"@type\":\"SearchAction\",\"target\":\"https:\/\/essentia-mobilia.com\/blog\/?s={search_term_string}\",\"query-input\":\"required name=search_term_string\"}],\"inLanguage\":\"fr-FR\"},{\"@type\":\"ImageObject\",\"@id\":\"https:\/\/essentia-mobilia.com\/blog\/pourquoi-acheter-des-meubles-fabriques-en-france\/#primaryimage\",\"inLanguage\":\"fr-FR\",\"url\":\"https:\/\/essentia-mobilia.com\/blog\/wp-content\/uploads\/2024\/04\/mobilier-made-in-France-expo-design-durable-desirable-credits-VIA.jpg\",\"width\":789,\"height\":189},{\"@type\":\"WebPage\",\"@id\":\"https:\/\/essentia-mobilia.com\/blog\/pourquoi-acheter-des-meubles-fabriques-en-france\/#webpage\",\"url\":\"https:\/\/essentia-mobilia.com\/blog\/pourquoi-acheter-des-meubles-fabriques-en-france\/\",\"name\":\"Pourquoi acheter des meubles fabriqu\\u00e9s en France ?\",\"isPartOf\":{\"@id\":\"https:\/\/essentia-mobilia.com\/blog\/#website\"},\"primaryImageOfPage\":{\"@id\":\"https:\/\/essentia-mobilia.com\/blog\/pourquoi-acheter-des-meubles-fabriques-en-france\/#primaryimage\"},\"datePublished\":\"2024-04-10T14:41:29+00:00\",\"dateModified\":\"2026-02-13T15:33:32+00:00\",\"description\":\"Essentia MOBILIA promeut les meubles \\\"Made in France\\\". D\\u00e9couvrez 5 raisons de pr\\u00e9f\\u00e9rer les meubles de fabrication fran\\u00e7aise\",\"breadcrumb\":{\"@id\":\"https:\/\/essentia-mobilia.com\/blog\/pourquoi-acheter-des-meubles-fabriques-en-france\/#breadcrumb\"},\"inLanguage\":\"fr-FR\",\"potentialAction\":[{\"@type\":\"ReadAction\",\"target\":[\"https:\/\/essentia-mobilia.com\/blog\/pourquoi-acheter-des-meubles-fabriques-en-france\/\"]}]},{\"@type\":\"BreadcrumbList\",\"@id\":\"https:\/\/essentia-mobilia.com\/blog\/pourquoi-acheter-des-meubles-fabriques-en-france\/#breadcrumb\",\"itemListElement\":[{\"@type\":\"ListItem\",\"position\":1,\"item\":{\"@type\":\"WebPage\",\"@id\":\"https:\/\/essentia-mobilia.com\/blog\/\",\"url\":\"https:\/\/essentia-mobilia.com\/blog\/\",\"name\":\"Accueil\"}},{\"@type\":\"ListItem\",\"position\":2,\"item\":{\"@type\":\"WebPage\",\"@id\":\"https:\/\/essentia-mobilia.com\/blog\/pourquoi-acheter-des-meubles-fabriques-en-france\/\",\"url\":\"https:\/\/essentia-mobilia.com\/blog\/pourquoi-acheter-des-meubles-fabriques-en-france\/\",\"name\":\"Pourquoi acheter des meubles fabriqu\\u00e9s en France ?\"}}]},{\"@type\":\"Article\",\"@id\":\"https:\/\/essentia-mobilia.com\/blog\/pourquoi-acheter-des-meubles-fabriques-en-france\/#article\",\"isPartOf\":{\"@id\":\"https:\/\/essentia-mobilia.com\/blog\/pourquoi-acheter-des-meubles-fabriques-en-france\/#webpage\"},\"author\":{\"@id\":\"https:\/\/essentia-mobilia.com\/blog\/#\/schema\/person\/f06deeaf73a4baf06738372a688cf68a\"},\"headline\":\"Pourquoi acheter des meubles fabriqu\\u00e9s en France ?\",\"datePublished\":\"2024-04-10T14:41:29+00:00\",\"dateModified\":\"2026-02-13T15:33:32+00:00\",\"mainEntityOfPage\":{\"@id\":\"https:\/\/essentia-mobilia.com\/blog\/pourquoi-acheter-des-meubles-fabriques-en-france\/#webpage\"},\"commentCount\":0,\"publisher\":{\"@id\":\"https:\/\/essentia-mobilia.com\/blog\/#organization\"},\"image\":{\"@id\":\"https:\/\/essentia-mobilia.com\/blog\/pourquoi-acheter-des-meubles-fabriques-en-france\/#primaryimage\"},\"articleSection\":\"Made in France\",\"inLanguage\":\"fr-FR\",\"potentialAction\":[{\"@type\":\"CommentAction\",\"name\":\"Comment\",\"target\":[\"https:\/\/essentia-mobilia.com\/blog\/pourquoi-acheter-des-meubles-fabriques-en-france\/#respond\"]}]},{\"@type\":\"Person\",\"@id\":\"https:\/\/essentia-mobilia.com\/blog\/#\/schema\/person\/f06deeaf73a4baf06738372a688cf68a\",\"name\":\"myessentiamobilia\",\"image\":{\"@type\":\"ImageObject\",\"@id\":\"https:\/\/essentia-mobilia.com\/blog\/#personlogo\",\"inLanguage\":\"fr-FR\",\"url\":\"https:\/\/secure.gravatar.com\/avatar\/bec63f027f1251faa237003116590784?s=96&d=mm&r=g\",\"caption\":\"myessentiamobilia\"},\"description\":\"A travers ce blog, je partage mes conseils de design et d\\u00e9coration int\\u00e9rieure.\"}]}<\/script>\n<!-- \/ Yoast SEO plugin. -->","_links":{"self":[{"href":"https:\/\/essentia-mobilia.com\/blog\/wp-json\/wp\/v2\/posts\/2226"}],"collection":[{"href":"https:\/\/essentia-mobilia.com\/blog\/wp-json\/wp\/v2\/posts"}],"about":[{"href":"https:\/\/essentia-mobilia.com\/blog\/wp-json\/wp\/v2\/types\/post"}],"author":[{"embeddable":true,"href":"https:\/\/essentia-mobilia.com\/blog\/wp-json\/wp\/v2\/users\/1"}],"replies":[{"embeddable":true,"href":"https:\/\/essentia-mobilia.com\/blog\/wp-json\/wp\/v2\/comments?post=2226"}],"version-history":[{"count":49,"href":"https:\/\/essentia-mobilia.com\/blog\/wp-json\/wp\/v2\/posts\/2226\/revisions"}],"predecessor-version":[{"id":3430,"href":"https:\/\/essentia-mobilia.com\/blog\/wp-json\/wp\/v2\/posts\/2226\/revisions\/3430"}],"wp:featuredmedia":[{"embeddable":true,"href":"https:\/\/essentia-mobilia.com\/blog\/wp-json\/wp\/v2\/media\/2266"}],"wp:attachment":[{"href":"https:\/\/essentia-mobilia.com\/blog\/wp-json\/wp\/v2\/media?parent=2226"}],"wp:term":[{"taxonomy":"category","embeddable":true,"href":"https:\/\/essentia-mobilia.com\/blog\/wp-json\/wp\/v2\/categories?post=2226"},{"taxonomy":"post_tag","embeddable":true,"href":"https:\/\/essentia-mobilia.com\/blog\/wp-json\/wp\/v2\/tags?post=2226"}],"curies":[{"name":"wp","href":"https:\/\/api.w.org\/{rel}","templated":true}]}}