{"id":2070,"date":"2024-03-04T13:55:07","date_gmt":"2024-03-04T12:55:07","guid":{"rendered":"https:\/\/essentia-mobilia.com\/blog\/?p=2070"},"modified":"2026-02-13T16:35:26","modified_gmt":"2026-02-13T15:35:26","slug":"combien-faut-il-detageres-murales-pour-ranger-sa-collection-de-livres","status":"publish","type":"post","link":"https:\/\/essentia-mobilia.com\/blog\/combien-faut-il-detageres-murales-pour-ranger-sa-collection-de-livres\/","title":{"rendered":"Combien faut-il d&rsquo;\u00e9tag\u00e8res murales pour ranger sa collection de livres ?"},"content":{"rendered":"\n<h1 class=\"wp-block-heading\">Combien faut-il d&rsquo;\u00e9tag\u00e8res murales pour ranger sa collection de livres ?<\/h1>\n\n\n\n<p>Lorsqu&rsquo;il s&rsquo;agit d&rsquo;organiser une collection de livres, <strong>le choix des \u00e9tag\u00e8res murales<\/strong> peut \u00eatre un \u00e9l\u00e9ment d\u00e9terminant pour optimiser l&rsquo;espace tout en ajoutant une touche esth\u00e9tique \u00e0 votre int\u00e9rieur. Dans cet article, nous aborderons une question commune \u00e0 tous les amoureux de la lecture : <strong>combien faut-il d&rsquo;\u00e9tag\u00e8res murales pour ranger sa collection de livres ?<\/strong> Nous allons plonger dans l&rsquo;art de l&rsquo;organisation et d\u00e9couvrir comment estimer au mieux ses besoins en mati\u00e8re de rangement. Puis nous verrons comment calculer le nombre n\u00e9cessaire <a href=\"https:\/\/essentia-mobilia.com\/content\/57-etageres-livres\">d&rsquo;\u00e9tag\u00e8res pour ranger ses livres<\/a> . Enfin nous vous conseillerons sur le choix des \u00e9tag\u00e8res murales id\u00e9ales.  Alors, \u00eates vous pr\u00eats maintenant \u00e0 transformer vos murs en une <strong>biblioth\u00e8que murale<\/strong> personnelle ? <\/p>\n\n\n\n<figure class=\"wp-block-image size-full\"><a href=\"https:\/\/essentia-mobilia.com\/etageres-murales-sur-mesure\/130-etagere-murale-metal-sur-mesure-pour-livres-cd-dvd-delta-3701456201795.html\"><img loading=\"lazy\" decoding=\"async\" width=\"789\" height=\"495\" src=\"https:\/\/essentia-mobilia.com\/blog\/wp-content\/uploads\/2024\/03\/etageres-murales-livres-Delta-Essentia-Mobilia.jpg\" alt=\"Etag\u00e8res murales pour livres en m\u00e9tal - Delta - Essentia Mobilia\" class=\"wp-image-2110\" srcset=\"https:\/\/essentia-mobilia.com\/blog\/wp-content\/uploads\/2024\/03\/etageres-murales-livres-Delta-Essentia-Mobilia.jpg 789w, https:\/\/essentia-mobilia.com\/blog\/wp-content\/uploads\/2024\/03\/etageres-murales-livres-Delta-Essentia-Mobilia-300x188.jpg 300w, https:\/\/essentia-mobilia.com\/blog\/wp-content\/uploads\/2024\/03\/etageres-murales-livres-Delta-Essentia-Mobilia-768x482.jpg 768w\" sizes=\"(max-width: 789px) 100vw, 789px\" \/><\/a><figcaption class=\"wp-element-caption\">Etag\u00e8res murales pour livres en m\u00e9tal &#8211; Delta &#8211; Essentia Mobilia<\/figcaption><\/figure>\n\n\n\n<p><strong>Au sommaire<\/strong><\/p>\n<ul>\n\n<li><strong><a href=\"#pourquoi-etageres-murales-livres\">1) Pourquoi choisir des \u00e9tag\u00e8res murales pour ses livres ?<\/a><\/strong><\/li>\n<li><a href=\"#gain-place-etageres-murales\">1.1 Avantage 1 : le gain de place<\/a><\/li>\n<li><a href=\"#esthetique-etageres-murales\">1.2 Avantage 2 : l&rsquo;esth\u00e9tique<\/a><\/li>\n\n<li><strong><a href=\"#espace-rangement-livres\">2) Comment estimer l&rsquo;espace n\u00e9cessaire de rangement pour vos livres ?<\/strong><\/li>\n<li><a href=\"#taille-standard-livres\">2.1 Etape n\u00b01 : d\u00e9finissez les tailles standard de vos livres<\/a><\/li>\n<li><a href=\"#nombre-livres-categorie\">2.2 Etape n\u00b02 : comptabilisez le nombre de livres de chaque cat\u00e9gorie<\/a><\/li>\n<li><a href=\"#espace-rangement-necessaire\">2.3 Etape n\u00b03 : comptabilisez l&rsquo;espace de rangement n\u00e9cessaire<\/a><\/li>\n<li><a href=\"#exemples\">2.4 Exemple<\/a><\/li>\n\n<li><strong><a href=\"#calculer-etageres-murales-necessaires\">3) Comment calculer le nombre d&rsquo;\u00e9tag\u00e8res murales ?<\/a><\/strong><\/li>\n<li><a href=\"#espace-disponible-interieur\">3.1 Etape n\u00b01 : identifiez les espaces disponibles dans votre int\u00e9rieur<\/a><\/li>\n<li><a href=\"#schema-representatif-etageres\">3.2 Etape n\u00b02 : faites un sch\u00e9ma repr\u00e9sentatif des \u00e9tag\u00e8res qu&rsquo;il vous faut<\/a><\/li>\n\n<li><strong><a href=\"#choix-etageres-murales\">4) Comment choisir les \u00e9tag\u00e8res murales \u00e0 commander ?<\/a><\/strong><\/li>\n<li><a href=\"#etageres-murales-solides\">4.1 Choisissez des \u00e9tag\u00e8res murales solides<\/a><\/li>\n<li><a href=\"#etageres-murales-sur-mesure\">4.2 Choisissez des \u00e9tag\u00e8res murales sur mesure<\/a><\/li>\n<li><a href=\"#etageres-murales-esthetiques\">4.3 Choisissez des \u00e9tag\u00e8res esth\u00e9tiques<\/a><\/li>\n\n<\/ul>\n<p><\/p>\n\n\n\n<h2 class=\"wp-block-heading\" id=\"pourquoi-etageres-murales-livres\"><strong>1) Pourquoi choisir des \u00e9tag\u00e8res murales pour ses livres ?<\/strong><\/h2>\n\n\n\n<figure class=\"wp-block-image size-full\"><a href=\"https:\/\/essentia-mobilia.com\/content\/57-etageres-livres\"><img loading=\"lazy\" decoding=\"async\" width=\"789\" height=\"542\" src=\"https:\/\/essentia-mobilia.com\/blog\/wp-content\/uploads\/2024\/03\/etageres-murales-livres-credits-wallniture.jpg\" alt=\"Etag\u00e8res murales pour livres - Cr\u00e9dits wallniture\" class=\"wp-image-2111\" srcset=\"https:\/\/essentia-mobilia.com\/blog\/wp-content\/uploads\/2024\/03\/etageres-murales-livres-credits-wallniture.jpg 789w, https:\/\/essentia-mobilia.com\/blog\/wp-content\/uploads\/2024\/03\/etageres-murales-livres-credits-wallniture-300x206.jpg 300w, https:\/\/essentia-mobilia.com\/blog\/wp-content\/uploads\/2024\/03\/etageres-murales-livres-credits-wallniture-768x528.jpg 768w\" sizes=\"(max-width: 789px) 100vw, 789px\" \/><\/a><figcaption class=\"wp-element-caption\">Etag\u00e8res murales pour livres &#8211; Cr\u00e9dits Wallniture<\/figcaption><\/figure>\n\n\n\n<h3 class=\"wp-block-heading\" id=\"gain-place-etageres-murales\">1.1 Avantage 1 : le gain de place<\/h3>\n\n\n\n<p>Les \u00e9tag\u00e8res murales constituent un choix judicieux pour <strong>maximiser l&rsquo;utilisation de l&rsquo;espace disponible<\/strong>. En installant des \u00e9tag\u00e8res pour vos livres, vous pouvez lib\u00e9rer une surface significative au sol et permettre une circulation fluide des personnes. Cela cr\u00e9e une impression de plus grand espace. Vous pouvez aussi choisir la la distance entre les \u00e9tag\u00e8res ce qui permet de s&rsquo;adapter aux diff\u00e9rents formats de livres.  Enfin, vous pouvez utiliser des espaces inexploit\u00e9s comme les murs au dessus d&rsquo;un bureau ou d&rsquo;un canap\u00e9 pour accueillir votre collection de livres sans encombrer la pi\u00e8ce. <a href=\"https:\/\/essentia-mobilia.com\/content\/69-bibliotheques-murales-design\">Vous cr\u00e9ez une biblioth\u00e8que murale id\u00e9ale pour vos livres et vos objets de d\u00e9coration. <\/a><\/p>\n\n\n\n<h3 class=\"wp-block-heading\" id=\"esthetique-etageres-murales\">1.2 Avantage 2 : l&rsquo;esth\u00e9tique<\/h3>\n\n\n\n<p>Les \u00e9tag\u00e8res murales peuvent aussi devenir des<strong> \u00e9l\u00e9ments d\u00e9coratifs<\/strong>. Choisissez des \u00e9tag\u00e8res avec le m\u00eame style que votre int\u00e9rieur. Par exemple, des \u00e9tag\u00e8res murales en bois naturel peuvent ajouter un aspect chaleureux \u00e0 votre salon. Des \u00e9tag\u00e8res modernes en m\u00e9tal peuvent cr\u00e9er un aspect contemporain. Cr\u00e9er une disposition artistique de vos livres sur les \u00e9tag\u00e8res peut \u00e9galement contribuer \u00e0 une esth\u00e9tique visuelle agr\u00e9able <em>(voir notre article sur la <a href=\"https:\/\/essentia-mobilia.com\/blog\/quelle-disposition-choisir-pour-ses-etageres-murales\/\">disposition des \u00e9tag\u00e8res murales<\/a>)<\/em>. Vous pouvez par exemple cr\u00e9er un coin lecture agr\u00e9able dans votre salon en installant des \u00e9tag\u00e8res murales au-dessus d&rsquo;un fauteuil confortable et en y disposant vos livres pr\u00e9f\u00e9r\u00e9s de mani\u00e8re artistique. <\/p>\n\n\n\n<h2 class=\"wp-block-heading\" id=\"espace-rangement-livres\"><strong>2) Comment estimer l&rsquo;espace n\u00e9cessaire de rangement pour vos livres ?<\/strong><\/h2>\n\n\n\n<figure class=\"wp-block-image size-full\"><a href=\"https:\/\/essentia-mobilia.com\/content\/57-etageres-livres\"><img loading=\"lazy\" decoding=\"async\" width=\"789\" height=\"461\" src=\"https:\/\/essentia-mobilia.com\/blog\/wp-content\/uploads\/2024\/03\/etageres-murales-schema-credits-Shelfology.jpg\" alt=\"Etag\u00e8res murales - Cr\u00e9dits Shelfology\" class=\"wp-image-2113\" srcset=\"https:\/\/essentia-mobilia.com\/blog\/wp-content\/uploads\/2024\/03\/etageres-murales-schema-credits-Shelfology.jpg 789w, https:\/\/essentia-mobilia.com\/blog\/wp-content\/uploads\/2024\/03\/etageres-murales-schema-credits-Shelfology-300x175.jpg 300w, https:\/\/essentia-mobilia.com\/blog\/wp-content\/uploads\/2024\/03\/etageres-murales-schema-credits-Shelfology-768x449.jpg 768w\" sizes=\"(max-width: 789px) 100vw, 789px\" \/><\/a><figcaption class=\"wp-element-caption\">Etag\u00e8res murales &#8211; Cr\u00e9dits Shelfology<\/figcaption><\/figure>\n\n\n\n<h3 class=\"wp-block-heading\" id=\"taille-standard-livres\">2.1 Etape n\u00b01 : d\u00e9finissez les tailles standard de vos livres<\/h3>\n\n\n\n<p>Vous devez tout d&rsquo;abord prendre le temps de <strong>d\u00e9finir les tailles standards pour les diff\u00e9rentes cat\u00e9gories de livres<\/strong> que vous d\u00e9tenez. Nous vous donnons ci-dessous \u00e0 titre d&rsquo;exemple les dimensions standard de quatre cat\u00e9gories de livres.  A vous d&rsquo;affiner ces formats de livres selon la nature de vos propres collections. Par exemples les tailles des livres Gallimard diff\u00e8rent de celles des livres Flammarion ou Albin Michel. <\/p>\n\n\n\n<ul>\n<li><strong>Format de livres de poche<\/strong>\n<ul>\n<li>Hauteur : Environ 18 cm<\/li>\n\n\n\n<li>Largeur : Environ 12 cm<\/li>\n\n\n\n<li>\u00c9paisseur : Entre 1,5 cm<\/li>\n<\/ul>\n<\/li>\n\n\n\n<li><strong>Livres Grands formats<\/strong>\n<ul>\n<li>Hauteur : Environ 21 cm<\/li>\n\n\n\n<li>Largeur : Environ 15 cm<\/li>\n\n\n\n<li>\u00c9paisseur : Environ 2 cm<\/li>\n<\/ul>\n<\/li>\n\n\n\n<li><strong>Format de mangas<\/strong>\n<ul>\n<li>Hauteur : Environ 17,5 cm<\/li>\n\n\n\n<li>Largeur : Environ 11,5 cm<\/li>\n\n\n\n<li>\u00c9paisseur : Environ 1 cm<\/li>\n<\/ul>\n<\/li>\n\n\n\n<li><strong>Format de bandes dessin\u00e9es classiques<\/strong>\n<ul>\n<li>Hauteur : Environ 32 cm<\/li>\n\n\n\n<li>Largeur : Environ 25 cm<\/li>\n\n\n\n<li>\u00c9paisseur : Environ 1 cm<\/li>\n<\/ul>\n<\/li>\n<\/ul>\n\n\n\n<h3 class=\"wp-block-heading\" id=\"nombre-livres-categorie\">2.2 Etape n\u00b02 : comptabilisez le nombre de livres de chaque cat\u00e9gorie<\/h3>\n\n\n\n<p><strong>Vous comptabilisez maintenant le nombre de livres<\/strong> que vous d\u00e9tenez dans chaque cat\u00e9gorie. Vous devez aussi estimer le nombre de livre que vous pr\u00e9voyez d&rsquo;acqu\u00e9rir dans les prochaines ann\u00e9es. <\/p>\n\n\n\n<h3 class=\"wp-block-heading\" id=\"espace-rangement-necessaire\">2.3 Etape n\u00b03 : comptabilisez l&rsquo;espace de rangement n\u00e9cessaire<\/h3>\n\n\n\n<p>Nous vous invitons \u00e0 prendre en compte ces 3 aspects pour chaque cat\u00e9gorie de livres : <\/p>\n\n\n\n<ul>\n<li><strong>Longueur<\/strong> de rangement n\u00e9cessaire : nombre de livres (d\u00e9tenu et \u00e0 acqu\u00e9rir) x \u00e9paisseur moyenne<\/li>\n\n\n\n<li><strong>Profondeur<\/strong> de rangement n\u00e9cessaire : au minimum la largeur du livre<\/li>\n\n\n\n<li><strong>Hauteur<\/strong> de rangement n\u00e9cessaire : au minimum la hauteur du livre + pr\u00e9voir environ 7 cm d&rsquo;espace libre au dessus du livre pour faciliter la prise en main<\/li>\n<\/ul>\n\n\n\n<p>Vous devez pr\u00e9voir aussi des espaces de respiration entre des blocs de livres. Cela vous donnera un espace visuel plus agr\u00e9able et cela facilitera l&rsquo;acc\u00e8s aux livres. Vous pourrez a\u00e9rer avec des objets d\u00e9coratifs,  des petites plantes vertes, des figurines pour les amateurs de mangas.<\/p>\n\n\n\n<h3 class=\"wp-block-heading\" id=\"exemples\">2.4 Exemple<\/h3>\n\n\n\n<p>Supposons que vous poss\u00e9diez 300 livres de poches et 100 mangas. Vous pr\u00e9voyez d&rsquo;acqu\u00e9rir dans les 5 prochaines ann\u00e9es 100 livres de poche et 60 mangas suppl\u00e9mentaires. De mani\u00e8re g\u00e9n\u00e9rale, il vaut mieux toujours pr\u00e9voir davantage d&rsquo;espace. <\/p>\n\n\n\n<p><strong>Espace pour les livres de poche<\/strong><\/p>\n\n\n\n<ul>\n<li>Longueur de rangement n\u00e9cessaire pour les livres de poches : (300 + 100 livres ) x 1,5 cm d&rsquo;\u00e9paisseur = 600 cm, soit 660 cm avec les espaces de respiration<\/li>\n\n\n\n<li>Hauteur de rangement : 18 cm donc pr\u00e9voir 25 cm minimum d&rsquo;espace entre 2 \u00e9tag\u00e8res cons\u00e9cutives<\/li>\n\n\n\n<li>Profondeur de rangement : 12 cm minimum. 15 cm de profondeur constitue la plupart du temps une bonne option<\/li>\n<\/ul>\n\n\n\n<p><strong>Espace pour les mangas<\/strong><\/p>\n\n\n\n<ul>\n<li>Longueur de rangement n\u00e9cessaire pour les mangas  : ( 100 + 60 mangas) x 1 cm d&rsquo;\u00e9paisseur = 160 cm soit 180 cm avec les espaces de respiration<\/li>\n\n\n\n<li>Hauteur de rangement : 17,5 cm dont pr\u00e9voir 24,5 cm minimum d&rsquo;espace entre 2 \u00e9tag\u00e8res cons\u00e9cutives<\/li>\n\n\n\n<li>Profondeur de rangement : 11,5 cm minimum<\/li>\n<\/ul>\n\n\n\n<h2 class=\"wp-block-heading\" id=\"calculer-etageres-murales-necessaires\"><strong>3) Comment calculer le nombre d&rsquo;\u00e9tag\u00e8res murales ?<\/strong><\/h2>\n\n\n\n<h3 class=\"wp-block-heading\" id=\"espace-disponible-interieur\">3.1 Etape n\u00b01 : identifiez les espaces disponibles dans votre int\u00e9rieur<\/h3>\n\n\n\n<figure class=\"wp-block-image size-full is-resized\"><a href=\"https:\/\/essentia-mobilia.com\/content\/57-etageres-livres\"><img loading=\"lazy\" decoding=\"async\" width=\"789\" height=\"495\" src=\"https:\/\/essentia-mobilia.com\/blog\/wp-content\/uploads\/2024\/03\/etagere-murales-livres-coin-lecture-credits-Pinterest.jpg\" alt=\"Etag\u00e8res murales pour livres - Coin lecture - Cr\u00e9dits-Pinterest\" class=\"wp-image-2107\" style=\"width:840px;height:auto\" srcset=\"https:\/\/essentia-mobilia.com\/blog\/wp-content\/uploads\/2024\/03\/etagere-murales-livres-coin-lecture-credits-Pinterest.jpg 789w, https:\/\/essentia-mobilia.com\/blog\/wp-content\/uploads\/2024\/03\/etagere-murales-livres-coin-lecture-credits-Pinterest-300x188.jpg 300w, https:\/\/essentia-mobilia.com\/blog\/wp-content\/uploads\/2024\/03\/etagere-murales-livres-coin-lecture-credits-Pinterest-768x482.jpg 768w\" sizes=\"(max-width: 789px) 100vw, 789px\" \/><\/a><figcaption class=\"wp-element-caption\">Etag\u00e8res murales pour livres &#8211; Coin lecture &#8211; Cr\u00e9dits Pinterest<\/figcaption><\/figure>\n\n\n\n<p>Vous identifiez maintenant les espaces de votre int\u00e9rieur que vous pouvez utiliser pour poser vos <a href=\"https:\/\/essentia-mobilia.com\/content\/64-etageres-pour-mangas\">\u00e9tag\u00e8res pour mangas<\/a> ou livres : pans de murs disponibles, niches murales, espace sous escalier, espace sous-pente, espace au dessus des portes, espace au dessus de meubles bas ou de canap\u00e9s etc.  Il est possible de positionner les \u00e9tag\u00e8res murales sur toute la hauteur du mur. Cependant, pour faciliter l&rsquo;acc\u00e8s aux livres, on les positionnera prioritairement \u00e0 une hauteur comprise entre 1 \u00e0 2 m\u00e8tres. <\/p>\n\n\n\n<h3 class=\"wp-block-heading\" id=\"schema-representatif-etageres\">3.2 Etape n\u00b02 : faites un sch\u00e9ma repr\u00e9sentatif des \u00e9tag\u00e8res qu&rsquo;il vous faut<\/h3>\n\n\n\n<p>Pour d\u00e9finir le nombre et les tailles d&rsquo;\u00e9tag\u00e8res, vous devez maintenant faire maintenant un sch\u00e9ma repr\u00e9sentatif des \u00e9tag\u00e8res n\u00e9cessaires. <\/p>\n\n\n\n<p>Supposons que vous disposiez d&rsquo;un pan de mur libre de 3,1 m\u00e8tres de large au dessus d&rsquo;un buffet de 80 cm de hauteur. Vous pouvez installer des \u00e9tag\u00e8res murales sur 3 m\u00e8tres de large environ. En reprenant l&rsquo;exemple pr\u00e9c\u00e9dent, vous avez besoin d&rsquo;environ 6,6 m\u00e8tres + 1,8 m\u00e8tres de lin\u00e9aire soit 8,4 m\u00e8tres de rangement. Partons sur 9 m\u00e8tres. Vous pourrez ici opter pour l&rsquo;installation de 6 \u00e9tag\u00e8res murales avec les caract\u00e9ristiques suivantes :  longueur de 1,5 m\u00e8tres chacune,  profondeur de 15 cm. Vous pouvez les positionner \u00e0 des hauteur de 120 cm, 145 cm et 170 cm du sol. <\/p>\n\n\n\n<p>Notez que vous pouvez aussi sch\u00e9matiser en grandeur r\u00e9elle avec du scotch de masquage les positions que vous souhaiteriez pour vos \u00e9tag\u00e8res murales.  Cela vous permettra de valider plus facilement votre simulation. <\/p>\n\n\n\n<h2 class=\"wp-block-heading\" id=\"choix-etageres-murales\"><strong>4) Comment choisir les \u00e9tag\u00e8res murales \u00e0 commander ?<\/strong><\/h2>\n\n\n\n<figure class=\"wp-block-image size-full\"><a href=\"https:\/\/essentia-mobilia.com\/etageres-murales-sur-mesure\/201-etagere-murale-en-bois-sur-mesure-proust-3701456203058.html\"><img loading=\"lazy\" decoding=\"async\" width=\"789\" height=\"372\" src=\"https:\/\/essentia-mobilia.com\/blog\/wp-content\/uploads\/2024\/03\/etageres-murales-livres-bois-massif-Proust-Essentia-Mobilia.jpg\" alt=\"Etag\u00e8res murales pour livres en bois massif - Proust - Essentia-Mobilia\" class=\"wp-image-2109\" srcset=\"https:\/\/essentia-mobilia.com\/blog\/wp-content\/uploads\/2024\/03\/etageres-murales-livres-bois-massif-Proust-Essentia-Mobilia.jpg 789w, https:\/\/essentia-mobilia.com\/blog\/wp-content\/uploads\/2024\/03\/etageres-murales-livres-bois-massif-Proust-Essentia-Mobilia-300x141.jpg 300w, https:\/\/essentia-mobilia.com\/blog\/wp-content\/uploads\/2024\/03\/etageres-murales-livres-bois-massif-Proust-Essentia-Mobilia-768x362.jpg 768w\" sizes=\"(max-width: 789px) 100vw, 789px\" \/><\/a><figcaption class=\"wp-element-caption\">Etag\u00e8res murales pour livres en bois massif &#8211; Proust &#8211; Essentia-Mobilia<\/figcaption><\/figure>\n\n\n\n<h3 class=\"wp-block-heading\" id=\"etageres-murales-solides\">4.1 Choisissez des \u00e9tag\u00e8res murales solides<\/h3>\n\n\n\n<p>Vous souhaiter ranger durablement des livres qui ont un certain poids.  Nous vous conseillons de privil\u00e9giez la solidit\u00e9 : vos \u00e9tag\u00e8res doivent supporter le poids de vos livres sans risque de d\u00e9formation ou de casse. Nous vous conseillons d&rsquo;optez pour des mat\u00e9riaux de qualit\u00e9 : <strong><a href=\"https:\/\/essentia-mobilia.com\/etageres-murales-sur-mesure\/201-etagere-murale-en-bois-sur-mesure-proust-3701456203058.html\">\u00e9tag\u00e8res murales en bois massif<\/a> <\/strong>ou <strong><a href=\"https:\/\/essentia-mobilia.com\/etageres-murales-sur-mesure\/130-etagere-murale-metal-sur-mesure-pour-livres-cd-dvd-delta-3701456201795.html\">\u00e9tag\u00e8res murales en m\u00e9tal<\/a><\/strong>. <\/p>\n\n\n\n<h3 class=\"wp-block-heading\" id=\"etageres-murales-sur-mesure\">4.2 Choisissez des \u00e9tag\u00e8res murales sur mesure<\/h3>\n\n\n\n<p>Id\u00e9alement, choisissez des \u00e9tag\u00e8res qui s&rsquo;ajustent parfaitement \u00e0 l&rsquo;espace disponible. <strong><a href=\"https:\/\/essentia-mobilia.com\/63-etageres-murales-sur-mesure\">Des \u00e9tag\u00e8res murales sur mesure<\/a><\/strong> garantissent une utilisation optimale de chaque centim\u00e8tre de vos murs. Elles \u00e9vitent toute perte d&rsquo;espace et vous laissent une plus grande marge de man\u0153uvre dans la disposition. <\/p>\n\n\n\n<h3 class=\"wp-block-heading\" id=\"etageres-murales-esthetiques\">4.3 Choisissez des \u00e9tag\u00e8res esth\u00e9tiques<\/h3>\n\n\n\n<p>Les \u00e9tag\u00e8res murales ne sont pas simplement des meubles de stockage. Comme nous l&rsquo;avons vu, elles vont apporter une dimension esth\u00e9tique \u00e0 votre espace. Optez pour des \u00e9tag\u00e8res qui compl\u00e8tent le style de votre int\u00e9rieur. Par exemple si vous avez choisi une d\u00e9coration int\u00e9rieure contemporaine, <a href=\"https:\/\/essentia-mobilia.com\/etageres-murales-sur-mesure\/130-etagere-murale-metal-sur-mesure-pour-livres-cd-dvd-delta-3701456201795.html\">les \u00e9tag\u00e8res murales en m\u00e9tal<\/a> Delta+ avec leur design \u00e9pur\u00e9 pourra constituer un excellent choix.<\/p>\n\n\n\n<h2 class=\"wp-block-heading\">Conclusion<\/h2>\n\n\n\n<p>En suivant ces conseils, vous pourrez <strong>choisir les \u00e9tag\u00e8res murales id\u00e9ales pour ranger votre collection de livres<\/strong> de mani\u00e8re esth\u00e9tique, fonctionnelle et adapt\u00e9e \u00e0 votre espace. La solidit\u00e9, l&rsquo;adaptabilit\u00e9 et l&rsquo;esth\u00e9tique devraient \u00eatre les crit\u00e8res principaux pour faire de vos \u00e9tag\u00e8res murales non seulement des unit\u00e9s de stockage pratiques mais \u00e9galement des \u00e9l\u00e9ments attrayants de votre int\u00e9rieur. En personnalisant la disposition de vos \u00e9tag\u00e8res, vous cr\u00e9ez un espace de rangement harmonieux qui met en valeur votre passion pour la lecture. <\/p>\n\n\n\n<p><strong>Vous serez peut \u00eatre aussi int\u00e9ress\u00e9 par ces articles<\/strong><br><a href=\"https:\/\/essentia-mobilia.com\/blog\/comment-fixer-des-etageres-sur-un-mur-en-placo\/\">Comment fixer des \u00e9tag\u00e8res sur un mur en placo ?<\/a><br><a href=\"https:\/\/essentia-mobilia.com\/blog\/nos-conseils-pour-ranger-ses-livres-et-ameliorer-son-bien-etre\/\">Nos conseils pour ranger ses livres et am\u00e9liorer son bien-\u00eatre<\/a><br><a href=\"https:\/\/essentia-mobilia.com\/blog\/comment-ranger-sa-mangatheque-astuces-et-conseils\/\">Comment ranger sa mangath\u00e8que : astuces et conseils<\/a><br><a href=\"https:\/\/essentia-mobilia.com\/blog\/5-solutions-efficaces-pour-ranger-ses-livres-lorsquon-a-peu-de-place-chez-soi\/\">5 solutions efficaces pour ranger ses livres lorsqu&rsquo;on a peu de place<\/a><br><a href=\"https:\/\/essentia-mobilia.com\/blog\/comment-habiller-un-mur-avec-des-etageres-murales\/\">Comment habiller un mur avec des \u00e9tag\u00e8res murales ?<\/a><\/p>\n\n\n\n<p> <\/p>\n\n\n\n<figure class=\"wp-block-image size-full\"><a href=\"https:\/\/essentia-mobilia.com\/\"><img loading=\"lazy\" decoding=\"async\" width=\"789\" height=\"245\" src=\"https:\/\/essentia-mobilia.com\/blog\/wp-content\/uploads\/2024\/03\/image.jpeg\" alt=\"D\u00e9couvrir Essentia MOBILIA - Collection de meubles personnalisables, durables, made in France\" class=\"wp-image-2207\" srcset=\"https:\/\/essentia-mobilia.com\/blog\/wp-content\/uploads\/2024\/03\/image.jpeg 789w, https:\/\/essentia-mobilia.com\/blog\/wp-content\/uploads\/2024\/03\/image-300x93.jpeg 300w, https:\/\/essentia-mobilia.com\/blog\/wp-content\/uploads\/2024\/03\/image-768x238.jpeg 768w\" sizes=\"(max-width: 789px) 100vw, 789px\" \/><\/a><\/figure>\n\n\n\n<script type=\"application\/ld+json\">\n{\n\"@context\": \"https:\/\/schema.org\",\n\"@type\": \"FAQPage\",\n\"mainEntity\":\t\n[\n\n\n\n{\"@type\": \"Question\",\n\"name\": \"Pourquoi choisir des \u00e9tag\u00e8res murales pour ranger ses livres ?\",\n\"acceptedAnswer\": \n{\n\"@type\": \"Answer\",\n\"text\": \"Les \u00e9tag\u00e8res murales pour livres pr\u00e9sentent deux avantages principaux : \nAvantage 1 : le gain de place\nAvantage 2 : l\u2019esth\u00e9tique\"\n}}\n\n\n\n\n,\n\n\n\n{\"@type\": \"Question\",\n\"name\": \"Comment estimer l\u2019espace de rangement n\u00e9cessaire pour les livres ?\",\n\"acceptedAnswer\": \n{\n\"@type\": \"Answer\",\n\"text\": \"Il y a 3 \u00e9tapes pour estimer l'espace de rangement n\u00e9cesaire : \nEtape n\u00b01 : d\u00e9finissez les tailles standard de vos livres\nEtape n\u00b02 : comptabilisez le nombre de livres de chaque cat\u00e9gorie\nEtape n\u00b03 : comptabilisez l\u2019espace de rangement total n\u00e9cessaire\"\n}}\n\n\n]\n}\n<\/script>\n","protected":false},"excerpt":{"rendered":"<p>Combien faut-il d&rsquo;\u00e9tag\u00e8res murales pour ranger sa collection de livres ? Lorsqu&rsquo;il s&rsquo;agit d&rsquo;organiser une collection de livres, le choix des \u00e9tag\u00e8res murales peut \u00eatre un \u00e9l\u00e9ment d\u00e9terminant pour optimiser l&rsquo;espace tout en ajoutant une touche esth\u00e9tique \u00e0 votre int\u00e9rieur. Dans cet article, nous aborderons une question commune \u00e0 tous les amoureux de la lecture [&hellip;]<\/p>\n","protected":false},"author":1,"featured_media":2113,"comment_status":"open","ping_status":"open","sticky":false,"template":"","format":"standard","meta":{"footnotes":""},"categories":[294],"tags":[],"yoast_head":"<!-- This site is optimized with the Yoast SEO plugin v15.0 - https:\/\/yoast.com\/wordpress\/plugins\/seo\/ -->\n<title>Combien faut-il d&#039;\u00e9tag\u00e8res murales pour ranger sa collection de livres ?<\/title>\n<meta name=\"description\" content=\"Tous nos conseils pour estimer ses besoins de rangement, calculer le nombre d&#039;\u00e9tag\u00e8res n\u00e9cessaires et choisir ses \u00e9tag\u00e8res murales de livres\" \/>\n<meta name=\"robots\" content=\"index, follow, max-snippet:-1, max-image-preview:large, max-video-preview:-1\" \/>\n<link rel=\"canonical\" href=\"https:\/\/essentia-mobilia.com\/blog\/combien-faut-il-detageres-murales-pour-ranger-sa-collection-de-livres\/\" \/>\n<meta property=\"og:locale\" content=\"fr_FR\" \/>\n<meta property=\"og:type\" content=\"article\" \/>\n<meta property=\"og:title\" content=\"Combien faut-il d&#039;\u00e9tag\u00e8res murales pour ranger sa collection de livres ?\" \/>\n<meta property=\"og:description\" content=\"Tous nos conseils pour estimer ses besoins de rangement, calculer le nombre d&#039;\u00e9tag\u00e8res n\u00e9cessaires et choisir ses \u00e9tag\u00e8res murales de livres\" \/>\n<meta property=\"og:url\" content=\"https:\/\/essentia-mobilia.com\/blog\/combien-faut-il-detageres-murales-pour-ranger-sa-collection-de-livres\/\" \/>\n<meta property=\"og:site_name\" content=\"Blog d\u00e9coration et design de Essentia MOBILIA\" \/>\n<meta property=\"article:publisher\" content=\"https:\/\/www.facebook.com\/EssentiaMobilia\" \/>\n<meta property=\"article:published_time\" content=\"2024-03-04T12:55:07+00:00\" \/>\n<meta property=\"article:modified_time\" content=\"2026-02-13T15:35:26+00:00\" \/>\n<meta property=\"og:image\" content=\"https:\/\/essentia-mobilia.com\/blog\/wp-content\/uploads\/2024\/03\/etageres-murales-schema-credits-Shelfology.jpg\" \/>\n\t<meta property=\"og:image:width\" content=\"789\" \/>\n\t<meta property=\"og:image:height\" content=\"461\" \/>\n<meta name=\"twitter:card\" content=\"summary_large_image\" \/>\n<script type=\"application\/ld+json\" class=\"yoast-schema-graph\">{\"@context\":\"https:\/\/schema.org\",\"@graph\":[{\"@type\":\"Organization\",\"@id\":\"https:\/\/essentia-mobilia.com\/blog\/#organization\",\"name\":\"Essentia MOBILIA\",\"url\":\"https:\/\/essentia-mobilia.com\/blog\/\",\"sameAs\":[\"https:\/\/www.facebook.com\/EssentiaMobilia\",\"https:\/\/www.instagram.com\/essentiamobilia\/\",\"https:\/\/fr.pinterest.com\/essentia_mobilia\/\"],\"logo\":{\"@type\":\"ImageObject\",\"@id\":\"https:\/\/essentia-mobilia.com\/blog\/#logo\",\"inLanguage\":\"fr-FR\",\"url\":\"https:\/\/essentia-mobilia.com\/blog\/wp-content\/uploads\/2023\/12\/cropped-essentia-mobilia-logo.jpg\",\"width\":171,\"height\":73,\"caption\":\"Essentia MOBILIA\"},\"image\":{\"@id\":\"https:\/\/essentia-mobilia.com\/blog\/#logo\"}},{\"@type\":\"WebSite\",\"@id\":\"https:\/\/essentia-mobilia.com\/blog\/#website\",\"url\":\"https:\/\/essentia-mobilia.com\/blog\/\",\"name\":\"Blog d\\u00e9coration et design de Essentia MOBILIA\",\"description\":\"\",\"publisher\":{\"@id\":\"https:\/\/essentia-mobilia.com\/blog\/#organization\"},\"potentialAction\":[{\"@type\":\"SearchAction\",\"target\":\"https:\/\/essentia-mobilia.com\/blog\/?s={search_term_string}\",\"query-input\":\"required name=search_term_string\"}],\"inLanguage\":\"fr-FR\"},{\"@type\":\"ImageObject\",\"@id\":\"https:\/\/essentia-mobilia.com\/blog\/combien-faut-il-detageres-murales-pour-ranger-sa-collection-de-livres\/#primaryimage\",\"inLanguage\":\"fr-FR\",\"url\":\"https:\/\/essentia-mobilia.com\/blog\/wp-content\/uploads\/2024\/03\/etageres-murales-schema-credits-Shelfology.jpg\",\"width\":789,\"height\":461},{\"@type\":\"WebPage\",\"@id\":\"https:\/\/essentia-mobilia.com\/blog\/combien-faut-il-detageres-murales-pour-ranger-sa-collection-de-livres\/#webpage\",\"url\":\"https:\/\/essentia-mobilia.com\/blog\/combien-faut-il-detageres-murales-pour-ranger-sa-collection-de-livres\/\",\"name\":\"Combien faut-il d'\\u00e9tag\\u00e8res murales pour ranger sa collection de livres ?\",\"isPartOf\":{\"@id\":\"https:\/\/essentia-mobilia.com\/blog\/#website\"},\"primaryImageOfPage\":{\"@id\":\"https:\/\/essentia-mobilia.com\/blog\/combien-faut-il-detageres-murales-pour-ranger-sa-collection-de-livres\/#primaryimage\"},\"datePublished\":\"2024-03-04T12:55:07+00:00\",\"dateModified\":\"2026-02-13T15:35:26+00:00\",\"description\":\"Tous nos conseils pour estimer ses besoins de rangement, calculer le nombre d'\\u00e9tag\\u00e8res n\\u00e9cessaires et choisir ses \\u00e9tag\\u00e8res murales de livres\",\"breadcrumb\":{\"@id\":\"https:\/\/essentia-mobilia.com\/blog\/combien-faut-il-detageres-murales-pour-ranger-sa-collection-de-livres\/#breadcrumb\"},\"inLanguage\":\"fr-FR\",\"potentialAction\":[{\"@type\":\"ReadAction\",\"target\":[\"https:\/\/essentia-mobilia.com\/blog\/combien-faut-il-detageres-murales-pour-ranger-sa-collection-de-livres\/\"]}]},{\"@type\":\"BreadcrumbList\",\"@id\":\"https:\/\/essentia-mobilia.com\/blog\/combien-faut-il-detageres-murales-pour-ranger-sa-collection-de-livres\/#breadcrumb\",\"itemListElement\":[{\"@type\":\"ListItem\",\"position\":1,\"item\":{\"@type\":\"WebPage\",\"@id\":\"https:\/\/essentia-mobilia.com\/blog\/\",\"url\":\"https:\/\/essentia-mobilia.com\/blog\/\",\"name\":\"Accueil\"}},{\"@type\":\"ListItem\",\"position\":2,\"item\":{\"@type\":\"WebPage\",\"@id\":\"https:\/\/essentia-mobilia.com\/blog\/combien-faut-il-detageres-murales-pour-ranger-sa-collection-de-livres\/\",\"url\":\"https:\/\/essentia-mobilia.com\/blog\/combien-faut-il-detageres-murales-pour-ranger-sa-collection-de-livres\/\",\"name\":\"Combien faut-il d&rsquo;\\u00e9tag\\u00e8res murales pour ranger sa collection de livres ?\"}}]},{\"@type\":\"Article\",\"@id\":\"https:\/\/essentia-mobilia.com\/blog\/combien-faut-il-detageres-murales-pour-ranger-sa-collection-de-livres\/#article\",\"isPartOf\":{\"@id\":\"https:\/\/essentia-mobilia.com\/blog\/combien-faut-il-detageres-murales-pour-ranger-sa-collection-de-livres\/#webpage\"},\"author\":{\"@id\":\"https:\/\/essentia-mobilia.com\/blog\/#\/schema\/person\/f06deeaf73a4baf06738372a688cf68a\"},\"headline\":\"Combien faut-il d&rsquo;\\u00e9tag\\u00e8res murales pour ranger sa collection de livres ?\",\"datePublished\":\"2024-03-04T12:55:07+00:00\",\"dateModified\":\"2026-02-13T15:35:26+00:00\",\"mainEntityOfPage\":{\"@id\":\"https:\/\/essentia-mobilia.com\/blog\/combien-faut-il-detageres-murales-pour-ranger-sa-collection-de-livres\/#webpage\"},\"commentCount\":0,\"publisher\":{\"@id\":\"https:\/\/essentia-mobilia.com\/blog\/#organization\"},\"image\":{\"@id\":\"https:\/\/essentia-mobilia.com\/blog\/combien-faut-il-detageres-murales-pour-ranger-sa-collection-de-livres\/#primaryimage\"},\"articleSection\":\"Etag\\u00e8res murales design\",\"inLanguage\":\"fr-FR\",\"potentialAction\":[{\"@type\":\"CommentAction\",\"name\":\"Comment\",\"target\":[\"https:\/\/essentia-mobilia.com\/blog\/combien-faut-il-detageres-murales-pour-ranger-sa-collection-de-livres\/#respond\"]}]},{\"@type\":\"Person\",\"@id\":\"https:\/\/essentia-mobilia.com\/blog\/#\/schema\/person\/f06deeaf73a4baf06738372a688cf68a\",\"name\":\"myessentiamobilia\",\"image\":{\"@type\":\"ImageObject\",\"@id\":\"https:\/\/essentia-mobilia.com\/blog\/#personlogo\",\"inLanguage\":\"fr-FR\",\"url\":\"https:\/\/secure.gravatar.com\/avatar\/bec63f027f1251faa237003116590784?s=96&d=mm&r=g\",\"caption\":\"myessentiamobilia\"},\"description\":\"A travers ce blog, je partage mes conseils de design et d\\u00e9coration int\\u00e9rieure.\"}]}<\/script>\n<!-- \/ Yoast SEO plugin. -->","_links":{"self":[{"href":"https:\/\/essentia-mobilia.com\/blog\/wp-json\/wp\/v2\/posts\/2070"}],"collection":[{"href":"https:\/\/essentia-mobilia.com\/blog\/wp-json\/wp\/v2\/posts"}],"about":[{"href":"https:\/\/essentia-mobilia.com\/blog\/wp-json\/wp\/v2\/types\/post"}],"author":[{"embeddable":true,"href":"https:\/\/essentia-mobilia.com\/blog\/wp-json\/wp\/v2\/users\/1"}],"replies":[{"embeddable":true,"href":"https:\/\/essentia-mobilia.com\/blog\/wp-json\/wp\/v2\/comments?post=2070"}],"version-history":[{"count":61,"href":"https:\/\/essentia-mobilia.com\/blog\/wp-json\/wp\/v2\/posts\/2070\/revisions"}],"predecessor-version":[{"id":3433,"href":"https:\/\/essentia-mobilia.com\/blog\/wp-json\/wp\/v2\/posts\/2070\/revisions\/3433"}],"wp:featuredmedia":[{"embeddable":true,"href":"https:\/\/essentia-mobilia.com\/blog\/wp-json\/wp\/v2\/media\/2113"}],"wp:attachment":[{"href":"https:\/\/essentia-mobilia.com\/blog\/wp-json\/wp\/v2\/media?parent=2070"}],"wp:term":[{"taxonomy":"category","embeddable":true,"href":"https:\/\/essentia-mobilia.com\/blog\/wp-json\/wp\/v2\/categories?post=2070"},{"taxonomy":"post_tag","embeddable":true,"href":"https:\/\/essentia-mobilia.com\/blog\/wp-json\/wp\/v2\/tags?post=2070"}],"curies":[{"name":"wp","href":"https:\/\/api.w.org\/{rel}","templated":true}]}}