{"id":1344,"date":"2022-07-28T17:59:26","date_gmt":"2022-07-28T15:59:26","guid":{"rendered":"https:\/\/essentia-mobilia.com\/blog\/?p=1344"},"modified":"2026-02-13T16:39:41","modified_gmt":"2026-02-13T15:39:41","slug":"5-raisons-dopter-pour-letagere-murale-pour-ses-livres","status":"publish","type":"post","link":"https:\/\/essentia-mobilia.com\/blog\/5-raisons-dopter-pour-letagere-murale-pour-ses-livres\/","title":{"rendered":"5 raisons d\u2019opter pour l\u2019\u00e9tag\u00e8re murale pour ses livres"},"content":{"rendered":"\n<h1 class=\"wp-block-heading\">5 raisons d\u2019opter pour l\u2019\u00e9tag\u00e8re murale pour ses livres<\/h1>\n\n\n\n<p>Besoin d\u2019espace pour ranger vos livres ou vous confectionner une v\u00e9ritable biblioth\u00e8que\u2009? <strong>Laissez-vous tenter<\/strong> par l\u2019\u00e9tag\u00e8re murale. Tendance, moderne, pratique et surtout peu encombrante, elle sait s\u2019int\u00e9grer dans votre <strong>d\u00e9coration d\u2019int\u00e9rieur<\/strong>, tout en la mettant en valeur. Nous allons voir ici 5\u00a0bonnes raisons d\u2019opter pour une \u00e9tag\u00e8re murale pour livres, \u00e0 savoir\u00a0:<\/p>\n\n\n\n<ul>\n<li>Le <strong>gain d\u2019espace<\/strong> qu\u2019elle propose&nbsp;: <a href=\"https:\/\/essentia-mobilia.com\/etageres-murales-sur-mesure\/130-etagere-murale-metal-sur-mesure-pour-livres-cd-dvd-delta-3701456201795.html\">l\u2019<strong>\u00e9tag\u00e8re murale<\/strong> pour ranger les livres<\/a> s\u2019adosse \u00e0 un pan de mur sans empi\u00e9ter sur l\u2019espace au sol, sans encombrer l\u2019espace au mur.<\/li>\n\n\n\n<li>Sa grande polyvalence et son <strong>accord \u00e0 tous les styles de d\u00e9coration<\/strong>&nbsp;: que vous ayez un int\u00e9rieur scandinave, industriel, boh\u00e8me chic, vintage ou traditionnel, elle saura mettre en valeur votre style de d\u00e9co.<\/li>\n\n\n\n<li><strong>La possibilit\u00e9 de la personnaliser<\/strong>&nbsp;: avec une \u00e9tag\u00e8re sur mesure, obtenez une biblioth\u00e8que qui r\u00e9pond \u00e0 vos besoins, \u00e0 vos go\u00fbts et \u00e0 vos inspirations, et que vous pouvez personnaliser au maximum<\/li>\n\n\n\n<li><strong>Sa facilit\u00e9 de montage<\/strong>&nbsp;: qui peut \u00eatre adapt\u00e9 sur tous types de murs et de pans de murs.<\/li>\n\n\n\n<li><strong>Son prix<\/strong>&nbsp;: moins ch\u00e8re qu&rsquo;une biblioth\u00e8que compl\u00e8te sur pied et accessible \u00e0 tous les budgets.<\/li>\n<\/ul>\n\n\n\n<figure class=\"wp-block-image size-large\"><a href=\"https:\/\/essentia-mobilia.com\/content\/57-etageres-livres\"><img loading=\"lazy\" decoding=\"async\" width=\"789\" height=\"828\" src=\"https:\/\/essentia-mobilia.com\/blog\/wp-content\/uploads\/2022\/07\/Etagere-murale-en-bois-pour-livres-\u00a9-Pexels.jpg\" alt=\"Etag\u00e8re murale en bois pour livres\" class=\"wp-image-1351\" srcset=\"https:\/\/essentia-mobilia.com\/blog\/wp-content\/uploads\/2022\/07\/Etagere-murale-en-bois-pour-livres-\u00a9-Pexels.jpg 789w, https:\/\/essentia-mobilia.com\/blog\/wp-content\/uploads\/2022\/07\/Etagere-murale-en-bois-pour-livres-\u00a9-Pexels-286x300.jpg 286w, https:\/\/essentia-mobilia.com\/blog\/wp-content\/uploads\/2022\/07\/Etagere-murale-en-bois-pour-livres-\u00a9-Pexels-768x806.jpg 768w\" sizes=\"(max-width: 789px) 100vw, 789px\" \/><\/a><figcaption class=\"wp-element-caption\">Etag\u00e8re murale en bois pour livres &#8211; \u00a9 Pexels<\/figcaption><\/figure>\n\n\n\n<p><strong>Sommaire<\/strong><\/p>\n<ul>\n<li><a href=\"#etagere-murale-optimisation\">1. Une \u00e9tag\u00e8re murale offre une meilleure optimisation de l\u2019espace<\/a><\/li>\n<li><a href=\"#etagere-murale-styles-decoration\">2. Une \u00e9tag\u00e8re murale est adapt\u00e9e \u00e0 tous les styles de d\u00e9coration<\/a><\/li>\n<li><a href=\"#etagere-murale-sur-mesure-personnalisable\">3. L\u2019\u00e9tag\u00e8re murale sur mesure est personnalisable<\/a><\/li>\n<li><a href=\"#etagere-murale-livres-monter\">4. L\u2019\u00e9tag\u00e8re murale pour livres est facile \u00e0 monter<\/a><\/li>\n<li><a href=\"#etagere-murale-sur-mesure-budgets\">5. L\u2019\u00e9tag\u00e8re murale sur mesure convient \u00e0 tous les budgets<\/a><\/li>\n\n<\/ul>\n<p><\/p>\n\n\n\n<h2 class=\"wp-block-heading\" id=\"etagere-murale-optimisation\"><strong>1. Une \u00e9tag\u00e8re murale offre une meilleure optimisation de l\u2019espace<\/strong><\/h2>\n\n\n\n<figure class=\"wp-block-image size-large\"><a href=\"https:\/\/essentia-mobilia.com\/content\/57-etageres-livres\"><img loading=\"lazy\" decoding=\"async\" width=\"789\" height=\"583\" src=\"https:\/\/essentia-mobilia.com\/blog\/wp-content\/uploads\/2022\/07\/Etagere-murale-en-metal-pour-livres-\u00a9-Pexels.jpg\" alt=\"Etag\u00e8re murale en m\u00e9tal pour livres\" class=\"wp-image-1354\" srcset=\"https:\/\/essentia-mobilia.com\/blog\/wp-content\/uploads\/2022\/07\/Etagere-murale-en-metal-pour-livres-\u00a9-Pexels.jpg 789w, https:\/\/essentia-mobilia.com\/blog\/wp-content\/uploads\/2022\/07\/Etagere-murale-en-metal-pour-livres-\u00a9-Pexels-300x222.jpg 300w, https:\/\/essentia-mobilia.com\/blog\/wp-content\/uploads\/2022\/07\/Etagere-murale-en-metal-pour-livres-\u00a9-Pexels-768x567.jpg 768w\" sizes=\"(max-width: 789px) 100vw, 789px\" \/><\/a><figcaption class=\"wp-element-caption\">Etag\u00e8re murale en m\u00e9tal pour livres &#8211; \u00a9 Pexels<\/figcaption><\/figure>\n\n\n\n<p>Plus discr\u00e8te et moins encombrante qu\u2019un meuble tout entier, <strong>l\u2019\u00e9tag\u00e8re murale pour livres<\/strong> est tr\u00e8s pris\u00e9e pour le <strong>gain d\u2019espace<\/strong> qu\u2019elle offre. En g\u00e9n\u00e9ral, elle vient se fixer au mur de fa\u00e7on fix\u00e9e par des vis, des \u00e9querres ou des tasseaux mais sans empi\u00e9ter sur l\u2019espace au sol. Elle peut venir habiller tout un pan de mur ou uniquement la partie sup\u00e9rieure. Elle peut m\u00eame se fixer au-dessus d\u2019un meuble d\u00e9j\u00e0 pr\u00e9sent. Peu importe la fa\u00e7on dont elle s\u2019int\u00e8gre, elle assure une double fonction&nbsp;: elle habille le mur tout en offrant un v\u00e9ritable espace de rangement pour les livres. En fonction de la pi\u00e8ce o\u00f9 elle se trouve, l\u2019<strong>\u00e9tag\u00e8re de rangement<\/strong> murale peut servir&nbsp;:<\/p>\n\n\n\n<ul>\n<li>de <strong>biblioth\u00e8que<\/strong> dans le salon, o\u00f9 vous pouvez ranger vos livres par ordre alphab\u00e9tique, par couleur ou par auteur, pour une pr\u00e9sentation bien soign\u00e9e.<\/li>\n\n\n\n<li>de <strong>meuble de rangement<\/strong> pour les livres, les dossiers, CD, vinyles ou journaux dans votre bureau.<\/li>\n\n\n\n<li>de pr\u00e9sentoir pour <strong>objets de d\u00e9coration<\/strong>, bibelots, plantes diverses en plus de vos livres, pour avoir une composition artistique particuli\u00e8re qui saura mettre en valeur votre <strong>d\u00e9coration murale.<\/strong><\/li>\n<\/ul>\n\n\n\n<h2 class=\"wp-block-heading\" id=\"etagere-murale-styles-decoration\"><strong>2. Une \u00e9tag\u00e8re murale est adapt\u00e9e \u00e0 tous les styles de d\u00e9coration<\/strong><\/h2>\n\n\n\n<figure class=\"wp-block-image size-large\"><a href=\"https:\/\/essentia-mobilia.com\/etageres-murales-sur-mesure\/130-etagere-murale-metal-sur-mesure-pour-livres-cd-dvd-delta-3701456201795.html\"><img loading=\"lazy\" decoding=\"async\" width=\"789\" height=\"256\" src=\"https:\/\/essentia-mobilia.com\/blog\/wp-content\/uploads\/2022\/07\/Etagere-murale-en-metal-noire-pour-livres-\u00a9-Essentia-Mobilia.jpg\" alt=\"Etag\u00e8re murale en m\u00e9tal noire pour livres - \u00a9 Essentia Mobilia\" class=\"wp-image-1352\" srcset=\"https:\/\/essentia-mobilia.com\/blog\/wp-content\/uploads\/2022\/07\/Etagere-murale-en-metal-noire-pour-livres-\u00a9-Essentia-Mobilia.jpg 789w, https:\/\/essentia-mobilia.com\/blog\/wp-content\/uploads\/2022\/07\/Etagere-murale-en-metal-noire-pour-livres-\u00a9-Essentia-Mobilia-300x97.jpg 300w, https:\/\/essentia-mobilia.com\/blog\/wp-content\/uploads\/2022\/07\/Etagere-murale-en-metal-noire-pour-livres-\u00a9-Essentia-Mobilia-768x249.jpg 768w\" sizes=\"(max-width: 789px) 100vw, 789px\" \/><\/a><figcaption class=\"wp-element-caption\">Etag\u00e8re murale en m\u00e9tal noire pour livres &#8211; \u00a9 Essentia Mobilia<\/figcaption><\/figure>\n\n\n\n<p>S\u2019il y a bien une \u00e9tag\u00e8re qui s\u2019accorde \u00e0 tous les styles de d\u00e9coration c\u2019est l\u2019\u00e9tag\u00e8re murale pour livres. Le grand choix des mati\u00e8res et des finitions permet de laisser libre cours \u00e0 vos inspirations de <strong>d\u00e9co murale<\/strong>. Cela permet de l\u2019accorder \u00e0 la d\u00e9coration g\u00e9n\u00e9rale de la pi\u00e8ce. En effet, l\u2019\u00e9tag\u00e8re murale peut \u00eatre fabriqu\u00e9e avec un large choix de mati\u00e8res traditionnelles comme le m\u00e9tal, le bois, l&rsquo;inox, l\u2019aluminium ou de mat\u00e9riaux plus r\u00e9cents comme le plexiglas et le m\u00e9lamin\u00e9. <\/p>\n\n\n\n<ul>\n<li>Une <strong>\u00e9tag\u00e8re murale en m\u00e9tal<\/strong> par exemple s\u2019accorde parfaitement dans un salon au <strong>design moderne, contemporain<\/strong>. Elle peut \u00eatre r\u00e9alis\u00e9e selon diff\u00e9rentes formes et couleurs qui sauront mettre en valeur l&rsquo;int\u00e9rieur. <\/li>\n\n\n\n<li>Une <strong>\u00e9tag\u00e8re murale en bois<\/strong> s&rsquo;accorde avec un <strong>style vintage, rustique <\/strong>ou scandinave selon les autres \u00e9l\u00e9ments de d\u00e9co ajout\u00e9s. En bois vieilli ou blanchi, l\u2019\u00e9tag\u00e8re murale propose une <strong>d\u00e9co vintage et rustique<\/strong>. En bois clair, associ\u00e9 avec du blanc ou du gris clair, elle se rapproche d&rsquo;un <strong>style scandinave<\/strong>.<\/li>\n\n\n\n<li>Une <strong><a href=\"https:\/\/essentia-mobilia.com\/26-etageres-en-plexiglas-sur-mesure\">\u00e9tag\u00e8re en plexiglas<\/a><\/strong> s&rsquo;accorde avec un salon moderne. Elle pr\u00e9serve la luminosit\u00e9 de la pi\u00e8ce et valorise les objets qu&rsquo;elle accueille. <\/li>\n\n\n\n<li>Les <strong><a href=\"https:\/\/essentia-mobilia.com\/69-bibliotheque-bois-et-metal\">\u00e9tag\u00e8res en bois et m\u00e9tal<\/a><\/strong> sont tr\u00e8s tendance actuellement avec le style industriel. Elles sont caract\u00e9ristiques d\u2019une d\u00e9co industrielle.<\/li>\n<\/ul>\n\n\n\n<p>L\u2019\u00e9tag\u00e8re murale a \u00e9galement l\u2019avantage d\u2019\u00eatre facilement personnalisable. Elle peut se parer de toutes les couleurs, formes et dimensions possibles pour s\u2019adapter \u00e0 toute ambiance de d\u00e9coration dans une pi\u00e8ce. Dans une chambre d\u2019enfant par exemple, on opte pour une biblioth\u00e8que avec de <strong>petites \u00e9tag\u00e8res <\/strong>pour ranger les livres. Au niveau de la peinture, on peut choisir du rose, du blanc, du jaune moutarde, du bleu ou des tons pastel en fonction des gouts de votre enfant.<\/p>\n\n\n\n<p>L\u2019\u00e9tag\u00e8re <strong>murale<\/strong> convient \u00e0 toutes les dispositions de pi\u00e8ces et \u00e0 tous les types de surfaces. Dans une petite pi\u00e8ce, elle saura lib\u00e9rer de l\u2019espace. Dans une grande pi\u00e8ce, elle cr\u00e9e une illusion de remplissage pour ne pas laisser la pi\u00e8ce para\u00eetre vide.<\/p>\n\n\n\n<h2 class=\"wp-block-heading\" id=\"etagere-murale-sur-mesure-personnalisable\"><strong>3. L\u2019\u00e9tag\u00e8re murale sur mesure est personnalisable<\/strong><\/h2>\n\n\n\n<figure class=\"wp-block-image size-large\"><a href=\"https:\/\/essentia-mobilia.com\/etageres-murales-sur-mesure\/131-etagere-murale-arrondie-design-en-metal-sur-mesure-capsule-3701456203058.html\"><img loading=\"lazy\" decoding=\"async\" width=\"789\" height=\"280\" src=\"https:\/\/essentia-mobilia.com\/blog\/wp-content\/uploads\/2022\/07\/etagere-murale-arrondies-pour-livres-\u00a9-Essentia-Mobilia.jpg\" alt=\"Etag\u00e8re murale arrondie pour livres - \u00a9 Essentia Mobilia\" class=\"wp-image-1358\" srcset=\"https:\/\/essentia-mobilia.com\/blog\/wp-content\/uploads\/2022\/07\/etagere-murale-arrondies-pour-livres-\u00a9-Essentia-Mobilia.jpg 789w, https:\/\/essentia-mobilia.com\/blog\/wp-content\/uploads\/2022\/07\/etagere-murale-arrondies-pour-livres-\u00a9-Essentia-Mobilia-300x106.jpg 300w, https:\/\/essentia-mobilia.com\/blog\/wp-content\/uploads\/2022\/07\/etagere-murale-arrondies-pour-livres-\u00a9-Essentia-Mobilia-768x273.jpg 768w\" sizes=\"(max-width: 789px) 100vw, 789px\" \/><\/a><figcaption class=\"wp-element-caption\">Etag\u00e8re murale arrondie pour livres &#8211; \u00a9 Essentia Mobilia<\/figcaption><\/figure>\n\n\n\n<p>Dans un salon ou dans un bureau, on opte pour une <strong><a href=\"https:\/\/essentia-mobilia.com\/63-etageres-murales-sur-mesure\">\u00e9tag\u00e8re murale sur mesure<\/a><\/strong>, que l\u2019on choisit en fonction des dimensions du pan du mur. On peut aussi opter pour une <strong>\u00e9tag\u00e8re murale design<\/strong> qui a l\u2019avantage d\u2019avoir une forme ou une esth\u00e9tique plus sophistiqu\u00e9e pour un rendu <strong>splendide<\/strong>. C\u00f4t\u00e9 forme, les <strong>\u00e9tag\u00e8res murales<\/strong> peuvent avoir plusieurs repr\u00e9sentations&nbsp;:<\/p>\n\n\n\n<ul>\n<li><strong>L&rsquo;\u00e9tag\u00e8re lin\u00e9aire<\/strong>, id\u00e9ale pour optimiser l&rsquo;espace, caract\u00e9ristique des <strong>\u00e9tag\u00e8res design<\/strong> <strong>murales<\/strong><\/li>\n\n\n\n<li><strong><a href=\"https:\/\/essentia-mobilia.com\/etageres-murales-sur-mesure\/131-etagere-murale-arrondie-design-en-metal-sur-mesure-capsule-3701456203058.html\">L&rsquo;\u00e9tag\u00e8re murale arrondie<\/a><\/strong>, avec un design plus doux pour valoriser les objets<\/li>\n\n\n\n<li><strong>L\u2019\u00e9tag\u00e8re en \u00e9chelle<\/strong>, originale et authentique, pour avoir de nombreux <a href=\"https:\/\/www.elle.fr\/Deco\/Pratique\/Rangements\/Rangements-murs\" target=\"_blank\" rel=\"noreferrer noopener\">espaces de rangements muraux<\/a> permettant d&rsquo;accueillir livres et bibelots.<\/li>\n\n\n\n<li><strong><a href=\"https:\/\/essentia-mobilia.com\/81-les-plus-belles-etageres-murales-d-angle\">L\u2019\u00e9tag\u00e8re murale d\u2019angle<\/a><\/strong>, parfaite pour les petites pi\u00e8ces exigu\u00ebs ou pour les coins de mur<\/li>\n\n\n\n<li><strong>L\u2019\u00e9tag\u00e8re cubique<\/strong>, pratique dans les pi\u00e8ces modernes et contemporaines.<\/li>\n<\/ul>\n\n\n\n<h2 class=\"wp-block-heading\" id=\"etagere-murale-livres-monter\"><strong>4. L\u2019\u00e9tag\u00e8re murale pour livres est facile \u00e0 monter<\/strong><\/h2>\n\n\n\n<figure class=\"wp-block-image size-large\"><a href=\"https:\/\/essentia-mobilia.com\/etageres-murales-sur-mesure\/130-etagere-murale-metal-sur-mesure-pour-livres-cd-dvd-delta-3701456201795.html\"><img loading=\"lazy\" decoding=\"async\" width=\"1024\" height=\"211\" src=\"https:\/\/essentia-mobilia.com\/blog\/wp-content\/uploads\/2022\/07\/Etagere-murale-en-metal-pour-livres-\u00a9-Essentia-Mobilia-1024x211.jpg\" alt=\"Etag\u00e8re murale sur mesure Delta pour livres - \u00a9 Essentia Mobilia\" class=\"wp-image-1353\" srcset=\"https:\/\/essentia-mobilia.com\/blog\/wp-content\/uploads\/2022\/07\/Etagere-murale-en-metal-pour-livres-\u00a9-Essentia-Mobilia-1024x211.jpg 1024w, https:\/\/essentia-mobilia.com\/blog\/wp-content\/uploads\/2022\/07\/Etagere-murale-en-metal-pour-livres-\u00a9-Essentia-Mobilia-300x62.jpg 300w, https:\/\/essentia-mobilia.com\/blog\/wp-content\/uploads\/2022\/07\/Etagere-murale-en-metal-pour-livres-\u00a9-Essentia-Mobilia-768x158.jpg 768w, https:\/\/essentia-mobilia.com\/blog\/wp-content\/uploads\/2022\/07\/Etagere-murale-en-metal-pour-livres-\u00a9-Essentia-Mobilia.jpg 1171w\" sizes=\"(max-width: 1024px) 100vw, 1024px\" \/><\/a><figcaption class=\"wp-element-caption\">Etag\u00e8re murale sur mesure Delta pour livres &#8211; \u00a9 Essentia Mobilia<\/figcaption><\/figure>\n\n\n\n<p>L\u2019\u00e9tag\u00e8re murale pour livres propose \u00e9galement une autre caract\u00e9ristique avantageuse&nbsp;: sa facilit\u00e9 de montage ou d\u2019installation. <strong>Fixer une \u00e9tag\u00e8re<\/strong> est en effet \u00e0 la port\u00e9e de tous bricoleurs amateurs. Il faut juste disposer de tout le mat\u00e9riel n\u00e9cessaire pour cela. C\u00f4t\u00e9 fixation, on peut proc\u00e9der de diff\u00e9rentes mani\u00e8res&nbsp;:<\/p>\n\n\n\n<ul>\n<li>La <strong>fixation invisible<\/strong>&nbsp;: il s\u2019agit de maintenir les \u00e9tag\u00e8res avec des tiges qui les traversent avant de venir se fixer sur le mur. <\/li>\n\n\n\n<li>La <strong>fixation par vis simple<\/strong>s : les vis traversent les \u00e9tag\u00e8res et vont s&rsquo;ancrer directement dans le mur avec des chevilles<\/li>\n\n\n\n<li>La <strong>fixation sur tasseaux<\/strong>&nbsp;: cette technique de montage est pr\u00e9conis\u00e9e pour les niches et les espaces r\u00e9duits entre deux murs pour installer des \u00e9tag\u00e8res de dimension moyenne ou sur mesure. Les tasseaux sont fix\u00e9s au mur via des vis et chevilles et viennent accueillir les tablettes ou les planches de l\u2019<strong>\u00e9tag\u00e8re murale d\u00e9co<\/strong>.<\/li>\n\n\n\n<li>La <strong>fixation sur cr\u00e9maill\u00e8res<\/strong>&nbsp;: c\u2019est l\u2019une des fixations les plus pris\u00e9es par les amateurs de bricolage, du fait de sa simplicit\u00e9 de mise en \u0153uvre. Les cr\u00e9maill\u00e8res sont \u00e0 visser au mur avant d\u2019accueillir les tablettes ou les planches de l\u2019\u00e9tag\u00e8re murale.<\/li>\n<\/ul>\n\n\n\n<h2 class=\"wp-block-heading\" id=\"etagere-murale-sur-mesure-budgets\"><strong>5. L\u2019\u00e9tag\u00e8re murale sur mesure convient \u00e0 tous les budgets<\/strong><\/h2>\n\n\n\n<figure class=\"wp-block-image size-large\"><a href=\"https:\/\/essentia-mobilia.com\/78-comment-amenager-une-niche-murale\"><img loading=\"lazy\" decoding=\"async\" width=\"789\" height=\"321\" src=\"https:\/\/essentia-mobilia.com\/blog\/wp-content\/uploads\/2022\/07\/Etagere-de-niche-murale-\u00a9-Pexels.jpg\" alt=\"Etag\u00e8re de niche murale\" class=\"wp-image-1350\" srcset=\"https:\/\/essentia-mobilia.com\/blog\/wp-content\/uploads\/2022\/07\/Etagere-de-niche-murale-\u00a9-Pexels.jpg 789w, https:\/\/essentia-mobilia.com\/blog\/wp-content\/uploads\/2022\/07\/Etagere-de-niche-murale-\u00a9-Pexels-300x122.jpg 300w, https:\/\/essentia-mobilia.com\/blog\/wp-content\/uploads\/2022\/07\/Etagere-de-niche-murale-\u00a9-Pexels-768x312.jpg 768w\" sizes=\"(max-width: 789px) 100vw, 789px\" \/><\/a><figcaption class=\"wp-element-caption\">Etag\u00e8re de niche murale &#8211; \u00a9 Pexels<\/figcaption><\/figure>\n\n\n\n<p>Dans le choix d\u2019une biblioth\u00e8que, le budget ne peut pas toujours suivre les souhaits. L\u2019\u00e9tag\u00e8re murale pour livres s\u2019av\u00e8re \u00eatre la meilleure alternative pour un espace de <strong>rangement design<\/strong> adapt\u00e9 \u00e0 toutes les envies, mais aussi \u00e0 tous les budgets. Le prix des <strong>\u00e9tag\u00e8res de livres<\/strong> varie en fonction des dimensions, mais aussi du choix des mat\u00e9riaux et des finitions. L\u2019\u00e9tag\u00e8re murale en m\u00e9tal offre souvent un tr\u00e8s bon rapport qualit\u00e9-prix. Le prix d\u2019une <strong>\u00e9tag\u00e8re biblioth\u00e8que<\/strong> murale d\u00e9pend \u00e9galement de l\u2019artisan choisi pour faire les travaux. En revanche, si vous optez pour l\u2019\u00e9tag\u00e8re murale sur mesure, vous pouvez confectionner vous-m\u00eame votre \u00e9tag\u00e8re pour livres. Il suffit de vous procurer le mat\u00e9riel n\u00e9cessaire&nbsp;: planches de bois \u00e0 traiter (laqu\u00e9, peint, ou vernis), planches de m\u00e9lamin\u00e9s ou autres mat\u00e9riaux, chevilles ou tasseaux de fixations. Une fois que vous avez tout le mat\u00e9riel n\u00e9cessaire, proc\u00e9dez au montage (coupe et d\u00e9coupe selon les dimensions n\u00e9cessaires, fixation au mur). Le tour est jou\u00e9\u2009! Vous avez une biblioth\u00e8que murale qui vous revient moins cher qu\u2019un <strong>meuble \u00e9tag\u00e8re<\/strong>.<\/p>\n\n\n\n<p>Vous serez peut \u00eatre aussi int\u00e9ress\u00e9 par ces articles : <br>&#8211; <a href=\"https:\/\/essentia-mobilia.com\/blog\/comment-habiller-un-mur-avec-des-etageres-murales\/\">Comment habiller un mur avec des \u00e9tag\u00e8res murales ?<\/a><br>&#8211; <a href=\"https:\/\/essentia-mobilia.com\/blog\/comment-choisir-un-meuble-eco-responsable\/\">Comment choisir un meuble \u00e9co-responsable ?<\/a><br>&#8211; <a href=\"https:\/\/essentia-mobilia.com\/blog\/5-raisons-de-choisir-une-bibliotheque-en-bois-et-metal\/\">5 raisons de choisir une biblioth\u00e8que en bois et m\u00e9tal<\/a><\/p>\n\n\n\n<figure class=\"wp-block-image size-full\"><a href=\"https:\/\/essentia-mobilia.com\/\"><img loading=\"lazy\" decoding=\"async\" width=\"789\" height=\"245\" src=\"https:\/\/essentia-mobilia.com\/blog\/wp-content\/uploads\/2024\/03\/image.jpeg\" alt=\"D\u00e9couvrir Essentia MOBILIA - Collection de meubles personnalisables, durables, made in France\" class=\"wp-image-2207\" srcset=\"https:\/\/essentia-mobilia.com\/blog\/wp-content\/uploads\/2024\/03\/image.jpeg 789w, https:\/\/essentia-mobilia.com\/blog\/wp-content\/uploads\/2024\/03\/image-300x93.jpeg 300w, https:\/\/essentia-mobilia.com\/blog\/wp-content\/uploads\/2024\/03\/image-768x238.jpeg 768w\" sizes=\"(max-width: 789px) 100vw, 789px\" \/><\/a><\/figure>\n\n\n\n<script type=\"application\/ld+json\">\n{\n\"@context\": \"https:\/\/schema.org\",\n\"@type\": \"FAQPage\",\n\"mainEntity\":\t\n[\n\n\n\n{\"@type\": \"Question\",\n\"name\": \"Pourquoi choisir une \u00e9tag\u00e8re murale pour ses livres ?\",\n\"acceptedAnswer\": \n{\n\"@type\": \"Answer\",\n\"text\": \"Voici les 5 raisons de choisir une \u00e9tag\u00e8re murale pour ses livres :  \n1. Le gain d\u2019espace\n2. La possibilit\u00e9 de s'adapter tous les styles de d\u00e9coration\n3. La possibilit\u00e9 de la personnaliser\n4. La facilit\u00e9 de montage\n5. Le prix, accessible \u00e0 tous les budgets.\"\n}}\n\n\n]\n}\n<\/script>\n","protected":false},"excerpt":{"rendered":"<p>5 raisons d\u2019opter pour l\u2019\u00e9tag\u00e8re murale pour ses livres Besoin d\u2019espace pour ranger vos livres ou vous confectionner une v\u00e9ritable biblioth\u00e8que\u2009? Laissez-vous tenter par l\u2019\u00e9tag\u00e8re murale. Tendance, moderne, pratique et surtout peu encombrante, elle sait s\u2019int\u00e9grer dans votre d\u00e9coration d\u2019int\u00e9rieur, tout en la mettant en valeur. Nous allons voir ici 5\u00a0bonnes raisons d\u2019opter pour une [&hellip;]<\/p>\n","protected":false},"author":1,"featured_media":1351,"comment_status":"open","ping_status":"open","sticky":false,"template":"","format":"standard","meta":{"footnotes":""},"categories":[294],"tags":[],"yoast_head":"<!-- This site is optimized with the Yoast SEO plugin v15.0 - https:\/\/yoast.com\/wordpress\/plugins\/seo\/ -->\n<title>5 raisons d\u2019opter pour l\u2019\u00e9tag\u00e8re murale pour ses livres<\/title>\n<meta name=\"description\" content=\"Si vous cherchez un moyen de gagner de l\u2019espace et d\u2019ajouter un peu de style \u00e0 votre maison, pensez \u00e0 une \u00e9tag\u00e8re murale pour livres.\" \/>\n<meta name=\"robots\" content=\"index, follow, max-snippet:-1, max-image-preview:large, max-video-preview:-1\" \/>\n<link rel=\"canonical\" href=\"https:\/\/essentia-mobilia.com\/blog\/5-raisons-dopter-pour-letagere-murale-pour-ses-livres\/\" \/>\n<meta property=\"og:locale\" content=\"fr_FR\" \/>\n<meta property=\"og:type\" content=\"article\" \/>\n<meta property=\"og:title\" content=\"5 raisons d\u2019opter pour l\u2019\u00e9tag\u00e8re murale pour ses livres\" \/>\n<meta property=\"og:description\" content=\"Si vous cherchez un moyen de gagner de l\u2019espace et d\u2019ajouter un peu de style \u00e0 votre maison, pensez \u00e0 une \u00e9tag\u00e8re murale pour livres.\" \/>\n<meta property=\"og:url\" content=\"https:\/\/essentia-mobilia.com\/blog\/5-raisons-dopter-pour-letagere-murale-pour-ses-livres\/\" \/>\n<meta property=\"og:site_name\" content=\"Blog d\u00e9coration et design de Essentia MOBILIA\" \/>\n<meta property=\"article:publisher\" content=\"https:\/\/www.facebook.com\/EssentiaMobilia\" \/>\n<meta property=\"article:published_time\" content=\"2022-07-28T15:59:26+00:00\" \/>\n<meta property=\"article:modified_time\" content=\"2026-02-13T15:39:41+00:00\" \/>\n<meta property=\"og:image\" content=\"https:\/\/essentia-mobilia.com\/blog\/wp-content\/uploads\/2022\/07\/Etagere-murale-en-bois-pour-livres-\u00a9-Pexels.jpg\" \/>\n\t<meta property=\"og:image:width\" content=\"789\" \/>\n\t<meta property=\"og:image:height\" content=\"828\" \/>\n<meta name=\"twitter:card\" content=\"summary_large_image\" \/>\n<script type=\"application\/ld+json\" class=\"yoast-schema-graph\">{\"@context\":\"https:\/\/schema.org\",\"@graph\":[{\"@type\":\"Organization\",\"@id\":\"https:\/\/essentia-mobilia.com\/blog\/#organization\",\"name\":\"Essentia MOBILIA\",\"url\":\"https:\/\/essentia-mobilia.com\/blog\/\",\"sameAs\":[\"https:\/\/www.facebook.com\/EssentiaMobilia\",\"https:\/\/www.instagram.com\/essentiamobilia\/\",\"https:\/\/fr.pinterest.com\/essentia_mobilia\/\"],\"logo\":{\"@type\":\"ImageObject\",\"@id\":\"https:\/\/essentia-mobilia.com\/blog\/#logo\",\"inLanguage\":\"fr-FR\",\"url\":\"https:\/\/essentia-mobilia.com\/blog\/wp-content\/uploads\/2023\/12\/cropped-essentia-mobilia-logo.jpg\",\"width\":171,\"height\":73,\"caption\":\"Essentia MOBILIA\"},\"image\":{\"@id\":\"https:\/\/essentia-mobilia.com\/blog\/#logo\"}},{\"@type\":\"WebSite\",\"@id\":\"https:\/\/essentia-mobilia.com\/blog\/#website\",\"url\":\"https:\/\/essentia-mobilia.com\/blog\/\",\"name\":\"Blog d\\u00e9coration et design de Essentia MOBILIA\",\"description\":\"\",\"publisher\":{\"@id\":\"https:\/\/essentia-mobilia.com\/blog\/#organization\"},\"potentialAction\":[{\"@type\":\"SearchAction\",\"target\":\"https:\/\/essentia-mobilia.com\/blog\/?s={search_term_string}\",\"query-input\":\"required name=search_term_string\"}],\"inLanguage\":\"fr-FR\"},{\"@type\":\"ImageObject\",\"@id\":\"https:\/\/essentia-mobilia.com\/blog\/5-raisons-dopter-pour-letagere-murale-pour-ses-livres\/#primaryimage\",\"inLanguage\":\"fr-FR\",\"url\":\"https:\/\/essentia-mobilia.com\/blog\/wp-content\/uploads\/2022\/07\/Etagere-murale-en-bois-pour-livres-\\u00a9-Pexels.jpg\",\"width\":789,\"height\":828},{\"@type\":\"WebPage\",\"@id\":\"https:\/\/essentia-mobilia.com\/blog\/5-raisons-dopter-pour-letagere-murale-pour-ses-livres\/#webpage\",\"url\":\"https:\/\/essentia-mobilia.com\/blog\/5-raisons-dopter-pour-letagere-murale-pour-ses-livres\/\",\"name\":\"5 raisons d\\u2019opter pour l\\u2019\\u00e9tag\\u00e8re murale pour ses livres\",\"isPartOf\":{\"@id\":\"https:\/\/essentia-mobilia.com\/blog\/#website\"},\"primaryImageOfPage\":{\"@id\":\"https:\/\/essentia-mobilia.com\/blog\/5-raisons-dopter-pour-letagere-murale-pour-ses-livres\/#primaryimage\"},\"datePublished\":\"2022-07-28T15:59:26+00:00\",\"dateModified\":\"2026-02-13T15:39:41+00:00\",\"description\":\"Si vous cherchez un moyen de gagner de l\\u2019espace et d\\u2019ajouter un peu de style \\u00e0 votre maison, pensez \\u00e0 une \\u00e9tag\\u00e8re murale pour livres.\",\"breadcrumb\":{\"@id\":\"https:\/\/essentia-mobilia.com\/blog\/5-raisons-dopter-pour-letagere-murale-pour-ses-livres\/#breadcrumb\"},\"inLanguage\":\"fr-FR\",\"potentialAction\":[{\"@type\":\"ReadAction\",\"target\":[\"https:\/\/essentia-mobilia.com\/blog\/5-raisons-dopter-pour-letagere-murale-pour-ses-livres\/\"]}]},{\"@type\":\"BreadcrumbList\",\"@id\":\"https:\/\/essentia-mobilia.com\/blog\/5-raisons-dopter-pour-letagere-murale-pour-ses-livres\/#breadcrumb\",\"itemListElement\":[{\"@type\":\"ListItem\",\"position\":1,\"item\":{\"@type\":\"WebPage\",\"@id\":\"https:\/\/essentia-mobilia.com\/blog\/\",\"url\":\"https:\/\/essentia-mobilia.com\/blog\/\",\"name\":\"Accueil\"}},{\"@type\":\"ListItem\",\"position\":2,\"item\":{\"@type\":\"WebPage\",\"@id\":\"https:\/\/essentia-mobilia.com\/blog\/5-raisons-dopter-pour-letagere-murale-pour-ses-livres\/\",\"url\":\"https:\/\/essentia-mobilia.com\/blog\/5-raisons-dopter-pour-letagere-murale-pour-ses-livres\/\",\"name\":\"5 raisons d\\u2019opter pour l\\u2019\\u00e9tag\\u00e8re murale pour ses livres\"}}]},{\"@type\":\"Article\",\"@id\":\"https:\/\/essentia-mobilia.com\/blog\/5-raisons-dopter-pour-letagere-murale-pour-ses-livres\/#article\",\"isPartOf\":{\"@id\":\"https:\/\/essentia-mobilia.com\/blog\/5-raisons-dopter-pour-letagere-murale-pour-ses-livres\/#webpage\"},\"author\":{\"@id\":\"https:\/\/essentia-mobilia.com\/blog\/#\/schema\/person\/f06deeaf73a4baf06738372a688cf68a\"},\"headline\":\"5 raisons d\\u2019opter pour l\\u2019\\u00e9tag\\u00e8re murale pour ses livres\",\"datePublished\":\"2022-07-28T15:59:26+00:00\",\"dateModified\":\"2026-02-13T15:39:41+00:00\",\"mainEntityOfPage\":{\"@id\":\"https:\/\/essentia-mobilia.com\/blog\/5-raisons-dopter-pour-letagere-murale-pour-ses-livres\/#webpage\"},\"commentCount\":0,\"publisher\":{\"@id\":\"https:\/\/essentia-mobilia.com\/blog\/#organization\"},\"image\":{\"@id\":\"https:\/\/essentia-mobilia.com\/blog\/5-raisons-dopter-pour-letagere-murale-pour-ses-livres\/#primaryimage\"},\"articleSection\":\"Etag\\u00e8res murales design\",\"inLanguage\":\"fr-FR\",\"potentialAction\":[{\"@type\":\"CommentAction\",\"name\":\"Comment\",\"target\":[\"https:\/\/essentia-mobilia.com\/blog\/5-raisons-dopter-pour-letagere-murale-pour-ses-livres\/#respond\"]}]},{\"@type\":\"Person\",\"@id\":\"https:\/\/essentia-mobilia.com\/blog\/#\/schema\/person\/f06deeaf73a4baf06738372a688cf68a\",\"name\":\"myessentiamobilia\",\"image\":{\"@type\":\"ImageObject\",\"@id\":\"https:\/\/essentia-mobilia.com\/blog\/#personlogo\",\"inLanguage\":\"fr-FR\",\"url\":\"https:\/\/secure.gravatar.com\/avatar\/bec63f027f1251faa237003116590784?s=96&d=mm&r=g\",\"caption\":\"myessentiamobilia\"},\"description\":\"A travers ce blog, je partage mes conseils de design et d\\u00e9coration int\\u00e9rieure.\"}]}<\/script>\n<!-- \/ Yoast SEO plugin. -->","_links":{"self":[{"href":"https:\/\/essentia-mobilia.com\/blog\/wp-json\/wp\/v2\/posts\/1344"}],"collection":[{"href":"https:\/\/essentia-mobilia.com\/blog\/wp-json\/wp\/v2\/posts"}],"about":[{"href":"https:\/\/essentia-mobilia.com\/blog\/wp-json\/wp\/v2\/types\/post"}],"author":[{"embeddable":true,"href":"https:\/\/essentia-mobilia.com\/blog\/wp-json\/wp\/v2\/users\/1"}],"replies":[{"embeddable":true,"href":"https:\/\/essentia-mobilia.com\/blog\/wp-json\/wp\/v2\/comments?post=1344"}],"version-history":[{"count":22,"href":"https:\/\/essentia-mobilia.com\/blog\/wp-json\/wp\/v2\/posts\/1344\/revisions"}],"predecessor-version":[{"id":3453,"href":"https:\/\/essentia-mobilia.com\/blog\/wp-json\/wp\/v2\/posts\/1344\/revisions\/3453"}],"wp:featuredmedia":[{"embeddable":true,"href":"https:\/\/essentia-mobilia.com\/blog\/wp-json\/wp\/v2\/media\/1351"}],"wp:attachment":[{"href":"https:\/\/essentia-mobilia.com\/blog\/wp-json\/wp\/v2\/media?parent=1344"}],"wp:term":[{"taxonomy":"category","embeddable":true,"href":"https:\/\/essentia-mobilia.com\/blog\/wp-json\/wp\/v2\/categories?post=1344"},{"taxonomy":"post_tag","embeddable":true,"href":"https:\/\/essentia-mobilia.com\/blog\/wp-json\/wp\/v2\/tags?post=1344"}],"curies":[{"name":"wp","href":"https:\/\/api.w.org\/{rel}","templated":true}]}}