{"id":1306,"date":"2022-07-04T12:49:34","date_gmt":"2022-07-04T10:49:34","guid":{"rendered":"https:\/\/essentia-mobilia.com\/blog\/?p=1306"},"modified":"2026-02-13T16:39:55","modified_gmt":"2026-02-13T15:39:55","slug":"le-slow-design-quest-ce-que-cest","status":"publish","type":"post","link":"https:\/\/essentia-mobilia.com\/blog\/le-slow-design-quest-ce-que-cest\/","title":{"rendered":"Le Slow Design : qu&rsquo;est-ce que c&rsquo;est ?"},"content":{"rendered":"\n<h1 class=\"wp-block-heading\">Le Slow Design : qu&rsquo;est-ce que c&rsquo;est ?<\/h1>\n\n\n\n<p><strong>Le Slow Design<\/strong> est un mouvement initi\u00e9 en 2004 par Alaatair Fuad-Luck, un universitaire d&rsquo;origine anglaise. Ce mouvement s&rsquo;adresse aux designers d&rsquo;objets et de mobilier, soucieux de donner un sens \u00e0 ce qu&rsquo;ils cr\u00e9ent. <\/p>\n\n\n\n<p>Ce courant de pens\u00e9e s&rsquo;inscrit <strong>en r\u00e9action \u00e0 la production en grande s\u00e9rie de mobilier<\/strong>. Ces meubles aux dimensions fig\u00e9es et au style standardis\u00e9 pr\u00e9sentent un impact social et environnemental n\u00e9gatif. <\/p>\n\n\n\n<p><strong><a href=\"https:\/\/essentia-mobilia.com\/\">Les marque de slow design comme Essentia Mobilia<\/a><\/strong> cherchent donc \u00e0 : <\/p>\n\n\n\n<ul>\n<li>prendre le temps de dessiner et concevoir des meubles qui r\u00e9pondent de mani\u00e8re durable aux besoins<\/li>\n\n\n\n<li>favoriser le bien \u00eatre des utilisateurs<\/li>\n\n\n\n<li>respecter l&rsquo;environnement sur l&rsquo;ensemble du cycle de vie du meuble : conception, fabrication, recyclage ou r\u00e9utilisation<\/li>\n\n\n\n<li>valoriser le savoir faire local et les techniques artisanales<\/li>\n<\/ul>\n\n\n\n<p><strong>Essentia Mobilia souhaite s&rsquo;inscrire dans ce mouvement Slow Design qui permet aux cr\u00e9ateurs et artisans d&rsquo;adh\u00e9rer \u00e0 une d\u00e9marche durable et responsable. <\/strong><\/p>\n\n\n\n<figure class=\"wp-block-image size-large\"><a href=\"https:\/\/essentia-mobilia.com\/tables-basses-design\/145-table-basse-d-exception-en-bois-massif-et-metal-alliance.html\"><img loading=\"lazy\" decoding=\"async\" width=\"789\" height=\"509\" src=\"https:\/\/essentia-mobilia.com\/blog\/wp-content\/uploads\/2022\/07\/un-salon-slow-design-matieres-naturelles-bois-metal.jpg\" alt=\"Slow Design - Biblioth\u00e8que Swing et Table basse Alliance - \u00a9 Essentia MOBILIA\" class=\"wp-image-1327\" srcset=\"https:\/\/essentia-mobilia.com\/blog\/wp-content\/uploads\/2022\/07\/un-salon-slow-design-matieres-naturelles-bois-metal.jpg 789w, https:\/\/essentia-mobilia.com\/blog\/wp-content\/uploads\/2022\/07\/un-salon-slow-design-matieres-naturelles-bois-metal-300x194.jpg 300w, https:\/\/essentia-mobilia.com\/blog\/wp-content\/uploads\/2022\/07\/un-salon-slow-design-matieres-naturelles-bois-metal-768x495.jpg 768w\" sizes=\"(max-width: 789px) 100vw, 789px\" \/><\/a><figcaption class=\"wp-element-caption\"> <a href=\"https:\/\/essentia-mobilia.com\/bibliotheques-sur-mesure\/132-bibliotheque-bois-et-metal-sur-mesure-swing-3701456212807.html\">Biblioth\u00e8que Swing<\/a> et <a href=\"https:\/\/essentia-mobilia.com\/tables-basses-design\/145-table-basse-d-exception-en-bois-massif-et-metal-alliance.html\">Table basse Alliance<\/a> &#8211; \u00a9 Essentia MOBILIA<\/figcaption><\/figure>\n\n\n\n<p>Au sommaire<\/p>\n<p><strong>Au sommaire<\/strong><\/p>\n<ul>\n<li><a href=\"#concevoir-meubles-durables\">1. Concevoir des meubles durables<\/a><\/li>\n<li><a href=\"#concevoir-meubles-bien-etre\">2. Concevoir des meubles favorisant le bien-\u00eatre<\/a><\/li>\n<li><a href=\"#respecter-environnement-production-distribution\">3. Respecter l&rsquo;environnement lors de la fabrication et de la distribution<\/a><\/li>\n<li><a href=\"#fabriquer-localement\">4. Fabriquer localement<\/a><\/li>\n<\/ul>\n\n\n\n<h2 class=\"wp-block-heading\" id=\"concevoir-meubles-durables\"><strong>1. Concevoir des meubles durables<\/strong><\/h2>\n\n\n\n<p>Le designer de meubles \u00e9co-responsables accorde une grande importance \u00e0 la qualit\u00e9 de la conception. Le mobilier cr\u00e9\u00e9 est pens\u00e9 pour rester durablement dans un int\u00e9rieur. Cela passe par plusieurs m\u00e9thodes. <\/p>\n\n\n\n<ul>\n<li><strong>Des meubles adaptables<\/strong> : le mobilier fabriqu\u00e9 est modulable pour que chaque pi\u00e8ce puisse \u00e9voluer en fonction des nouvelles contraintes rencontr\u00e9es. C&rsquo;est par exemple le cas de la chaise pour enfant \u00e9volutive, du bureau mural pour le t\u00e9l\u00e9travail que l&rsquo;on peut replier, de la table basse que l&rsquo;on peut transformer en table de repas.<\/li>\n<\/ul>\n\n\n\n<ul>\n<li><strong>Des meubles d\u00e9montables est re-montables<\/strong> : les meubles sont con\u00e7us pour pouvoir se d\u00e9monter et se remonter sans difficult\u00e9 et sans qu&rsquo;ils ne perdent leur apparence d&rsquo;origine. Le meuble \u00e9cologique pourra ainsi \u00eatre conserv\u00e9 longtemps et \u00eatre d\u00e9plac\u00e9 d&rsquo;une pi\u00e8ce \u00e0 une autre ou d&rsquo;un lieu \u00e0 un autre suite \u00e0 un d\u00e9m\u00e9nagement. Il pourra \u00eatre transmis dans la famille et perdurer \u00e0 travers les \u00e2ges. Cela passe par des <strong>mat\u00e9riaux \u00e9cologiques<\/strong> et de qualit\u00e9 comme le bois massif et le m\u00e9tal. Cela suppose aussi l&rsquo;utilisation d&rsquo;<strong>assemblages durables<\/strong>. <\/li>\n<\/ul>\n\n\n\n<figure class=\"wp-block-image size-large\"><a href=\"https:\/\/essentia-mobilia.com\/content\/4-qui-sommes-nous#valeurs-essentia-mobilia\"><img loading=\"lazy\" decoding=\"async\" width=\"789\" height=\"361\" src=\"https:\/\/essentia-mobilia.com\/blog\/wp-content\/uploads\/2022\/07\/assemblages-durables.jpg\" alt=\"Slow Design - Des assemblages durables - Essentia MOBILIA\" class=\"wp-image-1328\" srcset=\"https:\/\/essentia-mobilia.com\/blog\/wp-content\/uploads\/2022\/07\/assemblages-durables.jpg 789w, https:\/\/essentia-mobilia.com\/blog\/wp-content\/uploads\/2022\/07\/assemblages-durables-300x137.jpg 300w, https:\/\/essentia-mobilia.com\/blog\/wp-content\/uploads\/2022\/07\/assemblages-durables-768x351.jpg 768w\" sizes=\"(max-width: 789px) 100vw, 789px\" \/><\/a><figcaption class=\"wp-element-caption\">Des assemblages durables &#8211; \u00a9 Essentia MOBILIA<\/figcaption><\/figure>\n\n\n\n<ul>\n<li><strong>Des meubles sur mesure<\/strong> : les meubles con\u00e7us sur mesure correspondent tant fonctionnellement qu&rsquo;esth\u00e9tiquement aux besoins exprim\u00e9s par l&rsquo;utilisateur ou par l&rsquo;architecte d&rsquo;int\u00e9rieur.  Ils sont configur\u00e9s en amont tant en termes de couleurs qu&rsquo;en termes de dimensions ou de finitions. On est ici dans une d\u00e9marche de fabrication unique ou petite s\u00e9rie et non plus de production de masse. C&rsquo;est le cas par exemple de nos <a href=\"https:\/\/essentia-mobilia.com\/etageres-murales-sur-mesure\/130-etagere-murale-metal-sur-mesure-pour-livres-cd-dvd-delta-3701456201795.html\">\u00e9tag\u00e8res murales r\u00e9alis\u00e9es sur mesure<\/a> (dimensions et coloris). <\/li>\n<\/ul>\n\n\n\n<figure class=\"wp-block-image size-large is-resized\"><a href=\"https:\/\/essentia-mobilia.com\/etageres-murales-sur-mesure\/130-etagere-murale-metal-sur-mesure-pour-livres-cd-dvd-delta-3701456201795.html\"><img loading=\"lazy\" decoding=\"async\" width=\"789\" height=\"529\" src=\"https:\/\/essentia-mobilia.com\/blog\/wp-content\/uploads\/2022\/07\/etagere-murale-Delta-sur-mesure-Essentia-MOBILIA.jpg\" alt=\"Slow Design - Etag\u00e8re murale Delta sur mesure Essentia MOBILIA\" class=\"wp-image-1332\" style=\"width:840px;height:auto\" srcset=\"https:\/\/essentia-mobilia.com\/blog\/wp-content\/uploads\/2022\/07\/etagere-murale-Delta-sur-mesure-Essentia-MOBILIA.jpg 789w, https:\/\/essentia-mobilia.com\/blog\/wp-content\/uploads\/2022\/07\/etagere-murale-Delta-sur-mesure-Essentia-MOBILIA-300x201.jpg 300w, https:\/\/essentia-mobilia.com\/blog\/wp-content\/uploads\/2022\/07\/etagere-murale-Delta-sur-mesure-Essentia-MOBILIA-768x515.jpg 768w\" sizes=\"(max-width: 789px) 100vw, 789px\" \/><\/a><figcaption class=\"wp-element-caption\"><a href=\"https:\/\/essentia-mobilia.com\/etageres-murales-sur-mesure\/130-etagere-murale-metal-sur-mesure-pour-livres-cd-dvd-delta-3701456201795.html\">Etag\u00e8re murale Delta sur mesure<\/a> &#8211; \u00a9 Essentia MOBILIA<\/figcaption><\/figure>\n\n\n\n<h2 id=\"concevoir-meubles-bien-etre\"><strong>2. Concevoir des meubles favorisant le bien-\u00eatre<\/strong><\/h2>\n\n\n\n<p>Le mobilier \u00ab\u00a0Slow Design\u00a0\u00bb se veut <strong>propice au bien-\u00eatre<\/strong>. Il s&rsquo;inscrit en r\u00e9sonnance du mouvement  <strong><a href=\"https:\/\/fr.wikipedia.org\/wiki\/Slow_Food\" target=\"_blank\" rel=\"noreferrer noopener\">Slow Food<\/a><\/strong>, du <strong>Slow Travel<\/strong> et du <strong>Slow Fashion<\/strong>. <\/p>\n\n\n\n<ul>\n<li>Le Slow Design induit un <strong>\u00e9quilibre entre les besoins des consommateurs et les modes de production durables<\/strong>. La fabrication se fait \u00e0 l&rsquo;unit\u00e9 ou en petite s\u00e9rie. En en ayant conscience, le propri\u00e9taire du meuble prend plaisir \u00e0 l&rsquo;utiliser. Il \u00e9prouve une satisfaction \u00e0 l&rsquo;exposer et \u00e0 le montrer \u00e0 ses invit\u00e9s. Un lien intime est ainsi cr\u00e9\u00e9 entre le meuble et son propri\u00e9taire. <\/li>\n<\/ul>\n\n\n\n<ul>\n<li>En choisissant et concevant un meuble <strong>selon les besoins<\/strong> de son agencement, en s\u00e9lectionnant des couleurs et teintes <strong>harmonieuses<\/strong> et des <strong>dimensions en ad\u00e9quation<\/strong> avec l&rsquo;espace int\u00e9rieur, le propri\u00e9taire et le d\u00e9corateur d&rsquo;int\u00e9rieur posent les bases d&rsquo;un ameublement appel\u00e9 \u00e0 rester durablement dans un int\u00e9rieur. <\/li>\n<\/ul>\n\n\n\n<ul>\n<li>Visuellement, un mobilier \u00e9co-con\u00e7u se manifeste sous la forme de pi\u00e8ces  <strong>sobres et \u00e9l\u00e9gantes<\/strong>, aux lignes \u00e9pur\u00e9es. Il favorise l&rsquo;ambiance lumineuse avec des mat\u00e9riaux comme le verre et le <a href=\"https:\/\/essentia-mobilia.com\/26-etageres-en-plexiglas-sur-mesure\">plexiglass<\/a>. Un mobilier dans un style minimaliste n&rsquo;est pas qu&rsquo;une tendance d\u00e9co. Il est \u00e0 m\u00eame d\u2019avoir <strong>un impact \u00e9nerg\u00e9tique et environnemental<\/strong> faible lors de sa fabrication tout en cr\u00e9ant une ambiance rassurante, une atmosph\u00e8re propice \u00e0 la s\u00e9r\u00e9nit\u00e9. <\/li>\n<\/ul>\n\n\n\n<figure class=\"wp-block-image size-large is-resized\"><a href=\"https:\/\/essentia-mobilia.com\/bibliotheques-sur-mesure\/135-etagere-transparente-plexiglas-et-metal-sur-mesure-pixel-3701456205564.html\"><img loading=\"lazy\" decoding=\"async\" width=\"789\" height=\"684\" src=\"https:\/\/essentia-mobilia.com\/blog\/wp-content\/uploads\/2022\/07\/Etagere-Pixel-et-Table-basse-Etincelle.jpg\" alt=\"Slow Design - Etag\u00e8re Pixel en plexiglas et Table basse Etincelle en verre Essentia MOBILIA\" class=\"wp-image-1335\" style=\"width:789px;height:auto\" srcset=\"https:\/\/essentia-mobilia.com\/blog\/wp-content\/uploads\/2022\/07\/Etagere-Pixel-et-Table-basse-Etincelle.jpg 789w, https:\/\/essentia-mobilia.com\/blog\/wp-content\/uploads\/2022\/07\/Etagere-Pixel-et-Table-basse-Etincelle-300x260.jpg 300w, https:\/\/essentia-mobilia.com\/blog\/wp-content\/uploads\/2022\/07\/Etagere-Pixel-et-Table-basse-Etincelle-768x666.jpg 768w\" sizes=\"(max-width: 789px) 100vw, 789px\" \/><\/a><figcaption class=\"wp-element-caption\"><a href=\"https:\/\/essentia-mobilia.com\/bibliotheques-sur-mesure\/135-etagere-transparente-plexiglas-et-metal-sur-mesure-pixel-3701456205564.html\">Etag\u00e8re Pixel en plexiglas<\/a> et <a href=\"https:\/\/essentia-mobilia.com\/tables-basses-design\/137-table-basse-ronde-80-a-100-cm-verre-et-metal-sur-mesure-etincelle-3701456203881.html\">Table basse Etincelle en verre<\/a>&#8211; \u00a9 Essentia MOBILIA<\/figcaption><\/figure>\n\n\n\n<h2 class=\"wp-block-heading\" id=\"respecter-environnement-production-distribution\"><strong>3. Respecter l&rsquo;environnement lors de la fabrication et de la distribution<\/strong><\/h2>\n\n\n\n<p>L&rsquo;ensemble du cycle de vie du meuble doit \u00eatre examin\u00e9 d\u00e8s la premi\u00e8re \u00e9bauche et une estimation des impacts sur l&rsquo;environnement doit \u00eatre faite prenant en compte les mat\u00e9riaux, le transport, l&rsquo;\u00e9nergie utilis\u00e9e, la durabilit\u00e9. Proposer un meuble made in France est ainsi une possibilit\u00e9 pour limiter les impacts sur l&rsquo;environnement.  <\/p>\n\n\n\n<ul>\n<li><strong>Empreinte carbone<\/strong> : il est fondamental de chercher \u00e0 baisser l&rsquo;\u00e9mission dite anthropique des gaz \u00e0 effet de serre qui se retrouvent dans l&rsquo;atmosph\u00e8re et r\u00e9duire la production des particules fines nocives pour la sant\u00e9 : cela passe notamment par la r\u00e9duction des distances entre lieu de fabrication des mat\u00e9riaux, lieu de production des meubles et lieu de consommation. <\/li>\n<\/ul>\n\n\n\n<ul>\n<li><strong>Mat\u00e9riaux \u00e9cologiques<\/strong> : le <a href=\"https:\/\/essentia-mobilia.com\/blog\/comment-choisir-un-meuble-eco-responsable\/\">meuble \u00e9co-responsable<\/a> est con\u00e7u avec des mat\u00e9riaux recyclables comme le bois massif et des mat\u00e9riaux fa\u00e7onnables comme l&rsquo;acier et le verre, notamment pour les <a href=\"https:\/\/essentia-mobilia.com\/31-tables-basses-verre-et-metal\">tables basses en verre et m\u00e9tal<\/a>. Les entreprises doivent engager des actions pour pr\u00e9server les ressources et les \u00e9cosyst\u00e8mes par exemple en utilisant du bois naturel de for\u00eats europ\u00e9ennes exploit\u00e9 raisonnablement pour les <a href=\"https:\/\/essentia-mobilia.com\/91-bibliotheques-bois-massif-sur-mesure\">biblioth\u00e8ques en bois massif<\/a>. Les labels <strong>FSC<\/strong> et <strong>PEFC<\/strong> garantissent une gestion \u00e9cologique et durable des for\u00eats d&rsquo;o\u00f9 le bois est extrait. En fin de vie, le meuble peut \u00eatre dans le meilleur des cas r\u00e9utilis\u00e9 et revaloris\u00e9 dans une d\u00e9marche d&rsquo;upcycling (recyclage par le haut) ou de relooking. Sinon les mat\u00e9riaux peuvent \u00eatre d\u00e9pos\u00e9s dans le bac \u00e0 tri d&rsquo;un \u00e9co-organisme pour permettre une valorisation \u00e9nerg\u00e9tique.<\/li>\n<\/ul>\n\n\n\n<figure class=\"wp-block-image size-large\"><a href=\"https:\/\/essentia-mobilia.com\/content\/4-qui-sommes-nous#environnement-eco-responsabilite\"><img loading=\"lazy\" decoding=\"async\" width=\"789\" height=\"436\" src=\"https:\/\/essentia-mobilia.com\/blog\/wp-content\/uploads\/2022\/07\/forets-geres-ecologiquement-Pexels.jpg\" alt=\"Mat\u00e9riaux \u00e9cologiques\" class=\"wp-image-1334\" srcset=\"https:\/\/essentia-mobilia.com\/blog\/wp-content\/uploads\/2022\/07\/forets-geres-ecologiquement-Pexels.jpg 789w, https:\/\/essentia-mobilia.com\/blog\/wp-content\/uploads\/2022\/07\/forets-geres-ecologiquement-Pexels-300x166.jpg 300w, https:\/\/essentia-mobilia.com\/blog\/wp-content\/uploads\/2022\/07\/forets-geres-ecologiquement-Pexels-768x424.jpg 768w\" sizes=\"(max-width: 789px) 100vw, 789px\" \/><\/a><figcaption class=\"wp-element-caption\">Mat\u00e9riaux \u00e9cologiques<\/figcaption><\/figure>\n\n\n\n<h2 class=\"wp-block-heading\" id=\"fabriquer-localement\"><strong>4. Fabriquer localement<\/strong><\/h2>\n\n\n\n<ul>\n<li>Le Slow Design valorise <strong>l&rsquo;artisanat et les savoir-faire locaux<\/strong> plut\u00f4t que la fabrication standardis\u00e9e low cost qui a lieu \u00e0 des milliers de kilom\u00e8tres du lieu de consommation. Les entreprises ayant un savoir faire reconnu comme les EPV (Entreprises du Patrimoine Vivant) sont mises en avant : \u00e9b\u00e9nisterie, taille de pierre, ferronnerie, m\u00e9tallurgie&#8230; Les m\u00e9thodes \u00e9prouv\u00e9es et ancestrales bas\u00e9es sur la <strong>culture locale<\/strong> et sa transmission de g\u00e9n\u00e9ration en g\u00e9n\u00e9ration sont privil\u00e9gi\u00e9es. Faire appel \u00e0 ces savoir-faire permet de <strong>soutenir l&#8217;emploi en r\u00e9gion<\/strong>. Cette d\u00e9marche se traduit par le retour du Made in France dans l&rsquo;ameublement (relocalisation).  <\/li>\n<\/ul>\n\n\n\n<ul>\n<li>Le Slow Design privil\u00e9gie un <strong>contact \u00e9troit et p\u00e9renne<\/strong> entre les commanditaires du meuble et les professionnels charg\u00e9s de la conception et de la production. Les entreprises doivent apporter des r\u00e9ponses rapides et adapt\u00e9es aux demandes sp\u00e9cifiques de ses clients. Elles doivent faire preuve de flexibilit\u00e9 pour r\u00e9pondre \u00e0 la singularit\u00e9 de chaque projet.  Les \u00e9changes se font dans un souci de transparence et de confiance. <\/li>\n<\/ul>\n\n\n\n<ul>\n<li>En prenant le temps d&rsquo;\u00e9laborer des meubles sur mesure aux caract\u00e9ristiques exclusives, les artisans vont pouvoir v\u00e9rifier <strong>la qualit\u00e9 des finitions et des d\u00e9tails<\/strong> tout au long de la fabrication. Ils vont exercer un contr\u00f4le continu favorisant la r\u00e9alisation de <a href=\"https:\/\/essentia-mobilia.com\/\">meubles sur mesure<\/a> de qualit\u00e9.<\/li>\n<\/ul>\n\n\n\n<figure class=\"wp-block-image size-large\"><a href=\"https:\/\/essentia-mobilia.com\/content\/4-qui-sommes-nous#valeurs-essentia-mobilia\"><img loading=\"lazy\" decoding=\"async\" width=\"789\" height=\"596\" src=\"https:\/\/essentia-mobilia.com\/blog\/wp-content\/uploads\/2022\/07\/Realisation-locale-et-personnalisee-\u00a9-Pexels.jpg\" alt=\"R\u00e9alisation locale et personnalis\u00e9e - \u00a9 Pexels\" class=\"wp-image-1330\" srcset=\"https:\/\/essentia-mobilia.com\/blog\/wp-content\/uploads\/2022\/07\/Realisation-locale-et-personnalisee-\u00a9-Pexels.jpg 789w, https:\/\/essentia-mobilia.com\/blog\/wp-content\/uploads\/2022\/07\/Realisation-locale-et-personnalisee-\u00a9-Pexels-300x227.jpg 300w, https:\/\/essentia-mobilia.com\/blog\/wp-content\/uploads\/2022\/07\/Realisation-locale-et-personnalisee-\u00a9-Pexels-768x580.jpg 768w\" sizes=\"(max-width: 789px) 100vw, 789px\" \/><\/a><figcaption class=\"wp-element-caption\">R\u00e9alisation locale et personnalis\u00e9e &#8211; \u00a9 Pexels<\/figcaption><\/figure>\n\n\n\n<p><strong>Vous serez peut \u00eatre aussi int\u00e9ress\u00e9 par ces articles :<\/strong><br><a href=\"https:\/\/essentia-mobilia.com\/blog\/comment-choisir-un-meuble-eco-responsable\/\">Comment choisir un meuble \u00e9co-responsable<\/a><br><a href=\"https:\/\/essentia-mobilia.com\/blog\/5-raisons-de-choisir-une-bibliotheque-en-bois-et-metal\/\">5 raisons de choisir une biblioth\u00e8que en bois et m\u00e9tal<\/a><br><a href=\"https:\/\/essentia-mobilia.com\/blog\/pourquoi-acheter-des-meubles-fabriques-en-france\/\">Pourquoi acheter des meubles fabriqu\u00e9s en France ?<\/a><br><a href=\"https:\/\/essentia-mobilia.com\/blog\/alexis-tricoire-le-designer-du-vegetal\/\">Alexis Tricoire, le designer du v\u00e9g\u00e9tal<\/a><\/p>\n\n\n\n<figure class=\"wp-block-image size-full\"><a href=\"https:\/\/essentia-mobilia.com\/\"><img loading=\"lazy\" decoding=\"async\" width=\"789\" height=\"245\" src=\"https:\/\/essentia-mobilia.com\/blog\/wp-content\/uploads\/2024\/03\/image.jpeg\" alt=\"D\u00e9couvrir Essentia MOBILIA - Collection de meubles personnalisables, durables, made in France\" class=\"wp-image-2207\" srcset=\"https:\/\/essentia-mobilia.com\/blog\/wp-content\/uploads\/2024\/03\/image.jpeg 789w, https:\/\/essentia-mobilia.com\/blog\/wp-content\/uploads\/2024\/03\/image-300x93.jpeg 300w, https:\/\/essentia-mobilia.com\/blog\/wp-content\/uploads\/2024\/03\/image-768x238.jpeg 768w\" sizes=\"(max-width: 789px) 100vw, 789px\" \/><\/a><\/figure>\n\n\n\n<p><br><br><\/p>\n\n\n\n<script type=\"application\/ld+json\">\n{\n\"@context\": \"https:\/\/schema.org\",\n\"@type\": \"FAQPage\",\n\"mainEntity\":\t\n[\n\n\n\n{\"@type\": \"Question\",\n\"name\": \"Quelle est la d\u00e9finition du Slow Design ? \",\n\"acceptedAnswer\": \n{\n\"@type\": \"Answer\",\n\"text\": \" Le Slow Design est un mouvement qui s\u2019inscrit en r\u00e9action \u00e0 la production en grande s\u00e9rie de mobilier dont l'impact social et environnemental est n\u00e9gatif.\nIl inclut 4 actions principales : \n- prendre le temps de dessiner et concevoir des meubles\n- favoriser le bien \u00eatre des utilisateurs\n- respecter l\u2019environnement sur l\u2019ensemble du cycle de vie du meuble\n- valoriser le savoir faire local et les techniques artisanales\"\n}}\n\n\n]\n}\n<\/script>\n","protected":false},"excerpt":{"rendered":"<p>Le Slow Design : qu&rsquo;est-ce que c&rsquo;est ? Le Slow Design est un mouvement initi\u00e9 en 2004 par Alaatair Fuad-Luck, un universitaire d&rsquo;origine anglaise. Ce mouvement s&rsquo;adresse aux designers d&rsquo;objets et de mobilier, soucieux de donner un sens \u00e0 ce qu&rsquo;ils cr\u00e9ent. Ce courant de pens\u00e9e s&rsquo;inscrit en r\u00e9action \u00e0 la production en grande s\u00e9rie [&hellip;]<\/p>\n","protected":false},"author":1,"featured_media":1327,"comment_status":"open","ping_status":"open","sticky":false,"template":"","format":"standard","meta":{"footnotes":""},"categories":[296,294,35,297,295],"tags":[],"yoast_head":"<!-- This site is optimized with the Yoast SEO plugin v15.0 - https:\/\/yoast.com\/wordpress\/plugins\/seo\/ -->\n<title>Le Slow Design : qu&#039;est-ce que c&#039;est ?<\/title>\n<meta name=\"description\" content=\"Comment d\u00e9finir le Slow Design ? 4 caract\u00e9ristiques cl\u00e9s \u00e0 consid\u00e9rer : durabilit\u00e9, bien \u00eatre, respect de l&#039;environnement, fabrication locale\" \/>\n<meta name=\"robots\" content=\"index, follow, max-snippet:-1, max-image-preview:large, max-video-preview:-1\" \/>\n<link rel=\"canonical\" href=\"https:\/\/essentia-mobilia.com\/blog\/le-slow-design-quest-ce-que-cest\/\" \/>\n<meta property=\"og:locale\" content=\"fr_FR\" \/>\n<meta property=\"og:type\" content=\"article\" \/>\n<meta property=\"og:title\" content=\"Le Slow Design : qu&#039;est-ce que c&#039;est ?\" \/>\n<meta property=\"og:description\" content=\"Comment d\u00e9finir le Slow Design ? 4 caract\u00e9ristiques cl\u00e9s \u00e0 consid\u00e9rer : durabilit\u00e9, bien \u00eatre, respect de l&#039;environnement, fabrication locale\" \/>\n<meta property=\"og:url\" content=\"https:\/\/essentia-mobilia.com\/blog\/le-slow-design-quest-ce-que-cest\/\" \/>\n<meta property=\"og:site_name\" content=\"Blog d\u00e9coration et design de Essentia MOBILIA\" \/>\n<meta property=\"article:publisher\" content=\"https:\/\/www.facebook.com\/EssentiaMobilia\" \/>\n<meta property=\"article:published_time\" content=\"2022-07-04T10:49:34+00:00\" \/>\n<meta property=\"article:modified_time\" content=\"2026-02-13T15:39:55+00:00\" \/>\n<meta property=\"og:image\" content=\"https:\/\/essentia-mobilia.com\/blog\/wp-content\/uploads\/2022\/07\/un-salon-slow-design-matieres-naturelles-bois-metal.jpg\" \/>\n\t<meta property=\"og:image:width\" content=\"789\" \/>\n\t<meta property=\"og:image:height\" content=\"509\" \/>\n<meta name=\"twitter:card\" content=\"summary_large_image\" \/>\n<script type=\"application\/ld+json\" class=\"yoast-schema-graph\">{\"@context\":\"https:\/\/schema.org\",\"@graph\":[{\"@type\":\"Organization\",\"@id\":\"https:\/\/essentia-mobilia.com\/blog\/#organization\",\"name\":\"Essentia MOBILIA\",\"url\":\"https:\/\/essentia-mobilia.com\/blog\/\",\"sameAs\":[\"https:\/\/www.facebook.com\/EssentiaMobilia\",\"https:\/\/www.instagram.com\/essentiamobilia\/\",\"https:\/\/fr.pinterest.com\/essentia_mobilia\/\"],\"logo\":{\"@type\":\"ImageObject\",\"@id\":\"https:\/\/essentia-mobilia.com\/blog\/#logo\",\"inLanguage\":\"fr-FR\",\"url\":\"https:\/\/essentia-mobilia.com\/blog\/wp-content\/uploads\/2023\/12\/cropped-essentia-mobilia-logo.jpg\",\"width\":171,\"height\":73,\"caption\":\"Essentia MOBILIA\"},\"image\":{\"@id\":\"https:\/\/essentia-mobilia.com\/blog\/#logo\"}},{\"@type\":\"WebSite\",\"@id\":\"https:\/\/essentia-mobilia.com\/blog\/#website\",\"url\":\"https:\/\/essentia-mobilia.com\/blog\/\",\"name\":\"Blog d\\u00e9coration et design de Essentia MOBILIA\",\"description\":\"\",\"publisher\":{\"@id\":\"https:\/\/essentia-mobilia.com\/blog\/#organization\"},\"potentialAction\":[{\"@type\":\"SearchAction\",\"target\":\"https:\/\/essentia-mobilia.com\/blog\/?s={search_term_string}\",\"query-input\":\"required name=search_term_string\"}],\"inLanguage\":\"fr-FR\"},{\"@type\":\"ImageObject\",\"@id\":\"https:\/\/essentia-mobilia.com\/blog\/le-slow-design-quest-ce-que-cest\/#primaryimage\",\"inLanguage\":\"fr-FR\",\"url\":\"https:\/\/essentia-mobilia.com\/blog\/wp-content\/uploads\/2022\/07\/un-salon-slow-design-matieres-naturelles-bois-metal.jpg\",\"width\":789,\"height\":509,\"caption\":\"Salon Slow Design - Essentia Mobilia\"},{\"@type\":\"WebPage\",\"@id\":\"https:\/\/essentia-mobilia.com\/blog\/le-slow-design-quest-ce-que-cest\/#webpage\",\"url\":\"https:\/\/essentia-mobilia.com\/blog\/le-slow-design-quest-ce-que-cest\/\",\"name\":\"Le Slow Design : qu'est-ce que c'est ?\",\"isPartOf\":{\"@id\":\"https:\/\/essentia-mobilia.com\/blog\/#website\"},\"primaryImageOfPage\":{\"@id\":\"https:\/\/essentia-mobilia.com\/blog\/le-slow-design-quest-ce-que-cest\/#primaryimage\"},\"datePublished\":\"2022-07-04T10:49:34+00:00\",\"dateModified\":\"2026-02-13T15:39:55+00:00\",\"description\":\"Comment d\\u00e9finir le Slow Design ? 4 caract\\u00e9ristiques cl\\u00e9s \\u00e0 consid\\u00e9rer : durabilit\\u00e9, bien \\u00eatre, respect de l'environnement, fabrication locale\",\"breadcrumb\":{\"@id\":\"https:\/\/essentia-mobilia.com\/blog\/le-slow-design-quest-ce-que-cest\/#breadcrumb\"},\"inLanguage\":\"fr-FR\",\"potentialAction\":[{\"@type\":\"ReadAction\",\"target\":[\"https:\/\/essentia-mobilia.com\/blog\/le-slow-design-quest-ce-que-cest\/\"]}]},{\"@type\":\"BreadcrumbList\",\"@id\":\"https:\/\/essentia-mobilia.com\/blog\/le-slow-design-quest-ce-que-cest\/#breadcrumb\",\"itemListElement\":[{\"@type\":\"ListItem\",\"position\":1,\"item\":{\"@type\":\"WebPage\",\"@id\":\"https:\/\/essentia-mobilia.com\/blog\/\",\"url\":\"https:\/\/essentia-mobilia.com\/blog\/\",\"name\":\"Accueil\"}},{\"@type\":\"ListItem\",\"position\":2,\"item\":{\"@type\":\"WebPage\",\"@id\":\"https:\/\/essentia-mobilia.com\/blog\/le-slow-design-quest-ce-que-cest\/\",\"url\":\"https:\/\/essentia-mobilia.com\/blog\/le-slow-design-quest-ce-que-cest\/\",\"name\":\"Le Slow Design : qu&rsquo;est-ce que c&rsquo;est ?\"}}]},{\"@type\":\"Article\",\"@id\":\"https:\/\/essentia-mobilia.com\/blog\/le-slow-design-quest-ce-que-cest\/#article\",\"isPartOf\":{\"@id\":\"https:\/\/essentia-mobilia.com\/blog\/le-slow-design-quest-ce-que-cest\/#webpage\"},\"author\":{\"@id\":\"https:\/\/essentia-mobilia.com\/blog\/#\/schema\/person\/f06deeaf73a4baf06738372a688cf68a\"},\"headline\":\"Le Slow Design : qu&rsquo;est-ce que c&rsquo;est ?\",\"datePublished\":\"2022-07-04T10:49:34+00:00\",\"dateModified\":\"2026-02-13T15:39:55+00:00\",\"mainEntityOfPage\":{\"@id\":\"https:\/\/essentia-mobilia.com\/blog\/le-slow-design-quest-ce-que-cest\/#webpage\"},\"commentCount\":0,\"publisher\":{\"@id\":\"https:\/\/essentia-mobilia.com\/blog\/#organization\"},\"image\":{\"@id\":\"https:\/\/essentia-mobilia.com\/blog\/le-slow-design-quest-ce-que-cest\/#primaryimage\"},\"articleSection\":\"Biblioth\\u00e8ques design,Etag\\u00e8res murales design,Made in France,Meubles sur mesure,Tables basses design et d\\u00e9co\",\"inLanguage\":\"fr-FR\",\"potentialAction\":[{\"@type\":\"CommentAction\",\"name\":\"Comment\",\"target\":[\"https:\/\/essentia-mobilia.com\/blog\/le-slow-design-quest-ce-que-cest\/#respond\"]}]},{\"@type\":\"Person\",\"@id\":\"https:\/\/essentia-mobilia.com\/blog\/#\/schema\/person\/f06deeaf73a4baf06738372a688cf68a\",\"name\":\"myessentiamobilia\",\"image\":{\"@type\":\"ImageObject\",\"@id\":\"https:\/\/essentia-mobilia.com\/blog\/#personlogo\",\"inLanguage\":\"fr-FR\",\"url\":\"https:\/\/secure.gravatar.com\/avatar\/bec63f027f1251faa237003116590784?s=96&d=mm&r=g\",\"caption\":\"myessentiamobilia\"},\"description\":\"A travers ce blog, je partage mes conseils de design et d\\u00e9coration int\\u00e9rieure.\"}]}<\/script>\n<!-- \/ Yoast SEO plugin. -->","_links":{"self":[{"href":"https:\/\/essentia-mobilia.com\/blog\/wp-json\/wp\/v2\/posts\/1306"}],"collection":[{"href":"https:\/\/essentia-mobilia.com\/blog\/wp-json\/wp\/v2\/posts"}],"about":[{"href":"https:\/\/essentia-mobilia.com\/blog\/wp-json\/wp\/v2\/types\/post"}],"author":[{"embeddable":true,"href":"https:\/\/essentia-mobilia.com\/blog\/wp-json\/wp\/v2\/users\/1"}],"replies":[{"embeddable":true,"href":"https:\/\/essentia-mobilia.com\/blog\/wp-json\/wp\/v2\/comments?post=1306"}],"version-history":[{"count":40,"href":"https:\/\/essentia-mobilia.com\/blog\/wp-json\/wp\/v2\/posts\/1306\/revisions"}],"predecessor-version":[{"id":3454,"href":"https:\/\/essentia-mobilia.com\/blog\/wp-json\/wp\/v2\/posts\/1306\/revisions\/3454"}],"wp:featuredmedia":[{"embeddable":true,"href":"https:\/\/essentia-mobilia.com\/blog\/wp-json\/wp\/v2\/media\/1327"}],"wp:attachment":[{"href":"https:\/\/essentia-mobilia.com\/blog\/wp-json\/wp\/v2\/media?parent=1306"}],"wp:term":[{"taxonomy":"category","embeddable":true,"href":"https:\/\/essentia-mobilia.com\/blog\/wp-json\/wp\/v2\/categories?post=1306"},{"taxonomy":"post_tag","embeddable":true,"href":"https:\/\/essentia-mobilia.com\/blog\/wp-json\/wp\/v2\/tags?post=1306"}],"curies":[{"name":"wp","href":"https:\/\/api.w.org\/{rel}","templated":true}]}}